{"id":67603,"date":"2026-09-05T19:42:43","date_gmt":"2026-09-05T19:42:43","guid":{"rendered":"https:\/\/acronoticias.com\/index.php\/2026\/09\/05\/ministerio-de-cultura-formaliza-alianza-de-cooperacion-con-el-cleveland-institute\/"},"modified":"2026-09-05T19:42:43","modified_gmt":"2026-09-05T19:42:43","slug":"ministerio-de-cultura-formaliza-alianza-de-cooperacion-con-el-cleveland-institute","status":"publish","type":"post","link":"https:\/\/acronoticias.com\/index.php\/2026\/09\/05\/ministerio-de-cultura-formaliza-alianza-de-cooperacion-con-el-cleveland-institute\/","title":{"rendered":"Ministerio de Cultura formaliza alianza de cooperaci\u00f3n con el Cleveland Institute"},"content":{"rendered":"<p><img decoding=\"async\" width=\"355\" height=\"200\" src=\"https:\/\/nuevodiario-assets.s3.us-east-2.amazonaws.com\/wp-content\/uploads\/2026\/09\/Ministerio-de-Cultura-formaliza-alianza-de-cooperacion-con-el-Cleveland-Institute-3-355x200.jpeg\" class=\"webfeedsFeaturedVisual wp-post-image\" alt=\"\" style=\"display: block;margin-bottom: 5px;clear:both;max-width: 100%\" loading=\"lazy\" \/><\/p>\n<p>EL NUEVO DIARIO, SANTO DOMINGO.- El Ministerio de Cultura inform\u00f3 este s\u00e1bado que formaliz\u00f3 una alianza de cooperaci\u00f3n con el Cleveland Institute of Music (CIM), una de las principales instituciones de educaci\u00f3n musical de Estados Unidos.<\/p>\n<p>La iniciativa busca ampliar las oportunidades de formaci\u00f3n de estudiantes y docentes, fortalecer las capacidades acad\u00e9micas y art\u00edsticas del Conservatorio y promover el intercambio de conocimientos, experiencias y pr\u00e1cticas musicales entre ambas instituciones.<\/p>\n<p>El acuerdo fue rubricado durante una ceremonia que tuvo lugar el d\u00eda de hoy en Cleveland, seguida de un concierto de celebraci\u00f3n, actos encabezados por el ministro de Cultura, Roberto \u00c1ngel Salcedo, quien estuvo acompa\u00f1ado por el viceministro de Creatividad y Formaci\u00f3n Art\u00edstica, Amaury S\u00e1nchez.<\/p>\n<figure id=\"attachment_3266429\" aria-describedby=\"caption-attachment-3266429\" style=\"width: 1187px\" class=\"wp-caption alignnone\"><img loading=\"lazy\" decoding=\"async\" data-recalc-dims=\"1\" class=\"size-full wp-image-3266429\" src=\"https:\/\/i0.wp.com\/nuevodiario-assets.s3.us-east-2.amazonaws.com\/wp-content\/uploads\/2026\/09\/Ministerio-de-Cultura-formaliza-alianza-de-cooperacion-con-el-Cleveland-Institute-1.jpeg?resize=640%2C863&quality=100&ssl=1\" alt=\"\" width=\"640\" height=\"863\" \/><figcaption id=\"caption-attachment-3266429\" class=\"wp-caption-text\"><em><strong>(Foto: Comunicaciones Ministerio de Cultura)<\/strong><\/em><\/figcaption><\/figure>\n<p>Por el CIM participaron su presidente y director ejecutivo, Paul Hogle; el vicepresidente ejecutivo y rector, Scott Harrison; la decana Jennifer Call, y el profesor distinguido de piano Antonio Pompa-Baldi.<\/p>\n<p>De acuerdo a una nota de prensa, la alianza contempla el intercambio de docentes, estudiantes y programas acad\u00e9micos, as\u00ed como la exploraci\u00f3n de nuevas oportunidades para que j\u00f3venes m\u00fasicos dominicanos puedan continuar su formaci\u00f3n en el CIM.<\/p>\n<figure id=\"attachment_3266426\" aria-describedby=\"caption-attachment-3266426\" style=\"width: 1600px\" class=\"wp-caption alignnone\"><img loading=\"lazy\" decoding=\"async\" data-recalc-dims=\"1\" class=\"size-full wp-image-3266426\" src=\"https:\/\/i0.wp.com\/nuevodiario-assets.s3.us-east-2.amazonaws.com\/wp-content\/uploads\/2026\/09\/Ministerio-de-Cultura-formaliza-alianza-de-cooperacion-con-el-Cleveland-Institute-2.jpeg?resize=640%2C426&quality=100&ssl=1\" alt=\"\" width=\"640\" height=\"426\" \/><figcaption id=\"caption-attachment-3266426\" class=\"wp-caption-text\"><em><strong>(Foto: Comunicaciones Ministerio de Cultura)<\/strong><\/em><\/figcaption><\/figure>\n<p>Durante el acto, Hogle destac\u00f3 el potencial de esta colaboraci\u00f3n para generar oportunidades de mentor\u00eda y crecimiento art\u00edstico para j\u00f3venes m\u00fasicos de ambos pa\u00edses.<\/p>\n<p>Con esta iniciativa, el Ministerio de Cultura reafirma su compromiso de elevar la calidad de la educaci\u00f3n art\u00edstica, ampliar la formaci\u00f3n especializada y crear nuevas oportunidades para el desarrollo de los talentos musicales dominicanos.<\/p>\n<p>La entrada <a href=\"https:\/\/elnuevodiario.com.do\/ministerio-de-cultura-formaliza-alianza-de-cooperacion-con-el-cleveland-institute\/\">Ministerio de Cultura formaliza alianza de cooperaci\u00f3n con el Cleveland Institute<\/a> se public\u00f3 primero en <a href=\"https:\/\/elnuevodiario.com.do\">El Nuevo Diario (Rep\u00fablica Dominicana)<\/a>.<\/p>\n","protected":false},"excerpt":{"rendered":"EL NUEVO DIARIO, SANTO DOMINGO.- El Ministerio de Cultura inform\u00f3 este s\u00e1bado&hellip;\n","protected":false},"author":1,"featured_media":67604,"comment_status":"open","ping_status":"open","sticky":false,"template":"","format":"standard","meta":{"footnotes":""},"categories":[1],"tags":[],"class_list":["post-67603","post","type-post","status-publish","format-standard","has-post-thumbnail","category-nacionales"],"_links":{"self":[{"href":"https:\/\/acronoticias.com\/index.php\/wp-json\/wp\/v2\/posts\/67603","targetHints":{"allow":["GET"]}}],"collection":[{"href":"https:\/\/acronoticias.com\/index.php\/wp-json\/wp\/v2\/posts"}],"about":[{"href":"https:\/\/acronoticias.com\/index.php\/wp-json\/wp\/v2\/types\/post"}],"author":[{"embeddable":true,"href":"https:\/\/acronoticias.com\/index.php\/wp-json\/wp\/v2\/users\/1"}],"replies":[{"embeddable":true,"href":"https:\/\/acronoticias.com\/index.php\/wp-json\/wp\/v2\/comments?post=67603"}],"version-history":[{"count":0,"href":"https:\/\/acronoticias.com\/index.php\/wp-json\/wp\/v2\/posts\/67603\/revisions"}],"wp:featuredmedia":[{"embeddable":true,"href":"https:\/\/acronoticias.com\/index.php\/wp-json\/wp\/v2\/media\/67604"}],"wp:attachment":[{"href":"https:\/\/acronoticias.com\/index.php\/wp-json\/wp\/v2\/media?parent=67603"}],"wp:term":[{"taxonomy":"category","embeddable":true,"href":"https:\/\/acronoticias.com\/index.php\/wp-json\/wp\/v2\/categories?post=67603"},{"taxonomy":"post_tag","embeddable":true,"href":"https:\/\/acronoticias.com\/index.php\/wp-json\/wp\/v2\/tags?post=67603"}],"curies":[{"name":"wp","href":"https:\/\/api.w.org\/{rel}","templated":true}]}}