{"id":67601,"date":"2026-09-05T19:26:55","date_gmt":"2026-09-05T19:26:55","guid":{"rendered":"https:\/\/acronoticias.com\/index.php\/2026\/09\/05\/joan-leyva-sobre-juan-garrigo-mejia-esta-dando-catedra-de-lo-que-es-hacer-politica\/"},"modified":"2026-09-05T19:26:55","modified_gmt":"2026-09-05T19:26:55","slug":"joan-leyva-sobre-juan-garrigo-mejia-esta-dando-catedra-de-lo-que-es-hacer-politica","status":"publish","type":"post","link":"https:\/\/acronoticias.com\/index.php\/2026\/09\/05\/joan-leyva-sobre-juan-garrigo-mejia-esta-dando-catedra-de-lo-que-es-hacer-politica\/","title":{"rendered":"Joan Leyva sobre Juan Garrig\u00f3 Mej\u00eda: \u201cEst\u00e1 dando c\u00e1tedra de lo que es hacer pol\u00edtica\u201d"},"content":{"rendered":"<p><img decoding=\"async\" width=\"355\" height=\"200\" src=\"https:\/\/nuevodiario-assets.s3.us-east-2.amazonaws.com\/wp-content\/uploads\/2024\/11\/23133544\/WhatsApp-Image-2024-11-23-at-11.05.19-AM-355x200.jpeg\" class=\"webfeedsFeaturedVisual wp-post-image\" alt=\"\" style=\"display: block;margin-bottom: 5px;clear:both;max-width: 100%\" loading=\"lazy\" \/><\/p>\n<p>EL NUEVO DIARIO, SANTO DOMINGO.- El comunicador y analista pol\u00edtico Joan Leyva consider\u00f3 que Juan Garrig\u00f3 Mej\u00eda est\u00e1 dando una c\u00e1tedra a la clase pol\u00edtica dominicana tras renunciar a su cargo como viceministro de Gesti\u00f3n Social y Comunitaria para dedicarse al fortalecimiento del Partido Revolucionario Moderno (PRM), como secretario general de esa organizaci\u00f3n.<\/p>\n<p>Leyva valor\u00f3 la decisi\u00f3n de Garrig\u00f3 Mej\u00eda de desprenderse de un cargo dentro del Poder Ejecutivo para concentrarse en el trabajo pol\u00edtico y mantener una mayor cercan\u00eda con las bases del partido.<\/p>\n<p>Manifest\u00f3 que Garrig\u00f3 Mej\u00eda le est\u00e1 dando una lecci\u00f3n a quienes pretenden hacer pol\u00edtica desde las organizaciones partidarias sin asumir el sacrificio y el desprendimiento que requiere el ejercicio pol\u00edtico.<\/p>\n<p>\u201cJuan se le ha puesto inc\u00f3modo a todos los que quieren hacer pol\u00edtica desde los partidos sin el desprendimiento y el sacrificio que amerita ser pol\u00edtico en un pa\u00eds como este\u201d, expres\u00f3.<\/p>\n<p>Durante la conducci\u00f3n del programa \u201cEncuentro del S\u00e1bado\u201d, que transmite la plataforma digital El Nuevo Diario TV, cuestion\u00f3 a los dirigentes que constantemente hablan sobre \u00e9tica y transparencia, pero les cuesta demostrar con hechos su disposici\u00f3n a desprenderse de las posiciones y beneficios que ofrece el poder.<\/p>\n<p>(Ver programa).<\/p>\n<div class=\"jetpack-video-wrapper\"><\/div>\n<p>\u201cYo voy a ver ahora a los que andan hablando de pol\u00edtica, de \u00e9tica y transparencia, si van a tener el valor de desprenderse de las mieles del poder\u201d, manifest\u00f3.<\/p>\n<p>Leyva sostuvo que en la Rep\u00fablica Dominicana existen dirigentes cuya influencia pol\u00edtica depende, en gran medida, de la capacidad que tienen para gestionar favores desde las posiciones p\u00fablicas que ocupan.<\/p>\n<p>En contraste, destac\u00f3 que Garrig\u00f3 Mej\u00eda, a sus 31 a\u00f1os, ha decidido renunciar a su cargo gubernamental para dedicarse de lleno al fortalecimiento institucional y pol\u00edtico del PRM.<\/p>\n<p>\u201cHoy un muchacho de 31 a\u00f1os est\u00e1 dando c\u00e1tedra de lo que es hacer pol\u00edtica con sentimiento, con visi\u00f3n y con convicci\u00f3n; de lo que es hacer pol\u00edtica institucional, con desapego total al Poder Ejecutivo\u201d, afirm\u00f3.<\/p>\n<p>Leyva consider\u00f3 que los partidos pol\u00edticos necesitan dirigentes que se mantengan en contacto permanente con sus bases y con la esencia de las organizaciones, en lugar de limitar su actividad pol\u00edtica a las posiciones que ocupan dentro del Gobierno.<\/p>\n<p>La entrada <a href=\"https:\/\/elnuevodiario.com.do\/joan-leyva-sobre-juan-garrigo-mejia-esta-dando-catedra-de-lo-que-es-hacer-politica\/\">Joan Leyva sobre Juan Garrig\u00f3 Mej\u00eda: \u201cEst\u00e1 dando c\u00e1tedra de lo que es hacer pol\u00edtica\u201d<\/a> se public\u00f3 primero en <a href=\"https:\/\/elnuevodiario.com.do\">El Nuevo Diario (Rep\u00fablica Dominicana)<\/a>.<\/p>\n","protected":false},"excerpt":{"rendered":"EL NUEVO DIARIO, SANTO DOMINGO.- El comunicador y analista pol\u00edtico Joan Leyva&hellip;\n","protected":false},"author":1,"featured_media":67602,"comment_status":"open","ping_status":"open","sticky":false,"template":"","format":"standard","meta":{"footnotes":""},"categories":[1],"tags":[],"class_list":["post-67601","post","type-post","status-publish","format-standard","has-post-thumbnail","category-nacionales"],"_links":{"self":[{"href":"https:\/\/acronoticias.com\/index.php\/wp-json\/wp\/v2\/posts\/67601","targetHints":{"allow":["GET"]}}],"collection":[{"href":"https:\/\/acronoticias.com\/index.php\/wp-json\/wp\/v2\/posts"}],"about":[{"href":"https:\/\/acronoticias.com\/index.php\/wp-json\/wp\/v2\/types\/post"}],"author":[{"embeddable":true,"href":"https:\/\/acronoticias.com\/index.php\/wp-json\/wp\/v2\/users\/1"}],"replies":[{"embeddable":true,"href":"https:\/\/acronoticias.com\/index.php\/wp-json\/wp\/v2\/comments?post=67601"}],"version-history":[{"count":0,"href":"https:\/\/acronoticias.com\/index.php\/wp-json\/wp\/v2\/posts\/67601\/revisions"}],"wp:featuredmedia":[{"embeddable":true,"href":"https:\/\/acronoticias.com\/index.php\/wp-json\/wp\/v2\/media\/67602"}],"wp:attachment":[{"href":"https:\/\/acronoticias.com\/index.php\/wp-json\/wp\/v2\/media?parent=67601"}],"wp:term":[{"taxonomy":"category","embeddable":true,"href":"https:\/\/acronoticias.com\/index.php\/wp-json\/wp\/v2\/categories?post=67601"},{"taxonomy":"post_tag","embeddable":true,"href":"https:\/\/acronoticias.com\/index.php\/wp-json\/wp\/v2\/tags?post=67601"}],"curies":[{"name":"wp","href":"https:\/\/api.w.org\/{rel}","templated":true}]}}