{"id":67591,"date":"2026-09-05T18:38:35","date_gmt":"2026-09-05T18:38:35","guid":{"rendered":"https:\/\/acronoticias.com\/index.php\/2026\/09\/05\/comunicador-llama-a-fortalecer-dialogo-para-enfrentar-la-violencia-y-resolver-los-conflictos-sociales\/"},"modified":"2026-09-05T18:38:35","modified_gmt":"2026-09-05T18:38:35","slug":"comunicador-llama-a-fortalecer-dialogo-para-enfrentar-la-violencia-y-resolver-los-conflictos-sociales","status":"publish","type":"post","link":"https:\/\/acronoticias.com\/index.php\/2026\/09\/05\/comunicador-llama-a-fortalecer-dialogo-para-enfrentar-la-violencia-y-resolver-los-conflictos-sociales\/","title":{"rendered":"Comunicador llama a fortalecer di\u00e1logo para enfrentar la violencia y resolver los conflictos sociales"},"content":{"rendered":"<p><img loading=\"lazy\" decoding=\"async\" width=\"355\" height=\"200\" src=\"https:\/\/nuevodiario-assets.s3.us-east-2.amazonaws.com\/wp-content\/uploads\/2026\/08\/WhatsApp-Image-2026-08-01-at-8.10.47-PM-355x200.jpeg\" class=\"webfeedsFeaturedVisual wp-post-image\" alt=\"\" style=\"display: block;margin-bottom: 5px;clear:both;max-width: 100%\" \/><\/p>\n<p>EL NUEVO DIARIO, SANTO DOMINGO.- El comunicador Julio Castro hizo un llamado a la sociedad a fortalecer el di\u00e1logo y el trato franco como principales herramientas para resolver los conflictos y evitar que las diferencias deriven en situaciones de violencia.<\/p>\n<p>Al reflexionar sobre diversos hechos relacionados con el comportamiento humano, Castro expres\u00f3 su preocupaci\u00f3n por los casos de violencia extrema y violencia de pareja que se han registrado, algunos de ellos motivados por los celos y las sospechas de infidelidad.<\/p>\n<p>Durante la conducci\u00f3n del programa \u201cAn\u00e1lisis y S\u00edntesis\u201d, que transmite la plataforma digital El Nuevo Diario TV, el comunicador consider\u00f3 que este consider\u00f3 que este tipo de situaciones debe llevar a una reflexi\u00f3n sobre la manera en que las personas enfrentan los conflictos y las contradicciones que surgen en sus relaciones personales y en los diferentes espacios de convivencia.<\/p>\n<p>(Ver programa).<\/p>\n<div class=\"jetpack-video-wrapper\"><\/div>\n<p>\u201cExiste el di\u00e1logo y el trato franco, con los que debemos dirimir las situaciones de conflicto y contradicci\u00f3n en el espacio laboral, en el espacio del hogar, en el espacio social y en la convivencia y la cotidianidad\u201d, manifest\u00f3.<\/p>\n<p>Castro sostuvo que las situaciones de violencia extrema demuestran la necesidad de promover una mayor comunicaci\u00f3n entre las personas y buscar mecanismos adecuados para manejar las diferencias antes de que estas se conviertan en conductas que puedan causar da\u00f1os f\u00edsicos o emocionales.<\/p>\n<p>En ese sentido, consider\u00f3 necesario llevar este tipo de reflexiones a la colectividad, debido a que el comportamiento humano est\u00e1 influenciado constantemente por las emociones, los pensamientos y las experiencias que se producen en la din\u00e1mica cotidiana.<\/p>\n<p>Explic\u00f3 que las personas enfrentan diariamente encuentros y desencuentros en distintos espacios, ya sea en el hogar, en las relaciones sociales o en el \u00e1mbito laboral, por lo que destac\u00f3 la importancia de aprender a manejar esas situaciones mediante la comunicaci\u00f3n.<\/p>\n<p>Asimismo, se\u00f1al\u00f3 que muchas de las tensiones que experimentan las personas se van acumulando y pueden afectar su comportamiento y bienestar emocional, especialmente cuando no encuentran espacios adecuados para expresar sus inconformidades o resolver sus diferencias.<\/p>\n<p>Pronunci\u00f3 que la convivencia humana requiere de una mayor disposici\u00f3n al entendimiento, al di\u00e1logo y al trato respetuoso, como v\u00edas para evitar que los conflictos cotidianos escalen hacia situaciones de violencia.<\/p>\n<p>La entrada <a href=\"https:\/\/elnuevodiario.com.do\/comunicador-llama-a-fortalecer-dialogo-para-enfrentar-la-violencia-y-resolver-los-conflictos-sociales\/\">Comunicador llama a fortalecer di\u00e1logo para enfrentar la violencia y resolver los conflictos sociales<\/a> se public\u00f3 primero en <a href=\"https:\/\/elnuevodiario.com.do\">El Nuevo Diario (Rep\u00fablica Dominicana)<\/a>.<\/p>\n","protected":false},"excerpt":{"rendered":"EL NUEVO DIARIO, SANTO DOMINGO.- El comunicador Julio Castro hizo un llamado&hellip;\n","protected":false},"author":1,"featured_media":67592,"comment_status":"open","ping_status":"open","sticky":false,"template":"","format":"standard","meta":{"footnotes":""},"categories":[1],"tags":[],"class_list":["post-67591","post","type-post","status-publish","format-standard","has-post-thumbnail","category-nacionales"],"_links":{"self":[{"href":"https:\/\/acronoticias.com\/index.php\/wp-json\/wp\/v2\/posts\/67591","targetHints":{"allow":["GET"]}}],"collection":[{"href":"https:\/\/acronoticias.com\/index.php\/wp-json\/wp\/v2\/posts"}],"about":[{"href":"https:\/\/acronoticias.com\/index.php\/wp-json\/wp\/v2\/types\/post"}],"author":[{"embeddable":true,"href":"https:\/\/acronoticias.com\/index.php\/wp-json\/wp\/v2\/users\/1"}],"replies":[{"embeddable":true,"href":"https:\/\/acronoticias.com\/index.php\/wp-json\/wp\/v2\/comments?post=67591"}],"version-history":[{"count":0,"href":"https:\/\/acronoticias.com\/index.php\/wp-json\/wp\/v2\/posts\/67591\/revisions"}],"wp:featuredmedia":[{"embeddable":true,"href":"https:\/\/acronoticias.com\/index.php\/wp-json\/wp\/v2\/media\/67592"}],"wp:attachment":[{"href":"https:\/\/acronoticias.com\/index.php\/wp-json\/wp\/v2\/media?parent=67591"}],"wp:term":[{"taxonomy":"category","embeddable":true,"href":"https:\/\/acronoticias.com\/index.php\/wp-json\/wp\/v2\/categories?post=67591"},{"taxonomy":"post_tag","embeddable":true,"href":"https:\/\/acronoticias.com\/index.php\/wp-json\/wp\/v2\/tags?post=67591"}],"curies":[{"name":"wp","href":"https:\/\/api.w.org\/{rel}","templated":true}]}}