{"id":67589,"date":"2026-09-05T18:22:34","date_gmt":"2026-09-05T18:22:34","guid":{"rendered":"https:\/\/acronoticias.com\/index.php\/2026\/09\/05\/gobierno-inicia-construccion-de-14-5-kilometros-de-verja-perimetral-fronteriza-en-jimani\/"},"modified":"2026-09-05T18:22:34","modified_gmt":"2026-09-05T18:22:34","slug":"gobierno-inicia-construccion-de-14-5-kilometros-de-verja-perimetral-fronteriza-en-jimani","status":"publish","type":"post","link":"https:\/\/acronoticias.com\/index.php\/2026\/09\/05\/gobierno-inicia-construccion-de-14-5-kilometros-de-verja-perimetral-fronteriza-en-jimani\/","title":{"rendered":"Gobierno inicia construcci\u00f3n de 14.5 kil\u00f3metros de verja perimetral fronteriza en Jiman\u00ed"},"content":{"rendered":"<p><img decoding=\"async\" width=\"355\" height=\"200\" src=\"https:\/\/nuevodiario-assets.s3.us-east-2.amazonaws.com\/wp-content\/uploads\/2026\/09\/Inicio-de-construccion-verja-perimetral-355x200.jpeg\" class=\"webfeedsFeaturedVisual wp-post-image\" alt=\"\" style=\"display: block;margin-bottom: 5px;clear:both;max-width: 100%\" loading=\"lazy\" \/><\/p>\n<p>EL NUEVO DIARIO, JIMAN\u00cd.\u2013 El Gobierno del presidente Luis Abinader, a trav\u00e9s del Ministerio de Defensa (MIDE), dej\u00f3 iniciada la construcci\u00f3n de 14.5 kil\u00f3metros correspondientes a la segunda etapa de la verja perimetral fronteriza en Jiman\u00ed, provincia Independencia, una obra de alto valor estrat\u00e9gico que ampliar\u00e1 las capacidades del Estado dominicano para proteger el territorio nacional, fortalecer la seguridad fronteriza y garantizar un mayor control en uno de los puntos de mayor importancia de la frontera con Hait\u00ed.<\/p>\n<p><img loading=\"lazy\" decoding=\"async\" data-recalc-dims=\"1\" class=\"alignnone size-full wp-image-3266367\" src=\"https:\/\/i0.wp.com\/nuevodiario-assets.s3.us-east-2.amazonaws.com\/wp-content\/uploads\/2026\/09\/Inicio-de-construccion-verja-perimetral-2.jpeg?resize=640%2C427&quality=100&ssl=1\" alt=\"\" width=\"640\" height=\"427\" \/><\/p>\n<p>El inicio de los trabajos fue encabezado por el ministro de Defensa, teniente general Carlos Antonio Fern\u00e1ndez Onofre, ERD, acompa\u00f1ado por el comandante general del Ej\u00e9rcito de Rep\u00fablica Dominicana, mayor general Jimmy Arias Grull\u00f3n; la gobernadora provincial, Mercedes Novas; oficiales generales y otras autoridades civiles y militares.<\/p>\n<p>De acuerdo con un comunicado, con esta nueva intervenci\u00f3n, el Gobierno dominicano da continuidad a la expansi\u00f3n y fortalecimiento de la infraestructura de seguridad fronteriza, como parte de las pol\u00edticas impulsadas por el presidente Abinader para garantizar la soberan\u00eda y la integridad territorial.<\/p>\n<p><img loading=\"lazy\" decoding=\"async\" data-recalc-dims=\"1\" class=\"alignnone size-full wp-image-3266368\" src=\"https:\/\/i0.wp.com\/nuevodiario-assets.s3.us-east-2.amazonaws.com\/wp-content\/uploads\/2026\/09\/Inicio-de-construccion-verja-perimetral-3.jpeg?resize=640%2C427&quality=100&ssl=1\" alt=\"\" width=\"640\" height=\"427\" \/><\/p>\n<p>La nueva obra tendr\u00e1 caracter\u00edsticas similares a los tramos ya construidos de la verja perimetral e incluir\u00e1 seis torres de vigilancia, 35 alcantarillas y una altura total de 13 pies, adem\u00e1s de calles de patrullaje con un ancho conjunto de siete metros, distribuidas a ambos lados de la estructura.<\/p>\n<p>Estas facilidades permitir\u00e1n incrementar la vigilancia, mejorar la movilidad de las unidades militares y facilitar una respuesta m\u00e1s r\u00e1pida y efectiva ante cualquier situaci\u00f3n que pueda afectar la seguridad en esta parte de la frontera.<\/p>\n<p><img decoding=\"async\" data-recalc-dims=\"1\" loading=\"lazy\" class=\"alignnone size-full wp-image-3266369\" src=\"https:\/\/i0.wp.com\/nuevodiario-assets.s3.us-east-2.amazonaws.com\/wp-content\/uploads\/2026\/09\/Inicio-de-construccion-verja-perimetral-4.jpeg?resize=640%2C427&quality=100&ssl=1\" alt=\"\" width=\"640\" height=\"427\" \/><\/p>\n<p>La construcci\u00f3n adquiere particular relevancia estrat\u00e9gica por su ubicaci\u00f3n en la Hoya de Enriquillo, frente al lago Azuey o lago del Fondo, un espacio que durante d\u00e9cadas represent\u00f3 importantes desaf\u00edos para las autoridades debido a los intentos de trasiego irregular de mercanc\u00edas y otras actividades il\u00edcitas.<\/p>\n<p>Los controles establecidos por el Ej\u00e9rcito de Rep\u00fablica Dominicana y el Cuerpo Especializado en Seguridad Fronteriza Terrestre (Cesfront) han permitido reducir considerablemente estas pr\u00e1cticas, capacidades que ser\u00e1n reforzadas de manera significativa con la terminaci\u00f3n del nuevo tramo.<\/p>\n<p><img decoding=\"async\" data-recalc-dims=\"1\" loading=\"lazy\" class=\"alignnone size-full wp-image-3266370\" src=\"https:\/\/i0.wp.com\/nuevodiario-assets.s3.us-east-2.amazonaws.com\/wp-content\/uploads\/2026\/09\/Verja-perimetral.jpeg?resize=640%2C427&quality=100&ssl=1\" alt=\"\" width=\"640\" height=\"427\" \/><\/p>\n<p>El ministro Fern\u00e1ndez Onofre destac\u00f3 que esta infraestructura forma parte de \u201cFrontera Fuerte\u201d, estrategia integral desarrollada por disposici\u00f3n del presidente Luis Abinader para fortalecer la seguridad, la infraestructura y el desarrollo de la zona lim\u00edtrofe.<\/p>\n<p>El plan articula presencia militar, infraestructura, tecnolog\u00eda, vigilancia, movilidad y coordinaci\u00f3n interinstitucional, con el objetivo de garantizar un control efectivo y permanente del territorio nacional y generar mejores condiciones para las comunidades fronterizas.<\/p>\n<p><img decoding=\"async\" data-recalc-dims=\"1\" loading=\"lazy\" class=\"alignnone size-full wp-image-3266371\" src=\"https:\/\/i0.wp.com\/nuevodiario-assets.s3.us-east-2.amazonaws.com\/wp-content\/uploads\/2026\/09\/Inicio-de-construccion-verja-perimetral-5.jpeg?resize=640%2C427&quality=100&ssl=1\" alt=\"\" width=\"640\" height=\"427\" \/><\/p>\n<p>La importancia de la obra tambi\u00e9n est\u00e1 vinculada con el papel econ\u00f3mico y comercial de Jiman\u00ed, donde opera uno de los principales mercados binacionales y el paso fronterizo con mayor flujo de transporte pesado, camiones y contenedores.<\/p>\n<p>La nueva infraestructura permitir\u00e1 reforzar el combate contra el contrabando y otras actividades il\u00edcitas, al tiempo que contribuir\u00e1 a un intercambio comercial m\u00e1s organizado, seguro y dentro del marco de las leyes dominicanas, protegiendo adem\u00e1s a productores, comerciantes, trabajadores y residentes de las comunidades fronterizas.<\/p>\n<p><img decoding=\"async\" data-recalc-dims=\"1\" loading=\"lazy\" class=\"alignnone size-full wp-image-3266372\" src=\"https:\/\/i0.wp.com\/nuevodiario-assets.s3.us-east-2.amazonaws.com\/wp-content\/uploads\/2026\/09\/Inicio-de-construccion-verja-perimetral-6.jpeg?resize=640%2C427&quality=100&ssl=1\" alt=\"\" width=\"640\" height=\"427\" \/><\/p>\n<p>En la actividad estuvo presente una delegaci\u00f3n del Observatorio de Pol\u00edticas Migratorias (OPM), encabezada por su presidente ejecutivo, el periodista Miguel Franjul, junto al presidente del Instituto Duartiano, Wilson G\u00f3mez Ram\u00edrez, y otros miembros del organismo.<\/p>\n<p>Su participaci\u00f3n les permiti\u00f3 observar directamente las acciones que desarrolla el Gobierno dominicano para fortalecer el control territorial, la seguridad fronteriza y la aplicaci\u00f3n de las pol\u00edticas migratorias dentro del marco de la Constituci\u00f3n y las leyes.<\/p>\n<p><img decoding=\"async\" data-recalc-dims=\"1\" loading=\"lazy\" class=\"alignnone size-full wp-image-3266373\" src=\"https:\/\/i0.wp.com\/nuevodiario-assets.s3.us-east-2.amazonaws.com\/wp-content\/uploads\/2026\/09\/Inicio-de-construccion-verja-perimetral-7.jpeg?resize=640%2C427&quality=100&ssl=1\" alt=\"\" width=\"640\" height=\"427\" \/><\/p>\n<p>Durante el acto tambi\u00e9n fue resaltada la labor permanente de los hombres y mujeres de las Fuerzas Armadas destinados en la zona fronteriza.<\/p>\n<p>El ministro de Defensa se\u00f1al\u00f3 que cada kil\u00f3metro de infraestructura construido por el Gobierno, cada tecnolog\u00eda incorporada y cada capacidad operacional fortalecida representa una herramienta adicional para los soldados responsables de proteger la integridad territorial, particularmente en \u00e1reas remotas y de dif\u00edcil acceso donde la presencia militar constituye una expresi\u00f3n permanente de la autoridad del Estado dominicano.<\/p>\n<p><img decoding=\"async\" data-recalc-dims=\"1\" loading=\"lazy\" class=\"alignnone size-full wp-image-3266374\" src=\"https:\/\/i0.wp.com\/nuevodiario-assets.s3.us-east-2.amazonaws.com\/wp-content\/uploads\/2026\/09\/Inicio-de-construccion-verja-perimetral-8.jpeg?resize=640%2C427&quality=100&ssl=1\" alt=\"\" width=\"640\" height=\"427\" \/><\/p>\n<p>Tras concluir la actividad en Jiman\u00ed, el ministro Fern\u00e1ndez Onofre, acompa\u00f1ado por la delegaci\u00f3n del Observatorio de Pol\u00edticas Migratorias, se traslad\u00f3 a la provincia Dajab\u00f3n para recorrer el nuevo tramo de la verja perimetral que construye el Gobierno en esa zona.<\/p>\n<p>La visita tuvo una significaci\u00f3n especial para los miembros del Observatorio, quienes estuvieron presentes en 2025 en el primer palazo que marc\u00f3 el inicio de esos trabajos y ahora regresaron al lugar para constatar directamente los avances alcanzados en su construcci\u00f3n, as\u00ed como la integraci\u00f3n de la infraestructura con los sistemas de vigilancia, patrullaje y seguridad desplegados en la frontera norte.<\/p>\n<p><img decoding=\"async\" data-recalc-dims=\"1\" loading=\"lazy\" class=\"alignnone size-full wp-image-3266375\" src=\"https:\/\/i0.wp.com\/nuevodiario-assets.s3.us-east-2.amazonaws.com\/wp-content\/uploads\/2026\/09\/Verja.jpeg?resize=640%2C427&quality=100&ssl=1\" alt=\"\" width=\"640\" height=\"427\" \/><\/p>\n<p>Con el inicio de los 14.5 kil\u00f3metros en Jiman\u00ed y los avances que exhibe la ampliaci\u00f3n de la verja en Dajab\u00f3n, el Gobierno del presidente Luis Abinader contin\u00faa consolidando una de las infraestructuras de mayor valor estrat\u00e9gico para la seguridad nacional.<\/p>\n<p>Estas obras, integradas a la estrategia Frontera Fuerte, fortalecen la presencia del Estado, las capacidades operacionales y tecnol\u00f3gicas de las Fuerzas Armadas y el control efectivo del territorio, reafirmando la determinaci\u00f3n del Gobierno dominicano de proteger la soberan\u00eda nacional, garantizar una frontera m\u00e1s segura y promover el desarrollo ordenado de las comunidades fronterizas.<\/p>\n<p>La entrada <a href=\"https:\/\/elnuevodiario.com.do\/gobierno-inicia-construccion-de-14-5-kilometros-de-verja-perimetral-fronteriza-en-jimani\/\">Gobierno inicia construcci\u00f3n de 14.5 kil\u00f3metros de verja perimetral fronteriza en Jiman\u00ed<\/a> se public\u00f3 primero en <a href=\"https:\/\/elnuevodiario.com.do\">El Nuevo Diario (Rep\u00fablica Dominicana)<\/a>.<\/p>\n","protected":false},"excerpt":{"rendered":"EL NUEVO DIARIO, JIMAN\u00cd.\u2013 El Gobierno del presidente Luis Abinader, a trav\u00e9s&hellip;\n","protected":false},"author":1,"featured_media":67590,"comment_status":"open","ping_status":"open","sticky":false,"template":"","format":"standard","meta":{"footnotes":""},"categories":[1],"tags":[],"class_list":["post-67589","post","type-post","status-publish","format-standard","has-post-thumbnail","category-nacionales"],"_links":{"self":[{"href":"https:\/\/acronoticias.com\/index.php\/wp-json\/wp\/v2\/posts\/67589","targetHints":{"allow":["GET"]}}],"collection":[{"href":"https:\/\/acronoticias.com\/index.php\/wp-json\/wp\/v2\/posts"}],"about":[{"href":"https:\/\/acronoticias.com\/index.php\/wp-json\/wp\/v2\/types\/post"}],"author":[{"embeddable":true,"href":"https:\/\/acronoticias.com\/index.php\/wp-json\/wp\/v2\/users\/1"}],"replies":[{"embeddable":true,"href":"https:\/\/acronoticias.com\/index.php\/wp-json\/wp\/v2\/comments?post=67589"}],"version-history":[{"count":0,"href":"https:\/\/acronoticias.com\/index.php\/wp-json\/wp\/v2\/posts\/67589\/revisions"}],"wp:featuredmedia":[{"embeddable":true,"href":"https:\/\/acronoticias.com\/index.php\/wp-json\/wp\/v2\/media\/67590"}],"wp:attachment":[{"href":"https:\/\/acronoticias.com\/index.php\/wp-json\/wp\/v2\/media?parent=67589"}],"wp:term":[{"taxonomy":"category","embeddable":true,"href":"https:\/\/acronoticias.com\/index.php\/wp-json\/wp\/v2\/categories?post=67589"},{"taxonomy":"post_tag","embeddable":true,"href":"https:\/\/acronoticias.com\/index.php\/wp-json\/wp\/v2\/tags?post=67589"}],"curies":[{"name":"wp","href":"https:\/\/api.w.org\/{rel}","templated":true}]}}