{"id":67573,"date":"2026-09-05T17:00:35","date_gmt":"2026-09-05T17:00:35","guid":{"rendered":"https:\/\/acronoticias.com\/index.php\/2026\/09\/05\/ecuador-presenta-plataforma-digital-para-fortalecer-la-preparacion-ante-fenomeno-el-nino\/"},"modified":"2026-09-05T17:00:35","modified_gmt":"2026-09-05T17:00:35","slug":"ecuador-presenta-plataforma-digital-para-fortalecer-la-preparacion-ante-fenomeno-el-nino","status":"publish","type":"post","link":"https:\/\/acronoticias.com\/index.php\/2026\/09\/05\/ecuador-presenta-plataforma-digital-para-fortalecer-la-preparacion-ante-fenomeno-el-nino\/","title":{"rendered":"Ecuador presenta plataforma digital para fortalecer la preparaci\u00f3n ante fen\u00f3meno El Ni\u00f1o"},"content":{"rendered":"<p><strong>Quito<\/strong>.- La<a rel=\"nofollow\" href=\"https:\/\/www.gestionderiesgos.gob.ec\/\"> <strong>Secretar\u00eda Nacional de Gesti\u00f3n de Riesgos<\/strong> (<strong>SNGR<\/strong>) <\/a>present\u00f3 la plataforma digital \u2018Al\u00edstate Ecuador\u2019, con informaci\u00f3n actualizada sobre las capacidades disponibles para fortalecer los procesos de preparaci\u00f3n y respuesta frente a una eventual emergencia, as\u00ed como las zonas con mayor nivel de exposici\u00f3n ante los potenciales efectos del fen\u00f3meno de <strong>El Ni\u00f1o<\/strong>.<\/p>\n<h2 id=\"alistate-ecuador-y-capacidades-de-respuesta\" class=\"wp-block-heading\">Al\u00edstate Ecuador y capacidades de respuesta<\/h2>\n<p>La plataforma \u2014a la que el Gobierno denomina \u00abvisualizador\u00bb\u2014 est\u00e1 disponible dentro del portal \u00ab<strong>Alertas Ecuador<\/strong>\u00bb, y contempla las capacidades de preparaci\u00f3n y respuesta de la <strong>Secretar\u00eda<\/strong> en territorio, inform\u00f3 este s\u00e1bado la <strong>SNGR<\/strong>.<\/p>\n<p>Entre ellas, alojamientos temporales, voluntarios de <strong>Protecci\u00f3n Civil<\/strong>, comit\u00e9s comunitarios, bodegas y el preposicionamiento de paquetes (kits) de asistencia humanitaria.<\/p>\n<figure class=\"wp-block-image size-full\"><img decoding=\"async\" src=\"https:\/\/multimedia.noticiassin.com\/wp-content\/uploads\/2026\/08\/borrador-automatico-20260818-203125-GM4A.webp\" alt=\"Vista satelital de un hurac\u00e1n cerca de la costa, usada para ilustrar los efectos clim\u00e1ticos de El Ni\u00f1o y la sequ\u00eda en M\u00e9xico\" class=\"wp-image-2092761\" \/><figcaption class=\"wp-element-caption\">Vista satelital de un sistema cicl\u00f3nico en el oc\u00e9ano, empleada como referencia visual en una nota sobre los efectos de El Ni\u00f1o en M\u00e9xico.<\/figcaption><\/figure>\n<p>Tambi\u00e9n permite visualizar la data hist\u00f3rica de los eventos adversos asociados con el fen\u00f3meno de <strong>El Ni\u00f1o<\/strong>, presentados entre 2010 y 2026.<\/p>\n<p>Adem\u00e1s, ofrece los sectores identificados con<strong> mayor exposici\u00f3n<\/strong> en los planes de acci\u00f3n presentados por los gobiernos locales.<\/p>\n<p>De esta manera, autoridades, instituciones, comunidades y ciudadan\u00eda cuentan con una herramienta que contribuye a anticipar acciones, fortalecer la preparaci\u00f3n y reducir los impactos negativos de las emergencias y desastres, se\u00f1al\u00f3 la <strong>SNGR<\/strong>.<\/p>\n<h2 id=\"alerta-roja-poblacion-expuesta-y-recursos\" class=\"wp-block-heading\">Alerta roja, poblaci\u00f3n expuesta y recursos<\/h2>\n<p>El pasado s\u00e1bado, el <strong>Gobierno<\/strong> declar\u00f3 la alerta roja en todo el territorio para fortalecer las acciones de preparaci\u00f3n ante el fen\u00f3meno <strong>El Ni\u00f1o<\/strong>.<\/p>\n<ul class=\"wp-block-list\">\n<li>La resoluci\u00f3n estableci\u00f3 la activaci\u00f3n de los Comit\u00e9s de Operaciones de Emergencia (COE) provinciales y municipales para coordinar acciones de preparaci\u00f3n y respuesta.<\/li>\n<li>Tambi\u00e9n dispuso la aplicaci\u00f3n de procedimientos, planes y protocolos para evacuaciones preventivas, mecanismos de respuesta, movilizaci\u00f3n de recursos y protecci\u00f3n de la poblaci\u00f3n en sectores con potencial afectaci\u00f3n.<\/li>\n<\/ul>\n<p>La declaratoria de alerta roja permite <strong>fortalecer las acciones<\/strong>, anticipar escenarios de riesgo y activar los mecanismos necesarios para proteger a la poblaci\u00f3n.<\/p>\n<p><strong>Carolina Lozano<\/strong>, titular de la <strong>SNGR<\/strong>, calcula que alrededor de 1,3 millones de personas podr\u00edan estar expuestas a los efectos de <strong>El Ni\u00f1o<\/strong> en 17 provincias, que ya estaban en alerta naranja.<\/p>\n<p>Seg\u00fan la funcionaria, el <strong>Gobierno<\/strong> ha destinado 650 millones de d\u00f3lares, distribuidos en diferentes carteras de <strong>Estado<\/strong>, de los cuales el 70 % son para prevenci\u00f3n y el 30 % restante para la l\u00ednea de respuesta por el fen\u00f3meno de <strong>El Ni\u00f1o<\/strong>.<\/p>\n<p><strong>Ecuador mantiene una alerta roja nacional<\/strong> ante la posible llegada del fen\u00f3meno de <strong>El Ni\u00f1o<\/strong>, con el objetivo de reforzar las medidas de prevenci\u00f3n, preparaci\u00f3n y respuesta frente a lluvias intensas, inundaciones y otros eventos asociados.<\/p>\n<p> La declaratoria ordena la activaci\u00f3n de los <strong>Comit\u00e9s de Operaciones de Emergencia (COE)<\/strong> provinciales y municipales, adem\u00e1s de protocolos para evacuaciones preventivas, movilizaci\u00f3n de recursos y protecci\u00f3n de las comunidades con mayor nivel de riesgo. <\/p>\n<p>Seg\u00fan la <strong>Secretar\u00eda Nacional de Gesti\u00f3n de Riesgos (SNGR)<\/strong>, alrededor de <strong>1,3 millones de personas podr\u00edan estar expuestas<\/strong> a los efectos del fen\u00f3meno en <strong>17 provincias<\/strong> que previamente se encontraban bajo alerta naranja. <\/p>\n<p>El Gobierno ecuatoriano ha informado que dispone de unos <strong>650 millones de d\u00f3lares<\/strong> distribuidos entre distintas instituciones estatales para enfrentar el fen\u00f3meno. De ese monto, <strong>70 % est\u00e1 destinado a prevenci\u00f3n y 30 % a acciones de respuesta<\/strong>.<\/p>\n","protected":false},"excerpt":{"rendered":"Quito.- La Secretar\u00eda Nacional de Gesti\u00f3n de Riesgos (SNGR) present\u00f3 la plataforma&hellip;\n","protected":false},"author":1,"featured_media":67574,"comment_status":"open","ping_status":"open","sticky":false,"template":"","format":"standard","meta":{"footnotes":""},"categories":[3],"tags":[],"class_list":["post-67573","post","type-post","status-publish","format-standard","has-post-thumbnail","category-internacionales"],"_links":{"self":[{"href":"https:\/\/acronoticias.com\/index.php\/wp-json\/wp\/v2\/posts\/67573","targetHints":{"allow":["GET"]}}],"collection":[{"href":"https:\/\/acronoticias.com\/index.php\/wp-json\/wp\/v2\/posts"}],"about":[{"href":"https:\/\/acronoticias.com\/index.php\/wp-json\/wp\/v2\/types\/post"}],"author":[{"embeddable":true,"href":"https:\/\/acronoticias.com\/index.php\/wp-json\/wp\/v2\/users\/1"}],"replies":[{"embeddable":true,"href":"https:\/\/acronoticias.com\/index.php\/wp-json\/wp\/v2\/comments?post=67573"}],"version-history":[{"count":0,"href":"https:\/\/acronoticias.com\/index.php\/wp-json\/wp\/v2\/posts\/67573\/revisions"}],"wp:featuredmedia":[{"embeddable":true,"href":"https:\/\/acronoticias.com\/index.php\/wp-json\/wp\/v2\/media\/67574"}],"wp:attachment":[{"href":"https:\/\/acronoticias.com\/index.php\/wp-json\/wp\/v2\/media?parent=67573"}],"wp:term":[{"taxonomy":"category","embeddable":true,"href":"https:\/\/acronoticias.com\/index.php\/wp-json\/wp\/v2\/categories?post=67573"},{"taxonomy":"post_tag","embeddable":true,"href":"https:\/\/acronoticias.com\/index.php\/wp-json\/wp\/v2\/tags?post=67573"}],"curies":[{"name":"wp","href":"https:\/\/api.w.org\/{rel}","templated":true}]}}