{"id":67570,"date":"2026-09-05T16:30:34","date_gmt":"2026-09-05T16:30:34","guid":{"rendered":"https:\/\/acronoticias.com\/index.php\/2026\/09\/05\/piloto-resulta-herido-tras-precipitarse-avioneta-de-fumigacion-en-una-finca-de-montecristi\/"},"modified":"2026-09-05T16:30:34","modified_gmt":"2026-09-05T16:30:34","slug":"piloto-resulta-herido-tras-precipitarse-avioneta-de-fumigacion-en-una-finca-de-montecristi","status":"publish","type":"post","link":"https:\/\/acronoticias.com\/index.php\/2026\/09\/05\/piloto-resulta-herido-tras-precipitarse-avioneta-de-fumigacion-en-una-finca-de-montecristi\/","title":{"rendered":"Piloto resulta herido tras precipitarse avioneta de fumigaci\u00f3n en una finca de Montecristi"},"content":{"rendered":"<p><img loading=\"lazy\" decoding=\"async\" width=\"355\" height=\"200\" src=\"https:\/\/nuevodiario-assets.s3.us-east-2.amazonaws.com\/wp-content\/uploads\/2026\/09\/Piloto-resulta-herido-tras-precipitarse-avioneta-de-fumigacion-en-una-finca-de-Montecristi-2-355x200.jpeg\" class=\"webfeedsFeaturedVisual wp-post-image\" alt=\"\" style=\"display: block;margin-bottom: 5px;clear:both;max-width: 100%\" \/><\/p>\n<p>EL NUEVO DIARIO, MONTECRISTI.- El piloto de una avioneta de fumigaci\u00f3n agr\u00edcola result\u00f3 herido este s\u00e1bado luego de que la aeronave se precipitara en una finca ubicada pr\u00f3ximo a la carreterita de Lora, en el distrito municipal Hatillo Palma, municipio Guayub\u00edn.<\/p>\n<p>El lesionado fue identificado como \u00c1ngel Danilo Mat\u00edas Cabrera, conocido como \u201cGaby\u201d, quien sufri\u00f3 una fractura en uno de sus tobillos y lesiones en la espalda, seg\u00fan informaciones preliminares.<\/p>\n<p>Cabrera fue auxiliado tras el accidente y trasladado posteriormente al Centro M\u00e9dico Uni\u00f3n M\u00e9dica del Norte, en Santiago, donde permanece bajo atenci\u00f3n m\u00e9dica especializada.<\/p>\n<figure id=\"attachment_3266268\" aria-describedby=\"caption-attachment-3266268\" style=\"width: 960px\" class=\"wp-caption alignnone\"><img loading=\"lazy\" decoding=\"async\" data-recalc-dims=\"1\" class=\"size-full wp-image-3266268\" src=\"https:\/\/i0.wp.com\/nuevodiario-assets.s3.us-east-2.amazonaws.com\/wp-content\/uploads\/2026\/09\/Piloto-resulta-herido-tras-precipitarse-avioneta-de-fumigacion-en-una-finca-de-Montecristi-1.jpeg?resize=640%2C853&quality=100&ssl=1\" alt=\"\" width=\"640\" height=\"853\" \/><figcaption id=\"caption-attachment-3266268\" class=\"wp-caption-text\"><em><strong>(Foto: Fuente externa)<\/strong><\/em><\/figcaption><\/figure>\n<p>De acuerdo con las informaciones disponibles, una posible colisi\u00f3n con un dron habr\u00eda provocado el incidente mientras la aeronave realizaba labores de fumigaci\u00f3n.<\/p>\n<p>Las causas que dieron origen al accidente a\u00fan no han sido establecidas oficialmente, por lo que las autoridades y organismos competentes realizan las investigaciones correspondientes para determinar c\u00f3mo ocurri\u00f3 la precipitaci\u00f3n.<\/p>\n<p>Se espera que las autoridades ofrezcan nuevos detalles sobre el caso y la evoluci\u00f3n del estado de salud del piloto.<\/p>\n<p>La entrada <a href=\"https:\/\/elnuevodiario.com.do\/piloto-resulta-herido-tras-precipitarse-avioneta-de-fumigacion-en-una-finca-de-montecristi\/\">Piloto resulta herido tras precipitarse avioneta de fumigaci\u00f3n en una finca de Montecristi<\/a> se public\u00f3 primero en <a href=\"https:\/\/elnuevodiario.com.do\">El Nuevo Diario (Rep\u00fablica Dominicana)<\/a>.<\/p>\n","protected":false},"excerpt":{"rendered":"EL NUEVO DIARIO, MONTECRISTI.- El piloto de una avioneta de fumigaci\u00f3n agr\u00edcola&hellip;\n","protected":false},"author":1,"featured_media":67571,"comment_status":"open","ping_status":"open","sticky":false,"template":"","format":"standard","meta":{"footnotes":""},"categories":[1],"tags":[],"class_list":["post-67570","post","type-post","status-publish","format-standard","has-post-thumbnail","category-nacionales"],"_links":{"self":[{"href":"https:\/\/acronoticias.com\/index.php\/wp-json\/wp\/v2\/posts\/67570","targetHints":{"allow":["GET"]}}],"collection":[{"href":"https:\/\/acronoticias.com\/index.php\/wp-json\/wp\/v2\/posts"}],"about":[{"href":"https:\/\/acronoticias.com\/index.php\/wp-json\/wp\/v2\/types\/post"}],"author":[{"embeddable":true,"href":"https:\/\/acronoticias.com\/index.php\/wp-json\/wp\/v2\/users\/1"}],"replies":[{"embeddable":true,"href":"https:\/\/acronoticias.com\/index.php\/wp-json\/wp\/v2\/comments?post=67570"}],"version-history":[{"count":0,"href":"https:\/\/acronoticias.com\/index.php\/wp-json\/wp\/v2\/posts\/67570\/revisions"}],"wp:featuredmedia":[{"embeddable":true,"href":"https:\/\/acronoticias.com\/index.php\/wp-json\/wp\/v2\/media\/67571"}],"wp:attachment":[{"href":"https:\/\/acronoticias.com\/index.php\/wp-json\/wp\/v2\/media?parent=67570"}],"wp:term":[{"taxonomy":"category","embeddable":true,"href":"https:\/\/acronoticias.com\/index.php\/wp-json\/wp\/v2\/categories?post=67570"},{"taxonomy":"post_tag","embeddable":true,"href":"https:\/\/acronoticias.com\/index.php\/wp-json\/wp\/v2\/tags?post=67570"}],"curies":[{"name":"wp","href":"https:\/\/api.w.org\/{rel}","templated":true}]}}