{"id":67560,"date":"2026-09-05T15:42:35","date_gmt":"2026-09-05T15:42:35","guid":{"rendered":"https:\/\/acronoticias.com\/index.php\/2026\/09\/05\/ejercito-dispone-remozar-cuarteles-y-dignificar-puestos-militares-en-la-franja-fronteriza\/"},"modified":"2026-09-05T15:42:35","modified_gmt":"2026-09-05T15:42:35","slug":"ejercito-dispone-remozar-cuarteles-y-dignificar-puestos-militares-en-la-franja-fronteriza","status":"publish","type":"post","link":"https:\/\/acronoticias.com\/index.php\/2026\/09\/05\/ejercito-dispone-remozar-cuarteles-y-dignificar-puestos-militares-en-la-franja-fronteriza\/","title":{"rendered":"Ej\u00e9rcito dispone remozar cuarteles y dignificar puestos militares en la franja fronteriza"},"content":{"rendered":"<p><img decoding=\"async\" width=\"355\" height=\"200\" src=\"https:\/\/nuevodiario-assets.s3.us-east-2.amazonaws.com\/wp-content\/uploads\/2026\/09\/Remozamiento-de-cuarteles-ERD-355x200.jpeg\" class=\"webfeedsFeaturedVisual wp-post-image\" alt=\"\" style=\"display: block;margin-bottom: 5px;clear:both;max-width: 100%\" loading=\"lazy\" \/><\/p>\n<p>EL NUEVO DIARIO, EL\u00cdAS PI\u00d1A.\u2013 El comandante general del Ej\u00e9rcito de Rep\u00fablica Dominicana (ERD) <strong><em>Jimmy Arias Grull\u00f3n <\/em><\/strong>dispuso un levantamiento estructural y operativo de los recintos militares de la instituci\u00f3n ubicados a lo largo de la frontera, con el objetivo de mejorar las condiciones de vida de los soldados y actualizar nuevas estrategias de seguridad en la l\u00ednea lim\u00edtrofe.<\/p>\n<p>Durante un recorrido de supervisi\u00f3n que inici\u00f3 el viernes en Manzanillo y concluye este s\u00e1bado en Jiman\u00ed, el alto mando militar prioriz\u00f3 la evaluaci\u00f3n de algunos destacamentos donde pernoctan las tropas desde Dajab\u00f3n hasta Pedro Santana en El\u00edas Pi\u00f1a.<\/p>\n<p><a href=\"https:\/\/nuevodiario-assets.s3.us-east-2.amazonaws.com\/wp-content\/uploads\/2026\/09\/Recorrido-de-supervision-del-Ejercito.mp4\">Recorrido de supervisi\u00f3n del Ej\u00e9rcito<\/a><\/p>\n<p>De acuerdo con una nota informativa, las disposiciones de remozamiento buscan garantizar que las instalaciones cuenten con suministro de agua, energ\u00eda el\u00e9ctrica y ba\u00f1os dignos.<\/p>\n<p>\u00abEl soldado es el primer recurso humano que nosotros tenemos para hacer cumplir las leyes\u00bb, expres\u00f3 el titular del Ej\u00e9rcito.<\/p>\n<p>Explic\u00f3 adem\u00e1s que este levantamiento en el terreno permitir\u00e1 adquirir una nueva perspectiva para planificar t\u00e1cticas de defensa actualizadas.<\/p>\n<p>Al evaluar la listeza de las tropas, el oficial general destac\u00f3 que la frontera cuenta actualmente con una cantidad de personal sin precedentes.<\/p>\n<p><img decoding=\"async\" data-recalc-dims=\"1\" loading=\"lazy\" class=\"alignnone size-full wp-image-3266230\" src=\"https:\/\/i0.wp.com\/nuevodiario-assets.s3.us-east-2.amazonaws.com\/wp-content\/uploads\/2026\/09\/Recorrido-de-supervision-del-Ejercito.jpeg?resize=640%2C480&quality=100&ssl=1\" alt=\"\" width=\"640\" height=\"480\" \/><\/p>\n<p>Este despliegue se mantiene en constante sincronizaci\u00f3n con el Cuerpo Especializado de Seguridad Fronteriza Terrestre (Cesfront), la Direcci\u00f3n General de Migraci\u00f3n y el C5i del Ministerio de Defensa.<\/p>\n<p><strong>Hait\u00ed no representa una amenaza de seguridad<\/strong><\/p>\n<p>El comandante general del Ej\u00e9rcito de Rep\u00fablica Dominicana garantiz\u00f3 que las brigadas Tercera, Cuarta y Quinta mantienen el personal operativo necesario para responder a cualquier contingencia.<\/p>\n<p>Durante el trayecto, el alto mando militar supervis\u00f3 minuciosamente el Puesto Entrada Don Miguel, la Fortaleza General Jos\u00e9 Cabrera en Loma de Cabrera, la 17ma. Compa\u00f1\u00eda en Restauraci\u00f3n, los puestos de Los Algodones, El Corte, La Cadena, El Fort\u00edn y Guaroa, as\u00ed como el Destacamento de B\u00e1nica, el Destacamento Macas\u00edas y la Fortaleza La Estrelleta en El\u00edas Pi\u00f1a, concluyendo la jornada con su llegada a la sede de la Tercera Brigada de Infanter\u00eda.<\/p>\n<p>La entrada <a href=\"https:\/\/elnuevodiario.com.do\/ejercito-dispone-levantamiento-para-remozar-cuarteles-y-dignificar-puestos-militares-en-la-franja-fronteriza\/\">Ej\u00e9rcito dispone remozar cuarteles y dignificar puestos militares en la franja fronteriza<\/a> se public\u00f3 primero en <a href=\"https:\/\/elnuevodiario.com.do\">El Nuevo Diario (Rep\u00fablica Dominicana)<\/a>.<\/p>\n","protected":false},"excerpt":{"rendered":"EL NUEVO DIARIO, EL\u00cdAS PI\u00d1A.\u2013 El comandante general del Ej\u00e9rcito de Rep\u00fablica&hellip;\n","protected":false},"author":1,"featured_media":67561,"comment_status":"open","ping_status":"open","sticky":false,"template":"","format":"standard","meta":{"footnotes":""},"categories":[1],"tags":[],"class_list":["post-67560","post","type-post","status-publish","format-standard","has-post-thumbnail","category-nacionales"],"_links":{"self":[{"href":"https:\/\/acronoticias.com\/index.php\/wp-json\/wp\/v2\/posts\/67560","targetHints":{"allow":["GET"]}}],"collection":[{"href":"https:\/\/acronoticias.com\/index.php\/wp-json\/wp\/v2\/posts"}],"about":[{"href":"https:\/\/acronoticias.com\/index.php\/wp-json\/wp\/v2\/types\/post"}],"author":[{"embeddable":true,"href":"https:\/\/acronoticias.com\/index.php\/wp-json\/wp\/v2\/users\/1"}],"replies":[{"embeddable":true,"href":"https:\/\/acronoticias.com\/index.php\/wp-json\/wp\/v2\/comments?post=67560"}],"version-history":[{"count":0,"href":"https:\/\/acronoticias.com\/index.php\/wp-json\/wp\/v2\/posts\/67560\/revisions"}],"wp:featuredmedia":[{"embeddable":true,"href":"https:\/\/acronoticias.com\/index.php\/wp-json\/wp\/v2\/media\/67561"}],"wp:attachment":[{"href":"https:\/\/acronoticias.com\/index.php\/wp-json\/wp\/v2\/media?parent=67560"}],"wp:term":[{"taxonomy":"category","embeddable":true,"href":"https:\/\/acronoticias.com\/index.php\/wp-json\/wp\/v2\/categories?post=67560"},{"taxonomy":"post_tag","embeddable":true,"href":"https:\/\/acronoticias.com\/index.php\/wp-json\/wp\/v2\/tags?post=67560"}],"curies":[{"name":"wp","href":"https:\/\/api.w.org\/{rel}","templated":true}]}}