{"id":67556,"date":"2026-09-05T15:10:38","date_gmt":"2026-09-05T15:10:38","guid":{"rendered":"https:\/\/acronoticias.com\/index.php\/2026\/09\/05\/margarita-cedeno-reacciona-esperanzada-en-que-director-del-intrant-lleve-orden-y-seguridad-al-transito\/"},"modified":"2026-09-05T15:10:38","modified_gmt":"2026-09-05T15:10:38","slug":"margarita-cedeno-reacciona-esperanzada-en-que-director-del-intrant-lleve-orden-y-seguridad-al-transito","status":"publish","type":"post","link":"https:\/\/acronoticias.com\/index.php\/2026\/09\/05\/margarita-cedeno-reacciona-esperanzada-en-que-director-del-intrant-lleve-orden-y-seguridad-al-transito\/","title":{"rendered":"Margarita Cede\u00f1o reacciona esperanzada en que director del Intrant \u201clleve orden y seguridad al tr\u00e1nsito\u201d"},"content":{"rendered":"<p><img loading=\"lazy\" decoding=\"async\" width=\"355\" height=\"200\" src=\"https:\/\/nuevodiario-assets.s3.us-east-2.amazonaws.com\/wp-content\/uploads\/2026\/04\/Margarita-Cedeno-355x200.jpeg\" class=\"webfeedsFeaturedVisual wp-post-image\" alt=\"\" style=\"display: block;margin-bottom: 5px;clear:both;max-width: 100%\" \/><\/p>\n<p>EL NUEVO DIARIO, SANTO DOMINGO.\u2013 La exvicepresidenta de la Rep\u00fablica, Margarita Cede\u00f1o, manifest\u00f3 su esperanza y confianza en que el director ejecutivo del Instituto Nacional de Tr\u00e1nsito y Transporte Terrestre (Intrant), Juan Manuel M\u00e9ndez Garc\u00eda, contribuya a recuperar el orden y fortalecer la seguridad en las calles del pa\u00eds.<\/p>\n<p>La valoraci\u00f3n fue expresada por Cede\u00f1o a trav\u00e9s de su cuenta en la red social X, luego de observar la entrevista concedida por M\u00e9ndez Garc\u00eda al programa El Despertador, en la que el director del Intrant abord\u00f3 los principales desaf\u00edos del tr\u00e1nsito dominicano y expuso los lineamientos que orientar\u00e1n su gesti\u00f3n al frente del \u00f3rgano rector del sistema.<\/p>\n<p>\u201cEsta entrevista del general Juan Manuel M\u00e9ndez, director del Intrant, me devuelve la esperanza y fortalece mi confianza en que podemos recuperar el orden y la seguridad en nuestras calles\u201d, expres\u00f3 la exvicepresidenta.<\/p>\n<p><strong>Una oportunidad para recuperar el orden<\/strong><\/p>\n<p>Cede\u00f1o sostuvo que todos los ciudadanos tienen derecho a transitar sin miedo, ansiedad o sentirse amenazados por conductas imprudentes que puedan poner vidas en peligro, al tiempo que consider\u00f3 indispensable que las normas sean cumplidas y aplicadas de manera igualitaria.<\/p>\n<p>En ese sentido, destac\u00f3 que el orden en las v\u00edas trasciende el problema del tr\u00e1nsito, al considerarlo una cuesti\u00f3n relacionada con el respeto, la convivencia y, fundamentalmente, la protecci\u00f3n de la vida.<\/p>\n<p>La exvicepresidenta tambi\u00e9n resalt\u00f3 la necesidad de que detr\u00e1s de cada pol\u00edtica de movilidad exista una visi\u00f3n centrada en las personas, recordando que cada conductor, motociclista y peat\u00f3n representa una familia que espera su regreso a casa.<\/p>\n<blockquote class=\"twitter-tweet\">\n<p dir=\"ltr\" lang=\"es\">Esta entrevista del General Juan Manuel M\u00e9ndez, director del <a href=\"https:\/\/x.com\/INTRANT_RD?ref_src=twsrc%5Etfw\">@INTRANT_RD<\/a>, en El <a href=\"https:\/\/x.com\/DespertadorSIN?ref_src=twsrc%5Etfw\">@DespertadorSIN<\/a> del grupo <a href=\"https:\/\/x.com\/SIN24Horas?ref_src=twsrc%5Etfw\">@SIN24Horas<\/a>, me devuelve la esperanza y fortalece m\u00ed confianza en que podemos recuperar el orden y la seguridad en nuestras calles.<\/p>\n<p>Todos tenemos derecho a transitar sin\u2026<\/p>\n<p>\u2014 Margarita Cede\u00f1o (@margaritacdf) <a href=\"https:\/\/x.com\/margaritacdf\/status\/2095649800322506772?ref_src=twsrc%5Etfw\">September 3, 2026<\/a><\/p>\n<\/blockquote>\n<p><strong>Reconoce experiencia y vocaci\u00f3n de servicio de M\u00e9ndez<\/strong><\/p>\n<p>Cede\u00f1o valor\u00f3 especialmente la trayectoria del director del Intrant, destacando su experiencia, capacidad de gerencia y vocaci\u00f3n de servicio como elementos que pueden contribuir a enfrentar uno de los principales desaf\u00edos que tiene el pa\u00eds en materia de movilidad y seguridad vial.<\/p>\n<p>\u201cSu experiencia, capacidad de gerencia y vocaci\u00f3n de servicio representan una oportunidad para avanzar en este desaf\u00edo que nos concierne a todos\u201d, afirm\u00f3.<\/p>\n<p>Las declaraciones se producen en momentos en que la nueva gesti\u00f3n del Intrant ha planteado como uno de sus principales ejes el fortalecimiento de la rector\u00eda del sistema, el cumplimiento de la Ley 63-17, la coordinaci\u00f3n interinstitucional y la aplicaci\u00f3n de medidas orientadas a mejorar la seguridad vial.<\/p>\n<p><strong>Llamado a colocar la vida por encima de las diferencias<\/strong><\/p>\n<p>En su mensaje, Cede\u00f1o hizo adem\u00e1s un llamado a que las diferencias pol\u00edticas no se conviertan en un obst\u00e1culo para las acciones dirigidas a proteger a la ciudadan\u00eda.<\/p>\n<p>\u201cCuando se trata de proteger vidas y hacer cumplir la ley, el pa\u00eds debe estar por encima de cualquier diferencia pol\u00edtica\u201d, manifest\u00f3.<\/p>\n<p>La valoraci\u00f3n de la exvicepresidenta coincide con el enfoque que ha planteado M\u00e9ndez Garc\u00eda desde su llegada al Intrant, basado en una instituci\u00f3n abierta al di\u00e1logo, pero firme en el cumplimiento de la legislaci\u00f3n y en la responsabilidad que corresponde a cada actor del sistema de tr\u00e1nsito y transporte.<\/p>\n<p>El director ejecutivo del Intrant ha reiterado que su gesti\u00f3n trabajar\u00e1 para ordenar, coordinar y hacer cumplir la ley, entendiendo que la seguridad vial requiere el compromiso conjunto de las autoridades, conductores, motociclistas, peatones y todos los sectores de la sociedad.<\/p>\n<p>La exvicepresidenta concluy\u00f3 su mensaje dese\u00e1ndole y fortaleza para asumir este desaf\u00edo, destacando la importancia de avanzar hacia calles donde el respeto a las normas y la protecci\u00f3n de la vida sean prioridades.<\/p>\n<p>El respaldo expresado por Cede\u00f1o constituye una valoraci\u00f3n al enfoque de una gesti\u00f3n que coloca el orden, el cumplimiento de la ley y la protecci\u00f3n de la vida en el centro de sus acciones.<\/p>\n<p>La entrada <a href=\"https:\/\/elnuevodiario.com.do\/margarita-cedeno-reacciona-esperanzada-en-que-director-del-intrant-lleve-orden-y-seguridad-al-transito\/\">Margarita Cede\u00f1o reacciona esperanzada en que director del Intrant \u201clleve orden y seguridad al tr\u00e1nsito\u201d<\/a> se public\u00f3 primero en <a href=\"https:\/\/elnuevodiario.com.do\">El Nuevo Diario (Rep\u00fablica Dominicana)<\/a>.<\/p>\n","protected":false},"excerpt":{"rendered":"EL NUEVO DIARIO, SANTO DOMINGO.\u2013 La exvicepresidenta de la Rep\u00fablica, Margarita Cede\u00f1o,&hellip;\n","protected":false},"author":1,"featured_media":67557,"comment_status":"open","ping_status":"open","sticky":false,"template":"","format":"standard","meta":{"footnotes":""},"categories":[1],"tags":[],"class_list":["post-67556","post","type-post","status-publish","format-standard","has-post-thumbnail","category-nacionales"],"_links":{"self":[{"href":"https:\/\/acronoticias.com\/index.php\/wp-json\/wp\/v2\/posts\/67556","targetHints":{"allow":["GET"]}}],"collection":[{"href":"https:\/\/acronoticias.com\/index.php\/wp-json\/wp\/v2\/posts"}],"about":[{"href":"https:\/\/acronoticias.com\/index.php\/wp-json\/wp\/v2\/types\/post"}],"author":[{"embeddable":true,"href":"https:\/\/acronoticias.com\/index.php\/wp-json\/wp\/v2\/users\/1"}],"replies":[{"embeddable":true,"href":"https:\/\/acronoticias.com\/index.php\/wp-json\/wp\/v2\/comments?post=67556"}],"version-history":[{"count":0,"href":"https:\/\/acronoticias.com\/index.php\/wp-json\/wp\/v2\/posts\/67556\/revisions"}],"wp:featuredmedia":[{"embeddable":true,"href":"https:\/\/acronoticias.com\/index.php\/wp-json\/wp\/v2\/media\/67557"}],"wp:attachment":[{"href":"https:\/\/acronoticias.com\/index.php\/wp-json\/wp\/v2\/media?parent=67556"}],"wp:term":[{"taxonomy":"category","embeddable":true,"href":"https:\/\/acronoticias.com\/index.php\/wp-json\/wp\/v2\/categories?post=67556"},{"taxonomy":"post_tag","embeddable":true,"href":"https:\/\/acronoticias.com\/index.php\/wp-json\/wp\/v2\/tags?post=67556"}],"curies":[{"name":"wp","href":"https:\/\/api.w.org\/{rel}","templated":true}]}}