{"id":67552,"date":"2026-09-05T14:58:58","date_gmt":"2026-09-05T14:58:58","guid":{"rendered":"https:\/\/acronoticias.com\/index.php\/2026\/09\/05\/joven-muere-tras-disparo-en-la-cabeza-en-cotui-como-fue-la-balacera-que-tambien-dejo-dos-heridos\/"},"modified":"2026-09-05T14:58:58","modified_gmt":"2026-09-05T14:58:58","slug":"joven-muere-tras-disparo-en-la-cabeza-en-cotui-como-fue-la-balacera-que-tambien-dejo-dos-heridos","status":"publish","type":"post","link":"https:\/\/acronoticias.com\/index.php\/2026\/09\/05\/joven-muere-tras-disparo-en-la-cabeza-en-cotui-como-fue-la-balacera-que-tambien-dejo-dos-heridos\/","title":{"rendered":"Joven muere tras disparo en la cabeza en Cotu\u00ed: \u00bfC\u00f3mo fue la balacera que tambi\u00e9n dej\u00f3 dos heridos?"},"content":{"rendered":"<div>\n<p>                                                                                            <!-- --><\/p>\n<p class=\"paragraph\"><b>Cotu\u00ed, S\u00e1nchez Ram\u00edrez.<\/b> Un joven muri\u00f3 hoy tras ser <b>impactado por una bala<\/b> en la cabeza la madrugada de hoy en Cotu\u00ed y dos personas resultaron heridas.<\/p>\n<p class=\"paragraph\">La nueva v\u00edctima de la violencia delincuencial fue identificada como Estarlyn Sanchy Meza, de 21 a\u00f1os de edad.<\/p>\n<p class=\"paragraph\">Estarlyn fue internado de urgencia en la unidad de cuidados intensivos del hospital p\u00fablico Inmaculada Concepci\u00f3n de esta ciudad y muri\u00f3 a las 8:51 de la ma\u00f1ana de hoy.<\/p>\n<figure class=\"c-detail__media \"><figcaption class=\"c-detail__media__txt\">\n<p class=\"c-detail__media__subtitle\">\n<p>        <span class=\"c-detail__media__credit \">Violencias deja un muerto y dos heridos en Cotu\u00ed<\/span><\/p>\n<\/figcaption><\/figure>\n<p class=\"paragraph\">En tanto, los heridos fueron identificados como Darlin Veloz Castro, de unos 22 a\u00f1os, y un menor de 17 a\u00f1os, cuyo nombre se omite por razones legales.<\/p>\n<div class=\"c-detail__box \">\n<article class=\"c-detail__sumario \">\n<figure class=\"c-detail__sumario__thumb\" style=\"display: block;\">\n            <a href=\"#\" title=\"\">\n                <picture data-size=\"w:140,h:140\" loading=\"lazy\" src=\"https:\/\/imagenes.hoy.com.do\/files\/related_image\/uploads\/2026\/07\/22\/6a60c2fda9737.jpeg\" data-full-src=\"https:\/\/imagenes.hoy.com.do\/uploads\/2026\/07\/22\/6a60c2fda9737.jpeg\">\n                    <img loading=\"lazy\" decoding=\"async\" width=\"140\" height=\"140\" alt=\"Hombre muere durante tiroteo en la carretera de Mendoza, pr\u00f3ximo al sector La Gr\u00faa, en Santo Domingo Este.\" src=\"https:\/\/imagenes.hoy.com.do\/uploads\/2026\/07\/22\/6a60c2fda9737.jpeg\"\/>\n                <\/picture>\n            <\/a><br \/>\n        <\/figure>\n<\/article>\n<\/div>\n<p class=\"paragraph\">La madrugada de este s\u00e1bado, <b>desconocidos que se desplazaban en una motocicleta<\/b> por la calle Francisco Alberto Caama\u00f1o De\u00f1\u00f3 <b>dispararon contra varias personas<\/b> que se encontraban pr\u00f3ximas a la Iglesia Cat\u00f3lica San Jer\u00f3nimo y a un gimnasio del sector La Altagracia de esta ciudad.<\/p>\n<div class=\"composite-video \">\n    <!-- video module configuration --><\/p>\n<div class=\"video-player\">\n<figure class=\"c-detail__media c-detail__media-video\"><figcaption class=\"c-detail__media__txt\">\n<p class=\"c-detail__media__subtitle\">\n<p>                <span class=\"c-detail__media__credit \">Escena de la balacera en Cotu\u00ed<\/span><\/p>\n<\/figcaption><\/figure>\n<\/p><\/div>\n<\/div>\n<p class=\"paragraph\">Los disparos accionados por los desconocidos causaron una herida en la cabeza a Estarlyn; a Darlin, en la pantorrilla de la pierna izquierda; y un menor de edad result\u00f3 con rotura de hueso en una pierna.<\/p>\n<p class=\"paragraph\">Los heridos permanecen en una sala de observaci\u00f3n y reciben asistencia m\u00e9dica en el hospital Inmaculada Concepci\u00f3n de esta ciudad.<\/p>\n<div class=\"c-detail__box \">\n<article class=\"c-detail__sumario \">\n<figure class=\"c-detail__sumario__thumb\" style=\"display: block;\">\n            <a href=\"#\" title=\"\">\n                <picture data-size=\"w:140,h:140\" loading=\"lazy\" src=\"https:\/\/imagenes.hoy.com.do\/files\/related_image\/uploads\/2026\/08\/27\/6a90bd6fcd8d1.webp\" data-full-src=\"https:\/\/imagenes.hoy.com.do\/uploads\/2026\/08\/27\/6a90bd6fcd8d1.webp\">\n                    <img loading=\"lazy\" decoding=\"async\" width=\"140\" height=\"140\" alt=\"\" nino=\"\" dollar=\"\" va=\"\" a=\"\" cumplir=\"\" dos=\"\" meses=\"\" de=\"\" prisi=\"\" preventiva.=\"\" src=\"https:\/\/imagenes.hoy.com.do\/uploads\/2026\/08\/27\/6a90bd6fcd8d1.webp\"\/>\n                <\/picture>\n            <\/a><br \/>\n        <\/figure>\n<\/article>\n<\/div>\n<p class=\"paragraph\">El Departamento de Investigaciones y Delitos Criminales inici\u00f3 la recolecci\u00f3n de evidencias y el monitoreo de c\u00e1maras de vigilancia en el \u00e1rea donde ocurrieron los violentos hechos.<\/p>\n<p class=\"paragraph\">El cuerpo sin vida de Estarlyn fue enviado a la unidad de Patolog\u00eda Forense de San Francisco de Macor\u00eds para la realizaci\u00f3n de una autopsia.<\/p>\n<\/p><\/div>\n","protected":false},"excerpt":{"rendered":"Cotu\u00ed, S\u00e1nchez Ram\u00edrez. Un joven muri\u00f3 hoy tras ser impactado por una&hellip;\n","protected":false},"author":1,"featured_media":67553,"comment_status":"open","ping_status":"open","sticky":false,"template":"","format":"standard","meta":{"footnotes":""},"categories":[3],"tags":[],"class_list":["post-67552","post","type-post","status-publish","format-standard","has-post-thumbnail","category-internacionales"],"_links":{"self":[{"href":"https:\/\/acronoticias.com\/index.php\/wp-json\/wp\/v2\/posts\/67552","targetHints":{"allow":["GET"]}}],"collection":[{"href":"https:\/\/acronoticias.com\/index.php\/wp-json\/wp\/v2\/posts"}],"about":[{"href":"https:\/\/acronoticias.com\/index.php\/wp-json\/wp\/v2\/types\/post"}],"author":[{"embeddable":true,"href":"https:\/\/acronoticias.com\/index.php\/wp-json\/wp\/v2\/users\/1"}],"replies":[{"embeddable":true,"href":"https:\/\/acronoticias.com\/index.php\/wp-json\/wp\/v2\/comments?post=67552"}],"version-history":[{"count":0,"href":"https:\/\/acronoticias.com\/index.php\/wp-json\/wp\/v2\/posts\/67552\/revisions"}],"wp:featuredmedia":[{"embeddable":true,"href":"https:\/\/acronoticias.com\/index.php\/wp-json\/wp\/v2\/media\/67553"}],"wp:attachment":[{"href":"https:\/\/acronoticias.com\/index.php\/wp-json\/wp\/v2\/media?parent=67552"}],"wp:term":[{"taxonomy":"category","embeddable":true,"href":"https:\/\/acronoticias.com\/index.php\/wp-json\/wp\/v2\/categories?post=67552"},{"taxonomy":"post_tag","embeddable":true,"href":"https:\/\/acronoticias.com\/index.php\/wp-json\/wp\/v2\/tags?post=67552"}],"curies":[{"name":"wp","href":"https:\/\/api.w.org\/{rel}","templated":true}]}}