{"id":67550,"date":"2026-09-05T14:54:35","date_gmt":"2026-09-05T14:54:35","guid":{"rendered":"https:\/\/acronoticias.com\/index.php\/2026\/09\/05\/director-senpa-supervisa-comunidades-de-las-provincias-san-cristobal-y-peravia\/"},"modified":"2026-09-05T14:54:35","modified_gmt":"2026-09-05T14:54:35","slug":"director-senpa-supervisa-comunidades-de-las-provincias-san-cristobal-y-peravia","status":"publish","type":"post","link":"https:\/\/acronoticias.com\/index.php\/2026\/09\/05\/director-senpa-supervisa-comunidades-de-las-provincias-san-cristobal-y-peravia\/","title":{"rendered":"Director Senpa supervisa comunidades de las provincias San Crist\u00f3bal y Peravia"},"content":{"rendered":"<p><img decoding=\"async\" width=\"355\" height=\"200\" src=\"https:\/\/nuevodiario-assets.s3.us-east-2.amazonaws.com\/wp-content\/uploads\/2026\/09\/Recorrido-Senpa-355x200.jpeg\" class=\"webfeedsFeaturedVisual wp-post-image\" alt=\"\" style=\"display: block;margin-bottom: 5px;clear:both;max-width: 100%\" loading=\"lazy\" \/><\/p>\n<p>EL NUEVO DIARIO, PERAVIA.\u2013 El director general del Servicio Nacional de Protecci\u00f3n Ambiental (Senpa), general de Brigada Rafael Genaro Almonte Cid, realiz\u00f3 un recorrido de supervisi\u00f3n por diferentes comunidades y zonas de la provincia Peravia y San Crist\u00f3bal, como parte de las acciones orientadas a fortalecer la presencia institucional y dar seguimiento directo a las labores de protecci\u00f3n ambiental en el territorio nacional.<\/p>\n<p>Durante la jornada, el director visit\u00f3 las localidades de Lecher\u00eda, Mucha Agua, Las Barias, Semana Santa, Los Tibus\u00f3, Servicorte, La Neverita, Los Malesp\u00edn, La Boca del Arroyo y Pajarito, donde realiz\u00f3 un levantamiento visual de las condiciones de las \u00e1reas inspeccionadas y sostuvo contacto con el personal del Senpa desplegado en la zona.<\/p>\n<figure id=\"attachment_3266211\" aria-describedby=\"caption-attachment-3266211\" style=\"width: 1600px\" class=\"wp-caption alignnone\"><img loading=\"lazy\" decoding=\"async\" data-recalc-dims=\"1\" class=\"size-full wp-image-3266211\" src=\"https:\/\/i0.wp.com\/nuevodiario-assets.s3.us-east-2.amazonaws.com\/wp-content\/uploads\/2026\/09\/Recorrido-de-Senpa-en-comunidades-Foto-Dir.-Com.-Senpa.jpeg?resize=640%2C427&quality=100&ssl=1\" alt=\"\" width=\"640\" height=\"427\" \/><figcaption id=\"caption-attachment-3266211\" class=\"wp-caption-text\">Recorrido de Senpa en comunidades (Foto: Dir. Com. Senpa)<\/figcaption><\/figure>\n<p>Seg\u00fan un comunicado de prensa, el recorrido permiti\u00f3 verificar de manera directa las condiciones ambientales de estos sectores, evaluar la presencia operativa de la instituci\u00f3n y conocer las principales situaciones que requieren atenci\u00f3n, fortaleciendo as\u00ed las labores de prevenci\u00f3n, vigilancia y respuesta ante posibles actividades que puedan afectar los recursos naturales.<\/p>\n<p><img loading=\"lazy\" decoding=\"async\" data-recalc-dims=\"1\" class=\"alignnone size-full wp-image-3266212\" src=\"https:\/\/i0.wp.com\/nuevodiario-assets.s3.us-east-2.amazonaws.com\/wp-content\/uploads\/2026\/09\/Recorrido-de-Senpa-en-comunidades-Foto-Dir.-Com.-Senpa-2.jpeg?resize=640%2C427&quality=100&ssl=1\" alt=\"\" width=\"640\" height=\"427\" \/><\/p>\n<p>La supervisi\u00f3n forma parte de la l\u00ednea de trabajo impulsada por el general Almonte Cid, orientada a mantener una presencia cercana y permanente en las comunidades, as\u00ed como a fortalecer la capacidad operativa del Senpa y el cumplimiento de la normativa ambiental vigente.<\/p>\n<p><img decoding=\"async\" data-recalc-dims=\"1\" loading=\"lazy\" class=\"alignnone size-full wp-image-3266214\" src=\"https:\/\/i0.wp.com\/nuevodiario-assets.s3.us-east-2.amazonaws.com\/wp-content\/uploads\/2026\/09\/Recorrido-de-Senpa-en-comunidades-Foto-Dir.-Com.-Senpa-3.jpeg?resize=640%2C427&quality=100&ssl=1\" alt=\"\" width=\"640\" height=\"427\" \/><\/p>\n<p>Con estas acciones, el Senpa reafirma su compromiso con la protecci\u00f3n de los recursos naturales y el patrimonio ambiental de la Rep\u00fablica Dominicana, mediante una labor permanente de vigilancia, prevenci\u00f3n y respuesta en todo el territorio nacional.<\/p>\n<p>La entrada <a href=\"https:\/\/elnuevodiario.com.do\/director-senpa-supervisa-comunidades-de-las-provincias-san-cristobal-y-peravia\/\">Director Senpa supervisa comunidades de las provincias San Crist\u00f3bal y Peravia<\/a> se public\u00f3 primero en <a href=\"https:\/\/elnuevodiario.com.do\">El Nuevo Diario (Rep\u00fablica Dominicana)<\/a>.<\/p>\n","protected":false},"excerpt":{"rendered":"EL NUEVO DIARIO, PERAVIA.\u2013 El director general del Servicio Nacional de Protecci\u00f3n&hellip;\n","protected":false},"author":1,"featured_media":67551,"comment_status":"open","ping_status":"open","sticky":false,"template":"","format":"standard","meta":{"footnotes":""},"categories":[1],"tags":[],"class_list":["post-67550","post","type-post","status-publish","format-standard","has-post-thumbnail","category-nacionales"],"_links":{"self":[{"href":"https:\/\/acronoticias.com\/index.php\/wp-json\/wp\/v2\/posts\/67550","targetHints":{"allow":["GET"]}}],"collection":[{"href":"https:\/\/acronoticias.com\/index.php\/wp-json\/wp\/v2\/posts"}],"about":[{"href":"https:\/\/acronoticias.com\/index.php\/wp-json\/wp\/v2\/types\/post"}],"author":[{"embeddable":true,"href":"https:\/\/acronoticias.com\/index.php\/wp-json\/wp\/v2\/users\/1"}],"replies":[{"embeddable":true,"href":"https:\/\/acronoticias.com\/index.php\/wp-json\/wp\/v2\/comments?post=67550"}],"version-history":[{"count":0,"href":"https:\/\/acronoticias.com\/index.php\/wp-json\/wp\/v2\/posts\/67550\/revisions"}],"wp:featuredmedia":[{"embeddable":true,"href":"https:\/\/acronoticias.com\/index.php\/wp-json\/wp\/v2\/media\/67551"}],"wp:attachment":[{"href":"https:\/\/acronoticias.com\/index.php\/wp-json\/wp\/v2\/media?parent=67550"}],"wp:term":[{"taxonomy":"category","embeddable":true,"href":"https:\/\/acronoticias.com\/index.php\/wp-json\/wp\/v2\/categories?post=67550"},{"taxonomy":"post_tag","embeddable":true,"href":"https:\/\/acronoticias.com\/index.php\/wp-json\/wp\/v2\/tags?post=67550"}],"curies":[{"name":"wp","href":"https:\/\/api.w.org\/{rel}","templated":true}]}}