{"id":67548,"date":"2026-09-05T14:38:34","date_gmt":"2026-09-05T14:38:34","guid":{"rendered":"https:\/\/acronoticias.com\/index.php\/2026\/09\/05\/raquel-pena-llama-a-fortalecer-las-familias-como-base-de-una-sociedad-mas-humana-y-solidaria\/"},"modified":"2026-09-05T14:38:34","modified_gmt":"2026-09-05T14:38:34","slug":"raquel-pena-llama-a-fortalecer-las-familias-como-base-de-una-sociedad-mas-humana-y-solidaria","status":"publish","type":"post","link":"https:\/\/acronoticias.com\/index.php\/2026\/09\/05\/raquel-pena-llama-a-fortalecer-las-familias-como-base-de-una-sociedad-mas-humana-y-solidaria\/","title":{"rendered":"Raquel Pe\u00f1a llama a fortalecer las familias como base de una sociedad m\u00e1s humana y solidaria"},"content":{"rendered":"<p><img loading=\"lazy\" decoding=\"async\" width=\"355\" height=\"200\" src=\"https:\/\/nuevodiario-assets.s3.us-east-2.amazonaws.com\/wp-content\/uploads\/2026\/09\/Raquel-Pena-durante-la-Global-Summit-2026-355x200.jpeg\" class=\"webfeedsFeaturedVisual wp-post-image\" alt=\"\" style=\"display: block;margin-bottom: 5px;clear:both;max-width: 100%\" \/><\/p>\n<p>EL NUEVO DIARIO, SANTO DOMINGO.\u2013 La vicepresidenta de la Rep\u00fablica, Raquel Pe\u00f1a, dict\u00f3 el viernes la conferencia magistral \u201cFamilia con Prop\u00f3sito\u201d, en el marco del Global Summit 2026, organizado por la Confederaci\u00f3n de Iglesias Evang\u00e9licas Dominicanas (CONFE), donde destac\u00f3 a la familia como la primera instituci\u00f3n sobre la que se sostiene la sociedad y llam\u00f3 a fortalecer los v\u00ednculos que se construyen desde el hogar.<\/p>\n<p>Durante su intervenci\u00f3n, Pe\u00f1a afirm\u00f3 que una familia con prop\u00f3sito debe tener a Dios en el centro y destac\u00f3 que la fe comienza con el ejemplo que padres y madres transmiten a sus hijos.<\/p>\n<p>Seg\u00fan un comunicado, la vicepresidenta se\u00f1al\u00f3 que, ante las transformaciones sociales y los nuevos desaf\u00edos que enfrentan las familias, resulta necesario cuidar los v\u00ednculos que contribuyen a construir comunidades m\u00e1s cohesionadas.<\/p>\n<p>\u201cFrente a esta realidad, tenemos el deber de fortalecer la primera y m\u00e1s importante instituci\u00f3n de nuestra sociedad\u201d, sostuvo Pe\u00f1a, al destacar que es en el hogar donde se forma el car\u00e1cter, se transmiten los valores y se construyen las convicciones que posteriormente se reflejan en la vida p\u00fablica.<\/p>\n<p>En ese sentido, resalt\u00f3 las iniciativas impulsadas bajo el liderazgo del presidente Luis Abinader para acompa\u00f1ar a las familias y ampliar las oportunidades de desarrollo de sus integrantes.<\/p>\n<p>Pe\u00f1a destac\u00f3 adem\u00e1s la creaci\u00f3n del Gabinete de la Familia como instancia de articulaci\u00f3n de las pol\u00edticas p\u00fablicas dirigidas a los hogares dominicanos y reconoci\u00f3 la labor de su coordinador general, el pastor Milc\u00edades Franjul.<\/p>\n<p>\u201cLa familia necesita valores firmes, unidad y liderazgo, pero tambi\u00e9n necesita oportunidades que le permitan avanzar\u201d, expres\u00f3 la vicepresidenta.<\/p>\n<p>Pe\u00f1a se\u00f1al\u00f3 que el Estado tiene la responsabilidad de contribuir a crear las condiciones que permitan a las familias desarrollarse, mediante pol\u00edticas que faciliten el acceso a la educaci\u00f3n, la vivienda y otras oportunidades que inciden directamente en su bienestar.<\/p>\n<p>Al concluir su intervenci\u00f3n, la vicepresidenta hizo un llamado a asumir el cuidado de los dem\u00e1s como una responsabilidad compartida y a pensar en el legado que las generaciones actuales dejar\u00e1n a las que vienen detr\u00e1s.<\/p>\n<p>\u201cEstamos llamados a ser guardianes los unos de los otros\u201d, afirm\u00f3 Pe\u00f1a, al plantear que ese legado debe trascender las condiciones materiales y expresarse tambi\u00e9n en familias capaces de vivir con prop\u00f3sito.<\/p>\n<p>De su lado, el coordinador general del Gabinete de la Familia, Milc\u00edades Franjul, expres\u00f3 que el encuentro constituye una invitaci\u00f3n a mirar con responsabilidad el presente y el futuro de las familias.<\/p>\n<p>Asimismo, destac\u00f3 que su fortalecimiento requiere del compromiso de los distintos sectores de la sociedad.<\/p>\n<p>El presidente de CONFE, pastor \u00c1ngel Zapata, se\u00f1al\u00f3 que el encuentro procura extender el llamado al fortalecimiento de la familia en todo el territorio nacional, colocando a Jesucristo en el centro del hogar y promoviendo la formaci\u00f3n en valores desde la infancia.<\/p>\n<p>En tanto, el pastor Ezequiel Molina elev\u00f3 una oraci\u00f3n por las familias dominicanas y por las iniciativas dirigidas a su fortalecimiento.<\/p>\n<p>Al evento tambi\u00e9n asistieron el senador por Santiago, Daniel Rivera; Oren Bar-El, embajador extraordinario y plenipotenciario de Israel en Rep\u00fablica Dominicana; Rafael Burgos, director general de Bienes Nacionales; el doctor Mario Lama, adem\u00e1s de autoridades y representantes de distintos sectores.<\/p>\n<p>La entrada <a href=\"https:\/\/elnuevodiario.com.do\/raquel-pena-llama-a-fortalecer-las-familias-como-base-de-una-sociedad-mas-humana-y-solidaria\/\">Raquel Pe\u00f1a llama a fortalecer las familias como base de una sociedad m\u00e1s humana y solidaria<\/a> se public\u00f3 primero en <a href=\"https:\/\/elnuevodiario.com.do\">El Nuevo Diario (Rep\u00fablica Dominicana)<\/a>.<\/p>\n","protected":false},"excerpt":{"rendered":"EL NUEVO DIARIO, SANTO DOMINGO.\u2013 La vicepresidenta de la Rep\u00fablica, Raquel Pe\u00f1a,&hellip;\n","protected":false},"author":1,"featured_media":67549,"comment_status":"open","ping_status":"open","sticky":false,"template":"","format":"standard","meta":{"footnotes":""},"categories":[1],"tags":[],"class_list":["post-67548","post","type-post","status-publish","format-standard","has-post-thumbnail","category-nacionales"],"_links":{"self":[{"href":"https:\/\/acronoticias.com\/index.php\/wp-json\/wp\/v2\/posts\/67548","targetHints":{"allow":["GET"]}}],"collection":[{"href":"https:\/\/acronoticias.com\/index.php\/wp-json\/wp\/v2\/posts"}],"about":[{"href":"https:\/\/acronoticias.com\/index.php\/wp-json\/wp\/v2\/types\/post"}],"author":[{"embeddable":true,"href":"https:\/\/acronoticias.com\/index.php\/wp-json\/wp\/v2\/users\/1"}],"replies":[{"embeddable":true,"href":"https:\/\/acronoticias.com\/index.php\/wp-json\/wp\/v2\/comments?post=67548"}],"version-history":[{"count":0,"href":"https:\/\/acronoticias.com\/index.php\/wp-json\/wp\/v2\/posts\/67548\/revisions"}],"wp:featuredmedia":[{"embeddable":true,"href":"https:\/\/acronoticias.com\/index.php\/wp-json\/wp\/v2\/media\/67549"}],"wp:attachment":[{"href":"https:\/\/acronoticias.com\/index.php\/wp-json\/wp\/v2\/media?parent=67548"}],"wp:term":[{"taxonomy":"category","embeddable":true,"href":"https:\/\/acronoticias.com\/index.php\/wp-json\/wp\/v2\/categories?post=67548"},{"taxonomy":"post_tag","embeddable":true,"href":"https:\/\/acronoticias.com\/index.php\/wp-json\/wp\/v2\/tags?post=67548"}],"curies":[{"name":"wp","href":"https:\/\/api.w.org\/{rel}","templated":true}]}}