{"id":67544,"date":"2026-09-05T13:59:35","date_gmt":"2026-09-05T13:59:35","guid":{"rendered":"https:\/\/acronoticias.com\/index.php\/2026\/09\/05\/mas-de-250-artistas-y-3500-asistentes-se-reuniran-en-premios-juventud-2026-en-marbella\/"},"modified":"2026-09-05T13:59:35","modified_gmt":"2026-09-05T13:59:35","slug":"mas-de-250-artistas-y-3500-asistentes-se-reuniran-en-premios-juventud-2026-en-marbella","status":"publish","type":"post","link":"https:\/\/acronoticias.com\/index.php\/2026\/09\/05\/mas-de-250-artistas-y-3500-asistentes-se-reuniran-en-premios-juventud-2026-en-marbella\/","title":{"rendered":"M\u00e1s de 250 artistas y 3,500 asistentes se reunir\u00e1n en Premios Juventud 2026 en Marbella"},"content":{"rendered":"<div>\n<div class=\"c-detail__author full\">\n<div>\n<div class=\"c-detail__author__thumb\">\n<figure>\n                                <picture src=\"https:\/\/imagenes.hoy.com.do\/files\/image_square_xs\/uploads\/2025\/11\/10\/6911b3b5d935b.png\" data-size=\"w:40,h:40\">\n                                    <img decoding=\"async\" loading=\"lazy\" alt=\"Hoy .\" width=\"40\" height=\"40\" src=\"https:\/\/imagenes.hoy.com.do\/files\/image_square_xs\/uploads\/2025\/11\/10\/6911b3b5d935b.png\"\/>\n                                <\/picture>\n                                <\/figure>\n<\/div>\n<\/div>\n<\/div>\n<p>                                                                                            <!-- --><\/p>\n<p class=\"paragraph\"><a href=\"https:\/\/x.com\/PeriodicoHoy\">Latinoam\u00e9rica <\/a>le cede el testigo a Espa\u00f1a y por primera vez en 23 a\u00f1os el 3 de septiembre, la ciudad de Marbella ser\u00e1 el epicentro mundial de la m\u00fasica latina.\u00a0<\/p>\n<p class=\"paragraph\">En esta edici\u00f3n, los Premios Juventud celebrar\u00e1n su primera edici\u00f3n europea en Starlite Marbella.\u00a0<\/p>\n<p class=\"paragraph\">A lo largo de sus 22 ediciones anteriores, desde 2004 hasta 2025, la aclamada ceremonia siempre se hab\u00eda celebrado en el continente americano, teniendo como sedes Miami (Estados Unidos), San Juan (Puerto Rico) y la Ciudad de Panam\u00e1.<\/p>\n<p class=\"paragraph\">El cartel confirmado para Starlite \u2013 Premios Juventud 2026 contar\u00e1 con una destacada representaci\u00f3n de la Rep\u00fablica Dominicana, reafirmando el alcance y la influencia de la m\u00fasica urbana local en la escena internacional. Alofoke Music, Kiko El Crazy, Arlene MC y Jey One formar\u00e1n parte de una celebraci\u00f3n que reunir\u00e1 a grandes figuras de la m\u00fasica latina y en espa\u00f1ol, entre ellas Marc Anthony, Camilo, Christian Nodal, Wisin, Yandel, Farruko, Elvis Crespo, Eladio Carri\u00f3n, Morat, Greeicy, Kapo, Fariana, \u00c1ngela Aguilar, Mau y Ricky, Silvestre Dangond y Juan Mag\u00e1n, entre otros artistas.<\/p>\n<p class=\"paragraph\">La gala tambi\u00e9n tendr\u00e1 un importante sello dominicano con la participaci\u00f3n de Clarissa Molina como una de sus presentadoras, junto a Jes\u00fas V\u00e1zquez y Alejandra Espinoza, tres rostros ampliamente reconocidos por la audiencia hispana.\u00a0<\/p>\n<p class=\"paragraph\">La celebraci\u00f3n contar\u00e1 adem\u00e1s con la presencia de destacadas personalidades y creadores como Antonio Banderas y Lola Lolita, integrando a la m\u00fasica el alcance de la cultura digital, el entretenimiento y la creaci\u00f3n de contenidos.<\/p>\n<figure class=\"c-detail__media \"><figcaption class=\"c-detail__media__txt\">\n<p class=\"c-detail__media__subtitle\">\n<p>        <span class=\"c-detail__media__credit \">Conciertos en Premios Juventud<\/span><\/p>\n<\/figcaption><\/figure>\n<p class=\"paragraph\">En esta ocasi\u00f3n, la premiaci\u00f3n contar\u00e1 con m\u00e1s de 250 artistas invitados, m\u00e1s de 3,500 asistentes y una veintena de actuaciones, que convertir\u00e1n la cita en uno de los grandes acontecimientos musicales del a\u00f1o.\u00a0<\/p>\n<p class=\"paragraph\">La gala podr\u00e1 seguirse en directo desde Espa\u00f1a, Estados Unidos y Latinoam\u00e9rica, con una se\u00f1al que llegar\u00e1 a m\u00e1s de 150 pa\u00edses de todo el mundo.<\/p>\n<p class=\"paragraph\">La historia de los Premios Juventud est\u00e1 estrechamente ligada a la evoluci\u00f3n de artistas que comenzaron consolidando su popularidad en este escenario y posteriormente alcanzaron dimensi\u00f3n global, entre ellos Bad Bunny, Karol G, Maluma y J Balvin.<\/p>\n<p class=\"paragraph\">\u201cLa llegada a Marbella supone un nuevo cap\u00edtulo para unos premios que durante m\u00e1s de dos d\u00e9cadas han acompa\u00f1ado la evoluci\u00f3n de la m\u00fasica y la cultura popular latina. Premios Juventud naci\u00f3 en Miami en 2004 y se mantuvo all\u00ed en sus primeras ediciones. Posteriormente, entre 2022 y 2024, la ceremonia se celebr\u00f3 en San Juan de Puerto Rico, antes de trasladarse en 2025 a Ciudad de Panam\u00e1. Ahora, en 2026, da su mayor salto internacional al celebrar por primera vez una edici\u00f3n en Europa\u201d declar\u00f3 Sandra Garc\u00eda-Sanju\u00e1n, cofundadora y presidenta ejecutiva de Starlite.<\/p>\n<p class=\"paragraph\">Este salto internacional tiene un precedente reciente. El 15 de diciembre de 2025, Starlite llev\u00f3 a Madrid por primera vez el formato Billboard No. 1s fuera de Estados Unidos, convirtiendo a Espa\u00f1a en el primer mercado internacional en acoger este formato.\u00a0<\/p>\n<figure class=\"c-detail__media \"><figcaption class=\"c-detail__media__txt\">\n<p class=\"c-detail__media__subtitle\">\n<p>        <span class=\"c-detail__media__credit \">Starlite<\/span><span class=\"c-detail__media__author \">NOE<\/span><\/p>\n<\/figcaption><\/figure>\n<p class=\"paragraph\">Menos de un a\u00f1o despu\u00e9s, Marbella vuelve a situarse en el centro de la conversaci\u00f3n internacional con la llegada de Premios Juventud a Starlite.<\/p>\n<p class=\"paragraph\">Un Evento de Relevancia Mundial. A modo de ejemplo, en pasadas ediciones en Estados Unidos ha registrado resultados de audiencia superiores a los MTV Video Music Awards y un porcentaje de seguimiento en directo superior al de los Grammy entre los adultos hispanos, seg\u00fan datos de TelevisaUnivision.<\/p>\n<h2 id=\"sobre-grupo-starlite\" class=\"subtitle\">Sobre Grupo Starlite<\/h2>\n<figure class=\"c-detail__media \"><figcaption class=\"c-detail__media__txt\">\n<p class=\"c-detail__media__subtitle\">\n<p>        <span class=\"c-detail__media__credit \">Ana Guerra, Leila Cobo y Sandra Garc\u00eda SanJu\u00e1n \u2013 Bilboard No. 1 Starlite<\/span><\/p>\n<\/figcaption><\/figure>\n<p class=\"paragraph\">Grupo Starlite es una plataforma global de entertainment y lifestyle que construye ecosistemas alrededor de la cultura capaces de transformar territorios, impulsar talento, conectar mercados y dejar un legado que trasciende cada experiencia.\u00a0<\/p>\n<p class=\"paragraph\">Como empresa con prop\u00f3sito, integra m\u00fasica, cultura, hospitality y filantrop\u00eda en un modelo que combina experiencias de alto valor emocional con impacto econ\u00f3mico, proyecci\u00f3n internacional y compromiso social.<\/p>\n<p class=\"paragraph\">Su buque insignia, Starlite Occident, se ha consolidado como el festival boutique de m\u00fasica m\u00e1s importante del mundo. A lo largo de 15 a\u00f1os, m\u00e1s de dos millones de asistentes de 97 nacionalidades han pasado por Starlite Occident, convirti\u00e9ndolo en un puente natural de la m\u00fasica entre Am\u00e9rica y Europa y en la casa europea de los artistas latinos.\u00a0<\/p>\n<p class=\"paragraph\">En el coraz\u00f3n de Starlite Occident se encuentra su ic\u00f3nico anfiteatro de Marbella, excavado en la roca, con una ac\u00fastica extraordinaria y una cercan\u00eda \u00fanica entre los artistas y su p\u00fablico.<\/p>\n<p class=\"paragraph\">En su 15\u00ba aniversario, Starlite vuelve a hacer historia acogiendo la primera edici\u00f3n europea de Premios Juventud, despu\u00e9s de 23 a\u00f1os celebr\u00e1ndose en Am\u00e9rica, reforzando su vocaci\u00f3n de conectar culturas, mercados y talento a ambos lados del Atl\u00e1ntico.<\/p>\n<div class=\"c-detail__box \">\n<article class=\"c-detail__sumario \">\n<figure class=\"c-detail__sumario__thumb\" style=\"display: block;\">\n            <a href=\"#\" title=\"\">\n                <picture data-size=\"w:140,h:140\" loading=\"lazy\" src=\"https:\/\/imagenes.hoy.com.do\/files\/related_image\/files\/fp\/uploads\/2026\/09\/04\/6a9aca230a39a.r_d.803-585.jpeg\" data-full-src=\"https:\/\/imagenes.hoy.com.do\/uploads\/2026\/09\/04\/6a9aca230a39a.jpeg\">\n                    <img loading=\"lazy\" decoding=\"async\" width=\"140\" height=\"140\" alt=\"Im\u00e1genes de los invitados\" src=\"https:\/\/imagenes.hoy.com.do\/uploads\/2026\/09\/04\/6a9aca230a39a.jpeg\"\/>\n                <\/picture>\n            <\/a><br \/>\n        <\/figure>\n<\/article>\n<\/div><\/div>\n","protected":false},"excerpt":{"rendered":"Latinoam\u00e9rica le cede el testigo a Espa\u00f1a y por primera vez en&hellip;\n","protected":false},"author":1,"featured_media":67545,"comment_status":"open","ping_status":"open","sticky":false,"template":"","format":"standard","meta":{"footnotes":""},"categories":[2],"tags":[],"class_list":["post-67544","post","type-post","status-publish","format-standard","has-post-thumbnail","category-deporte"],"_links":{"self":[{"href":"https:\/\/acronoticias.com\/index.php\/wp-json\/wp\/v2\/posts\/67544","targetHints":{"allow":["GET"]}}],"collection":[{"href":"https:\/\/acronoticias.com\/index.php\/wp-json\/wp\/v2\/posts"}],"about":[{"href":"https:\/\/acronoticias.com\/index.php\/wp-json\/wp\/v2\/types\/post"}],"author":[{"embeddable":true,"href":"https:\/\/acronoticias.com\/index.php\/wp-json\/wp\/v2\/users\/1"}],"replies":[{"embeddable":true,"href":"https:\/\/acronoticias.com\/index.php\/wp-json\/wp\/v2\/comments?post=67544"}],"version-history":[{"count":0,"href":"https:\/\/acronoticias.com\/index.php\/wp-json\/wp\/v2\/posts\/67544\/revisions"}],"wp:featuredmedia":[{"embeddable":true,"href":"https:\/\/acronoticias.com\/index.php\/wp-json\/wp\/v2\/media\/67545"}],"wp:attachment":[{"href":"https:\/\/acronoticias.com\/index.php\/wp-json\/wp\/v2\/media?parent=67544"}],"wp:term":[{"taxonomy":"category","embeddable":true,"href":"https:\/\/acronoticias.com\/index.php\/wp-json\/wp\/v2\/categories?post=67544"},{"taxonomy":"post_tag","embeddable":true,"href":"https:\/\/acronoticias.com\/index.php\/wp-json\/wp\/v2\/tags?post=67544"}],"curies":[{"name":"wp","href":"https:\/\/api.w.org\/{rel}","templated":true}]}}