{"id":67542,"date":"2026-09-05T13:57:52","date_gmt":"2026-09-05T13:57:52","guid":{"rendered":"https:\/\/acronoticias.com\/index.php\/2026\/09\/05\/ivana-loyola-y-adri-torron-encenderan-el-escenario-de-artlive\/"},"modified":"2026-09-05T13:57:52","modified_gmt":"2026-09-05T13:57:52","slug":"ivana-loyola-y-adri-torron-encenderan-el-escenario-de-artlive","status":"publish","type":"post","link":"https:\/\/acronoticias.com\/index.php\/2026\/09\/05\/ivana-loyola-y-adri-torron-encenderan-el-escenario-de-artlive\/","title":{"rendered":"Ivana Loyola y Adri Torr\u00f3n encender\u00e1n el escenario de ArtLive"},"content":{"rendered":"<div>\n<div class=\"c-detail__author full\">\n<div>\n<div class=\"c-detail__author__thumb\">\n<figure>\n                                <picture src=\"https:\/\/imagenes.hoy.com.do\/files\/image_square_xs\/uploads\/2025\/11\/10\/6911b3b5d935b.png\" data-size=\"w:40,h:40\">\n                                    <img decoding=\"async\" loading=\"lazy\" alt=\"Hoy .\" width=\"40\" height=\"40\" src=\"https:\/\/imagenes.hoy.com.do\/files\/image_square_xs\/uploads\/2025\/11\/10\/6911b3b5d935b.png\"\/>\n                                <\/picture>\n                                <\/figure>\n<\/div>\n<\/div>\n<\/div>\n<p>                                                                                            <!-- --><\/p>\n<p class=\"paragraph\"><a href=\"https:\/\/x.com\/PeriodicoHoy\">DownTown Center<\/a> inaugurar\u00e1 ArtLive este s\u00e1bado 5 de septiembre, a partir de las 4:00 p. m., en su Atrio Central, con las presentaciones musicales de Ivana Loyola y Adri Torr\u00f3n.\u00a0<\/p>\n<p class=\"paragraph\">El p\u00fablico tambi\u00e9n podr\u00e1 disfrutar de retratos en vivo realizados por Laura Santana y conocer la obra creada para DownTown Center por Chris Juliette Peguero (Artypical), adem\u00e1s de animaci\u00f3n y degustaciones.<\/p>\n<p class=\"paragraph\">ArtLive continuar\u00e1 durante septiembre con una programaci\u00f3n de m\u00fasica, ilustraci\u00f3n y pintura en vivo, as\u00ed como conversatorios sobre cine y teatro.\u00a0<\/p>\n<p class=\"paragraph\">Las actividades se extender\u00e1n hasta el 23 de septiembre bajo el concepto \u00abLa felicidad se crea en vivo\u00bb.<\/p>\n<p class=\"paragraph\"><b>Sobre DownTown Center<\/b><\/p>\n<p class=\"paragraph\">DownTown Center es un espacio comercial y de entretenimiento que integra compras, gastronom\u00eda, servicios, cine y experiencias para toda la familia.<\/p>\n<p class=\"paragraph\">Mediante iniciativas culturales, sociales y recreativas, promueve la conexi\u00f3n con su comunidad, impulsa el talento local y reafirma su compromiso de ofrecer propuestas innovadoras que generan bienestar y felicidad.<\/p>\n<figure class=\"c-detail__media \"><figcaption class=\"c-detail__media__txt\">\n<p class=\"c-detail__media__subtitle\">\n<p>        <span class=\"c-detail__media__credit \">Ivana Loyola<\/span><\/p>\n<\/figcaption><\/figure>\n<div class=\"c-detail__box \">\n<article class=\"c-detail__sumario \">\n<figure class=\"c-detail__sumario__thumb\" style=\"display: block;\">\n            <a href=\"#\" title=\"\">\n                <picture data-size=\"w:140,h:140\" loading=\"lazy\" src=\"https:\/\/imagenes.hoy.com.do\/files\/related_image\/uploads\/2026\/09\/03\/6a9a1b421937e.jpeg\" data-full-src=\"https:\/\/imagenes.hoy.com.do\/uploads\/2026\/09\/03\/6a9a1b421937e.jpeg\">\n                    <img loading=\"lazy\" decoding=\"async\" width=\"140\" height=\"140\" alt=\"Miss\" src=\"https:\/\/imagenes.hoy.com.do\/uploads\/2026\/09\/03\/6a9a1b421937e.jpeg\"\/>\n                <\/picture>\n            <\/a><br \/>\n        <\/figure>\n<\/article>\n<\/div><\/div>\n","protected":false},"excerpt":{"rendered":"DownTown Center inaugurar\u00e1 ArtLive este s\u00e1bado 5 de septiembre, a partir de&hellip;\n","protected":false},"author":1,"featured_media":67543,"comment_status":"open","ping_status":"open","sticky":false,"template":"","format":"standard","meta":{"footnotes":""},"categories":[3],"tags":[],"class_list":["post-67542","post","type-post","status-publish","format-standard","has-post-thumbnail","category-internacionales"],"_links":{"self":[{"href":"https:\/\/acronoticias.com\/index.php\/wp-json\/wp\/v2\/posts\/67542","targetHints":{"allow":["GET"]}}],"collection":[{"href":"https:\/\/acronoticias.com\/index.php\/wp-json\/wp\/v2\/posts"}],"about":[{"href":"https:\/\/acronoticias.com\/index.php\/wp-json\/wp\/v2\/types\/post"}],"author":[{"embeddable":true,"href":"https:\/\/acronoticias.com\/index.php\/wp-json\/wp\/v2\/users\/1"}],"replies":[{"embeddable":true,"href":"https:\/\/acronoticias.com\/index.php\/wp-json\/wp\/v2\/comments?post=67542"}],"version-history":[{"count":0,"href":"https:\/\/acronoticias.com\/index.php\/wp-json\/wp\/v2\/posts\/67542\/revisions"}],"wp:featuredmedia":[{"embeddable":true,"href":"https:\/\/acronoticias.com\/index.php\/wp-json\/wp\/v2\/media\/67543"}],"wp:attachment":[{"href":"https:\/\/acronoticias.com\/index.php\/wp-json\/wp\/v2\/media?parent=67542"}],"wp:term":[{"taxonomy":"category","embeddable":true,"href":"https:\/\/acronoticias.com\/index.php\/wp-json\/wp\/v2\/categories?post=67542"},{"taxonomy":"post_tag","embeddable":true,"href":"https:\/\/acronoticias.com\/index.php\/wp-json\/wp\/v2\/tags?post=67542"}],"curies":[{"name":"wp","href":"https:\/\/api.w.org\/{rel}","templated":true}]}}