{"id":67536,"date":"2026-09-05T13:18:37","date_gmt":"2026-09-05T13:18:37","guid":{"rendered":"https:\/\/acronoticias.com\/index.php\/2026\/09\/05\/asodemu-uasd-de-sfm-rechaza-desvinculacion-de-11-empleados-contratados\/"},"modified":"2026-09-05T13:18:37","modified_gmt":"2026-09-05T13:18:37","slug":"asodemu-uasd-de-sfm-rechaza-desvinculacion-de-11-empleados-contratados","status":"publish","type":"post","link":"https:\/\/acronoticias.com\/index.php\/2026\/09\/05\/asodemu-uasd-de-sfm-rechaza-desvinculacion-de-11-empleados-contratados\/","title":{"rendered":"Asodemu-UASD de SFM rechaza desvinculaci\u00f3n de 11 empleados contratados"},"content":{"rendered":"<p><img loading=\"lazy\" decoding=\"async\" width=\"355\" height=\"200\" src=\"https:\/\/nuevodiario-assets.s3.us-east-2.amazonaws.com\/wp-content\/uploads\/2026\/06\/Maximo-Peralta-355x200.png\" class=\"webfeedsFeaturedVisual wp-post-image\" alt=\"\" style=\"display: block;margin-bottom: 5px;clear:both;max-width: 100%\" \/><\/p>\n<p>EL NUEVO DIARIO, SAN FRANCISCO DE MACOR\u00cdS.- La Asociaci\u00f3n de Empleados Universitarios del Recinto de la Universidad Aut\u00f3noma de Santo Domingo (UASD) en San Francisco de Macor\u00eds (Asodemu-UASD-SFM) rechaz\u00f3 categ\u00f3ricamente la desvinculaci\u00f3n de 11 empleados contratados de esa instituci\u00f3n acad\u00e9mica.<\/p>\n<p>La organizaci\u00f3n sindical calific\u00f3 la medida como \u201cpreocupante e injusta\u201d, al considerar que afecta directamente la estabilidad laboral y econ\u00f3mica de los trabajadores desvinculados y de sus familias.<\/p>\n<p>En un comunicado, Asodemu-UASD-SFM destac\u00f3 que los empleados hab\u00edan desempe\u00f1ado sus funciones con responsabilidad, entrega y compromiso durante el tiempo que prestaron servicios en la academia.<\/p>\n<p><a href=\"https:\/\/nuevodiario-assets.s3.us-east-2.amazonaws.com\/wp-content\/uploads\/2026\/09\/Maximo-Peralta.mp4\">M\u00e1ximo Peralta<\/a><\/p>\n<p>La asociaci\u00f3n cuestion\u00f3 que la decisi\u00f3n desconozca, seg\u00fan afirm\u00f3, el esfuerzo y la dedicaci\u00f3n demostrados por los trabajadores durante su permanencia en la instituci\u00f3n.<\/p>\n<p>Ante esta situaci\u00f3n, hizo un llamado a las autoridades universitarias a reconsiderar la medida y procurar soluciones que calific\u00f3 de \u201cjustas, humanas y respetuosas de los derechos laborales\u201d de los afectados.<\/p>\n<p>\u201cHoy levantamos nuestra voz en solidaridad con los 11 compa\u00f1eros desvinculados, porque entendemos que la defensa de los derechos laborales debe ser una responsabilidad de todos\u201d, expres\u00f3 la organizaci\u00f3n.<\/p>\n<p>Asodemu-UASD-SFM reiter\u00f3 que se mantendr\u00e1 firme en defensa de los trabajadores afectados por la medida.<\/p>\n<p>La entrada <a href=\"https:\/\/elnuevodiario.com.do\/asodemu-uasd-de-sfm-rechaza-desvinculacion-de-11-empleados-contratados\/\">Asodemu-UASD de SFM rechaza desvinculaci\u00f3n de 11 empleados contratados<\/a> se public\u00f3 primero en <a href=\"https:\/\/elnuevodiario.com.do\">El Nuevo Diario (Rep\u00fablica Dominicana)<\/a>.<\/p>\n","protected":false},"excerpt":{"rendered":"EL NUEVO DIARIO, SAN FRANCISCO DE MACOR\u00cdS.- La Asociaci\u00f3n de Empleados Universitarios&hellip;\n","protected":false},"author":1,"featured_media":67537,"comment_status":"open","ping_status":"open","sticky":false,"template":"","format":"standard","meta":{"footnotes":""},"categories":[1],"tags":[],"class_list":["post-67536","post","type-post","status-publish","format-standard","has-post-thumbnail","category-nacionales"],"_links":{"self":[{"href":"https:\/\/acronoticias.com\/index.php\/wp-json\/wp\/v2\/posts\/67536","targetHints":{"allow":["GET"]}}],"collection":[{"href":"https:\/\/acronoticias.com\/index.php\/wp-json\/wp\/v2\/posts"}],"about":[{"href":"https:\/\/acronoticias.com\/index.php\/wp-json\/wp\/v2\/types\/post"}],"author":[{"embeddable":true,"href":"https:\/\/acronoticias.com\/index.php\/wp-json\/wp\/v2\/users\/1"}],"replies":[{"embeddable":true,"href":"https:\/\/acronoticias.com\/index.php\/wp-json\/wp\/v2\/comments?post=67536"}],"version-history":[{"count":0,"href":"https:\/\/acronoticias.com\/index.php\/wp-json\/wp\/v2\/posts\/67536\/revisions"}],"wp:featuredmedia":[{"embeddable":true,"href":"https:\/\/acronoticias.com\/index.php\/wp-json\/wp\/v2\/media\/67537"}],"wp:attachment":[{"href":"https:\/\/acronoticias.com\/index.php\/wp-json\/wp\/v2\/media?parent=67536"}],"wp:term":[{"taxonomy":"category","embeddable":true,"href":"https:\/\/acronoticias.com\/index.php\/wp-json\/wp\/v2\/categories?post=67536"},{"taxonomy":"post_tag","embeddable":true,"href":"https:\/\/acronoticias.com\/index.php\/wp-json\/wp\/v2\/tags?post=67536"}],"curies":[{"name":"wp","href":"https:\/\/api.w.org\/{rel}","templated":true}]}}