{"id":67522,"date":"2026-09-05T11:56:38","date_gmt":"2026-09-05T11:56:38","guid":{"rendered":"https:\/\/acronoticias.com\/index.php\/2026\/09\/05\/a-vivir-la-vida\/"},"modified":"2026-09-05T11:56:38","modified_gmt":"2026-09-05T11:56:38","slug":"a-vivir-la-vida","status":"publish","type":"post","link":"https:\/\/acronoticias.com\/index.php\/2026\/09\/05\/a-vivir-la-vida\/","title":{"rendered":"A vivir la vida"},"content":{"rendered":"<div>\n<p>                                                                                            <!-- --><\/p>\n<p class=\"paragraph\">La <b>mayor\u00eda de las personas<\/b> desean vivir, disfrutar su vida, todos reconocemos las dificultades, conflictos que debe enfrentar el individuo para tener una vida digna, pero, resulta innegable que llegar a esas posibilidades de ver por primera vez la luz y adentrarse poco a poco a las profundidades de la existencia humana, es una satisfacci\u00f3n incomparable con cualquier otra sensaci\u00f3n.<\/p>\n<p class=\"paragraph\">Es poder disfrutar, compartir, re\u00edr, sufrir, llorar, gozar, sorprenderse a cada instante de los giros que puede dar la dicha de existir. Vivir la vida debe ser fuente permanente de emociones, pero tambi\u00e9n de lucha, perseverancia, rompimiento de ataduras, logro de metas, b\u00fasqueda de soluciones a los conflictos y limitaciones.<\/p>\n<p class=\"paragraph\">Ver la <b>infinidad del mar<\/b>, un r\u00edo con sus dulces aguas, un arroyuelo que se desplaza murmurando mensajes ininteligibles, pero que nos llenan de gratas emociones. La salida del sol que parece anunciar la vida; la puesta de este que nos llama al compartir con familiares, amigos, al reposo para cargados de nuevas energ\u00edas iniciar un nuevo d\u00eda. Parecer\u00eda interminable la lista de cosas que nos admiran: el trinar de las aves, el trajinar de las personas, el verdor en las monta\u00f1as, leer un buen libro, escuchar la m\u00fasica de su agrado, bailar, cantar.<\/p>\n<p class=\"paragraph\">Aunque nacemos fr\u00e1giles, un entorno con buenas orientaciones, ejemplos, aprendizaje adecuado nos permiten desarrollar la fortaleza necesaria para superar los retos diarios<b> \u00a1La vida es bella!<\/b> sin olvidar que el ac\u00edbar tambi\u00e9n puede hacer su aparici\u00f3n durante todo su trayecto.<\/p>\n<p class=\"paragraph\">Pero, si todo lo anterior es cierto, \u00bfC\u00f3mo es que a nivel mundial un n\u00famero importante de personas deciden ponerles fin a sus vidas? El suicidio es problema preocupante de salud p\u00fablica que a\u00fan est\u00e1 rodeado de estigmas, tab\u00faes. Es la tercera causa de defunci\u00f3n entre personas de <b>15-29 a\u00f1os<\/b>. En 2021 unas 727,000 personas en el mundo perdieron la vida mediante este. Lesoto, \u00c1frica, registra las tasas m\u00e1s altas superando los 28-87 casos por cada 100,000 habitantes, Suazilandia 27-40 casos, Guyana 40-44 casos, Corea del Sur 27.5 casos. En 2025 Rep\u00fablica Dominicana registr\u00f3 6.0 casos por 100,000 habitantes.<\/p>\n<p class=\"paragraph\">El <b>suicidio<\/b> consiste en la \u201cmuerte autoinfligida intencionalmente. La conducta suicida abarca un conjunto de comportamientos que incluyen: suicidio consumado, intento de suicidio o ideaci\u00f3n suicida\u201d. Los factores de riesgo son diversos: gen\u00e9ticos, psicol\u00f3gicos, ambientales y situacionales. Causas: depresi\u00f3n, abuso de sustancias, acontecimientos vitales adversos, personalidad impulsiva\/agresiva, falta de soporte social, de creencias religiosas u otras razones para vivir.<\/p>\n<p class=\"paragraph\">Es una tragedia que impacta no s\u00f3lo a la v\u00edctima, sino tambi\u00e9n a sus familias y comunidades. Prevenirlo requiere una respuesta integral, coordinada entre una variedad de sectores que incluyen salud, educaci\u00f3n, trabajo, protecci\u00f3n social, poder judicial.<\/p>\n<p class=\"paragraph\">La gu\u00eda de la <b>OMS<\/b> \u201cVivir la vida\u201d propone intervenciones urgentes para prevenir el suicidio, enfocadas en promover un reporte period\u00edstico responsable, desarrollar habilidades socioemocionales en adolescentes, mejorar la detecci\u00f3n y seguimiento profesional de los afectados.<\/p>\n<p class=\"paragraph\"><b>Sugerencias: <\/b><\/p>\n<p class=\"paragraph\">Observe si entre sus allegados aparecen manifestaciones de desencanto, p\u00e9rdida de inter\u00e9s por cosas que antes disfrutaba, aislamiento, descuido en su higiene personal.<\/p>\n<p class=\"paragraph\">Un intento suicida corresponde a una persona que perdi\u00f3 las perspectivas de vida, confianza en s\u00ed mismo para salir adelante. Trate de comprender, orientar,  apoyar<\/p>\n<p class=\"paragraph\">No se alarme por la presencia de ideas suicidas, escuche sin juzgar.<\/p>\n<p class=\"paragraph\">De persistir manifestaciones procure ayuda de un profesional de la salud mental.<\/p>\n<p class=\"paragraph\">Debemos tomar todas las medidas para prevenir el suicidio; a\u00fan as\u00ed, no podemos garantizar que no sigan ocurriendo dada la diversidad de los factores de riesgo. Mientras continuamos los esfuerzos para evitarlos, conviene vivir la vida, recordando que esta contin\u00faa a pesar del dolor.<\/p>\n<div class=\"c-detail__box \">\n<article class=\"c-detail__sumario \">\n<figure class=\"c-detail__sumario__thumb\" style=\"display: block;\">\n            <a href=\"#\" title=\"\">\n                <picture data-size=\"w:140,h:140\" loading=\"lazy\" src=\"https:\/\/imagenes.hoy.com.do\/files\/related_image\/files\/fp\/uploads\/2026\/08\/28\/6a9233859a70f.r_d.207-88.jpeg\" data-full-src=\"https:\/\/imagenes.hoy.com.do\/uploads\/2026\/08\/28\/6a9233859a70f.jpeg\">\n                    <img loading=\"lazy\" decoding=\"async\" width=\"140\" height=\"140\" alt=\"Retrato\" src=\"https:\/\/imagenes.hoy.com.do\/uploads\/2026\/08\/28\/6a9233859a70f.jpeg\"\/>\n                <\/picture>\n            <\/a><br \/>\n        <\/figure>\n<\/article>\n<\/div>\n<\/div>\n","protected":false},"excerpt":{"rendered":"La mayor\u00eda de las personas desean vivir, disfrutar su vida, todos reconocemos&hellip;\n","protected":false},"author":1,"featured_media":67523,"comment_status":"open","ping_status":"open","sticky":false,"template":"","format":"standard","meta":{"footnotes":""},"categories":[3],"tags":[],"class_list":["post-67522","post","type-post","status-publish","format-standard","has-post-thumbnail","category-internacionales"],"_links":{"self":[{"href":"https:\/\/acronoticias.com\/index.php\/wp-json\/wp\/v2\/posts\/67522","targetHints":{"allow":["GET"]}}],"collection":[{"href":"https:\/\/acronoticias.com\/index.php\/wp-json\/wp\/v2\/posts"}],"about":[{"href":"https:\/\/acronoticias.com\/index.php\/wp-json\/wp\/v2\/types\/post"}],"author":[{"embeddable":true,"href":"https:\/\/acronoticias.com\/index.php\/wp-json\/wp\/v2\/users\/1"}],"replies":[{"embeddable":true,"href":"https:\/\/acronoticias.com\/index.php\/wp-json\/wp\/v2\/comments?post=67522"}],"version-history":[{"count":0,"href":"https:\/\/acronoticias.com\/index.php\/wp-json\/wp\/v2\/posts\/67522\/revisions"}],"wp:featuredmedia":[{"embeddable":true,"href":"https:\/\/acronoticias.com\/index.php\/wp-json\/wp\/v2\/media\/67523"}],"wp:attachment":[{"href":"https:\/\/acronoticias.com\/index.php\/wp-json\/wp\/v2\/media?parent=67522"}],"wp:term":[{"taxonomy":"category","embeddable":true,"href":"https:\/\/acronoticias.com\/index.php\/wp-json\/wp\/v2\/categories?post=67522"},{"taxonomy":"post_tag","embeddable":true,"href":"https:\/\/acronoticias.com\/index.php\/wp-json\/wp\/v2\/tags?post=67522"}],"curies":[{"name":"wp","href":"https:\/\/api.w.org\/{rel}","templated":true}]}}