{"id":67516,"date":"2026-09-05T10:55:48","date_gmt":"2026-09-05T10:55:48","guid":{"rendered":"https:\/\/acronoticias.com\/index.php\/2026\/09\/05\/a-la-meta-con-principios\/"},"modified":"2026-09-05T10:55:48","modified_gmt":"2026-09-05T10:55:48","slug":"a-la-meta-con-principios","status":"publish","type":"post","link":"https:\/\/acronoticias.com\/index.php\/2026\/09\/05\/a-la-meta-con-principios\/","title":{"rendered":"\u00a1A la meta con principios!"},"content":{"rendered":"<div>\n<p>                                                                                            <!-- --><\/p>\n<p class=\"paragraph\">\u201c<b>\u00a1P\u00edndaro!<\/b> \u2013exclama Herminio-, \u00a1estoy chocado al ver las formas en que se compromete cada d\u00eda la dignidad!\u2026 El respeto por los dem\u00e1s \u2013y, a veces por s\u00ed mismo- se ha ido a la basura\u2026 A prop\u00f3sito tendemos a ignorar que hemos sigo creados \u2013y algunas veces formados para dar valor a nuestro propio yo y al ambiente que nos rodea\u2026 D\u00edgase tambi\u00e9n a los dem\u00e1s de los dem\u00e1s\u201d\u2026 \u201cLo que pasa\u201d \u2013mete la cuchara P\u00edndaro-, \u201ces que confundimos el final que queremos alcanzar con la utop\u00eda de que esta etapa se logra echando de lado a los principios\u2026 Al hacer esto, las fortalezas que necesitamos desarrollar con los a\u00f1os de experiencia son ignoradas y, por tanto, debilitamos todo el trayecto requerido para <b>alcanzar una meta<\/b>\u201d\u2026 Herminio, que est\u00e1 en su estado de relajaci\u00f3n espiritual de la ma\u00f1ana, mira ahora fijamente a P\u00edndaro y le recuerda que \u201cese exceso de cada vez querer m\u00e1s sin haberlo cultivado, es la fuente r\u00e1pida de la codicia, y el impulso a una posible deshonestidad\u2026 El peligro de caer en una falta de verdad est\u00e1 al acecho y nuestros impulsos nos podr\u00edan empujar a mentir o enga\u00f1ar\u2026 Es ah\u00ed donde nos vemos ante la p\u00e9rdida de la \u00e9tica\u2026 Una palabra que much\u00edsimas veces es pasto de ganado\u201d.<\/p>\n<p class=\"paragraph\">P\u00edndaro, que sigue ah\u00ed atento a Herminio, reflexiona para s\u00ed: \u201c\u00bfQu\u00e9 est\u00e1 pasando con nuestros j\u00f3venes?\u2026 \u00bfQu\u00e9 nos pas\u00f3 a muchos de nosotros, que la educaci\u00f3n se fue por debajo de la mesa?\u2026 Hoy, el deseo de ser m\u00e1s que los dem\u00e1s en lugar de ser m\u00e1s de los dem\u00e1s est\u00e1 llevando a nuestra poblaci\u00f3n que fomentar una envidia soterrada \u2013que muchos llaman \u2018Bulling\u2019-, con unas consecuencias de crueldad y odio cuyo cercano final no es m\u00e1s que un comportamiento desenfrenado, porque se piensa que debo hacer lo que nos da la gana\u2026 Nos convertimos en el producto de un af\u00e1n de protagonismo avasallador, casi con caracter\u00edsticas de desenfrenados\u201d\u2026 Herminio, que ha estado concentrado en las expresiones de su <b>Alter Ego<\/b>, no pierde su tiempo y le comenta: \u201cEstamos olvidando la importancia de que, con nuestro propio esfuerzo, sin atropellar a los dem\u00e1s, fomentamos la esencia de una invaluable vocaci\u00f3n \u2013que no es lo mismo que \u2018Bocaci\u00f3n\u2019, pues los conocimientos se comen con el alma y el esp\u00edritu-, que nos permitir\u00e1 autosuficiencia \u2013sin soberbia ni ego\u00edsmo-, y una enorme solidaridad con nosotros mismos, con los dem\u00e1s y con los dem\u00e1s de los dem\u00e1s\u201d.<\/p>\n<p class=\"paragraph\">\u201cEstamos ante el desarrollo inminente de una galopante <b>injusticia social<\/b> -expresa P\u00edndaro-\u2026 Hoy, con m\u00e1s frecuencia, tendemos hacia la falta de compromiso por defender pasadas causas perdidas y presentes sue\u00f1os \u2018de Pilar\u00edn\u2019\u2026 Nos falta una pizca de confianza de nosotros mismos y, por causas del mismo ambiente que hemos permitido crear, caemos en la vor\u00e1gine de avasallar nuestros propios principios para \u2013creyendo que vamos en camino a una meta anhelada y supuestamente segura-, no tener la entereza de luchar con tenacidad para que cada paso que damos sea la creaci\u00f3n de un sello indeleble y un ejemplo a seguir y quiz\u00e1s ser seguido por otros muchos que vendr\u00e1n\u201d\u2026 Herminio, que siempre est\u00e1 al acecho de las ocurrencias de P\u00edndaro, exclama: \u201c\u00a1Ya est\u00e1 bueno de pensar y requerir de los dem\u00e1s lo que nosotros no hemos sido capaces, ni intentamos serlos, de fomentar\u2026 El principio de una justicia social debe nacer en el respeto por los principios b\u00e1sicos de convivencia, con una plena convicci\u00f3n de que una sociedad \u2013que a veces la convertimos en \u2018suciedad\u2019- tiene todo el derecho de convertirse y mantenerse en una convivencia plena, donde desde arriba \u2013d\u00edgase las autoridades que hemos elegido hasta nosotros, los dem\u00e1s ciudadanos.<\/p>\n<div class=\"c-detail__box \">\n<article class=\"c-detail__sumario \">\n<figure class=\"c-detail__sumario__thumb\" style=\"display: block;\">\n            <a href=\"#\" title=\"\">\n                <picture data-size=\"w:140,h:140\" loading=\"lazy\" src=\"https:\/\/imagenes.hoy.com.do\/files\/related_image\/uploads\/2026\/08\/21\/6a88e9862fcf1.png\" data-full-src=\"https:\/\/imagenes.hoy.com.do\/uploads\/2026\/08\/21\/6a88e9862fcf1.png\">\n                    <img loading=\"lazy\" decoding=\"async\" width=\"140\" height=\"140\" alt=\"Arte\" src=\"https:\/\/imagenes.hoy.com.do\/uploads\/2026\/08\/21\/6a88e9862fcf1.png\"\/>\n                <\/picture>\n            <\/a><br \/>\n        <\/figure>\n<\/article>\n<\/div>\n<\/div>\n","protected":false},"excerpt":{"rendered":"\u201c\u00a1P\u00edndaro! \u2013exclama Herminio-, \u00a1estoy chocado al ver las formas en que se&hellip;\n","protected":false},"author":1,"featured_media":67517,"comment_status":"open","ping_status":"open","sticky":false,"template":"","format":"standard","meta":{"footnotes":""},"categories":[3],"tags":[],"class_list":["post-67516","post","type-post","status-publish","format-standard","has-post-thumbnail","category-internacionales"],"_links":{"self":[{"href":"https:\/\/acronoticias.com\/index.php\/wp-json\/wp\/v2\/posts\/67516","targetHints":{"allow":["GET"]}}],"collection":[{"href":"https:\/\/acronoticias.com\/index.php\/wp-json\/wp\/v2\/posts"}],"about":[{"href":"https:\/\/acronoticias.com\/index.php\/wp-json\/wp\/v2\/types\/post"}],"author":[{"embeddable":true,"href":"https:\/\/acronoticias.com\/index.php\/wp-json\/wp\/v2\/users\/1"}],"replies":[{"embeddable":true,"href":"https:\/\/acronoticias.com\/index.php\/wp-json\/wp\/v2\/comments?post=67516"}],"version-history":[{"count":0,"href":"https:\/\/acronoticias.com\/index.php\/wp-json\/wp\/v2\/posts\/67516\/revisions"}],"wp:featuredmedia":[{"embeddable":true,"href":"https:\/\/acronoticias.com\/index.php\/wp-json\/wp\/v2\/media\/67517"}],"wp:attachment":[{"href":"https:\/\/acronoticias.com\/index.php\/wp-json\/wp\/v2\/media?parent=67516"}],"wp:term":[{"taxonomy":"category","embeddable":true,"href":"https:\/\/acronoticias.com\/index.php\/wp-json\/wp\/v2\/categories?post=67516"},{"taxonomy":"post_tag","embeddable":true,"href":"https:\/\/acronoticias.com\/index.php\/wp-json\/wp\/v2\/tags?post=67516"}],"curies":[{"name":"wp","href":"https:\/\/api.w.org\/{rel}","templated":true}]}}