{"id":67511,"date":"2026-09-05T08:55:07","date_gmt":"2026-09-05T08:55:07","guid":{"rendered":"https:\/\/acronoticias.com\/index.php\/2026\/09\/05\/los-cavaliers-de-la-nba-eligen-espana-para-iniciar-su-pretemporada\/"},"modified":"2026-09-05T08:55:07","modified_gmt":"2026-09-05T08:55:07","slug":"los-cavaliers-de-la-nba-eligen-espana-para-iniciar-su-pretemporada","status":"publish","type":"post","link":"https:\/\/acronoticias.com\/index.php\/2026\/09\/05\/los-cavaliers-de-la-nba-eligen-espana-para-iniciar-su-pretemporada\/","title":{"rendered":"Los Cavaliers de la NBA eligen Espa\u00f1a para iniciar su pretemporada"},"content":{"rendered":"<p><img decoding=\"async\" width=\"355\" height=\"200\" src=\"https:\/\/nuevodiario-assets.s3.us-east-2.amazonaws.com\/wp-content\/uploads\/2026\/05\/DSC04059s-1-355x200.jpg\" class=\"webfeedsFeaturedVisual wp-post-image\" alt=\"\" style=\"display: block;margin-bottom: 5px;clear:both;max-width: 100%\" loading=\"lazy\" \/><\/p>\n<p>EL NUEVO DIARIO, M\u00e1laga (Espa\u00f1a).- Los Cleveland Cavaliers de la NBA celebrar\u00e1n un campamento de entrenamiento de seis d\u00edas en M\u00e1laga, del 30 de septiembre al 5 de octubre, en las instalaciones de The Embassy, el centro de baloncesto de alto rendimiento fundado por los exjugadores Berni Rodr\u00edguez y Jos\u00e9 Manuel Calder\u00f3n.<\/p>\n<p>Seg\u00fan anunci\u00f3 este jueves, la franquicia liderada por James Harden y Donovan Mitchell, que cuenta tambi\u00e9n este a\u00f1o con el exmadridista Mario Hezonja en su regreso a la liga estadounidense, estar\u00e1 seis d\u00edas entren\u00e1ndose en el municipio malague\u00f1o de Fuengirola (sur de Espa\u00f1a).<\/p>\n<p>La concentraci\u00f3n marcar\u00e1 el inicio oficial de la pretemporada de los Cavaliers para la temporada NBA 2026-2027, que arranca a finales de octubre.<\/p>\n<p>\u201cEl \u2018training camp\u2019 es el momento en el que se construyen los cimientos de una temporada, y The Embassy ofrece a nuestros jugadores, entrenadores y personal un entorno excepcional para comenzar ese trabajo\u201d, afirma Koby Altman, presidente de Operaciones de Baloncesto de los Cavaliers.<\/p>\n<p>\u201cTambi\u00e9n es una oportunidad fant\u00e1stica para conocer de cerca la cultura y la pasi\u00f3n por el baloncesto que existen en Espa\u00f1a. Contar dentro de nuestra organizaci\u00f3n con Jos\u00e9 Calder\u00f3n, que ha desempe\u00f1ado un papel fundamental en su desarrollo, convierte esta oportunidad en algo especialmente \u00fanico para nuestro equipo\u201d, a\u00f1ade Altman, en referencia al papel de asesor que ejerce el campe\u00f3n del mundo con Espa\u00f1a en 2006.<\/p>\n<p>\u201cRecibir a los Cavaliers es un enorme honor y un momento muy importante para todos los que formamos parte de nuestra organizaci\u00f3n\u201d, afirma, por su parte, Manuel Escobar, CEO de The Embassy.<\/p>\n<p>El programa de pretemporada de los \u2018Cavs\u2019 tendr\u00e1 tres partidos: uno en casa frente a Boston Celtics el 8 de octubre, otro como local frente a Orlando Magic el 11 de octubre y de nuevo frente a Orlando, aunque como visitante, el 13 de octubre.<\/p>\n<p>Situado en Fuengirola, las instalaciones de The Embassy est\u00e1n enfocadas en el baloncesto de alto rendimiento y concebidas para ofrecer a deportistas profesionales un entorno centrado en la preparaci\u00f3n, la recuperaci\u00f3n y la privacidad.<\/p>\n<p>Las instalaciones fueron dise\u00f1adas por los campeones del mundo con Espa\u00f1a Berni Rodr\u00edguez y Jos\u00e9 Manuel Calder\u00f3n y cuentan con 1.500 metros cuadrados de infraestructuras, con dos pistas con est\u00e1ndares FIBA y NBA, un gimnasio, zonas de rehabilitaci\u00f3n y fisioterapia, tecnolog\u00edas para el \u2018scouting\u2019 y para la preparaci\u00f3n t\u00e1ctica.<\/p>\n<p>La entrada <a href=\"https:\/\/elnuevodiario.com.do\/los-cavaliers-de-la-nba-eligen-espana-para-iniciar-su-pretemporada\/\">Los Cavaliers de la NBA eligen Espa\u00f1a para iniciar su pretemporada<\/a> se public\u00f3 primero en <a href=\"https:\/\/elnuevodiario.com.do\">El Nuevo Diario (Rep\u00fablica Dominicana)<\/a>.<\/p>\n","protected":false},"excerpt":{"rendered":"EL NUEVO DIARIO, M\u00e1laga (Espa\u00f1a).- Los Cleveland Cavaliers de la NBA celebrar\u00e1n&hellip;\n","protected":false},"author":1,"featured_media":67512,"comment_status":"open","ping_status":"open","sticky":false,"template":"","format":"standard","meta":{"footnotes":""},"categories":[2],"tags":[],"class_list":["post-67511","post","type-post","status-publish","format-standard","has-post-thumbnail","category-deporte"],"_links":{"self":[{"href":"https:\/\/acronoticias.com\/index.php\/wp-json\/wp\/v2\/posts\/67511","targetHints":{"allow":["GET"]}}],"collection":[{"href":"https:\/\/acronoticias.com\/index.php\/wp-json\/wp\/v2\/posts"}],"about":[{"href":"https:\/\/acronoticias.com\/index.php\/wp-json\/wp\/v2\/types\/post"}],"author":[{"embeddable":true,"href":"https:\/\/acronoticias.com\/index.php\/wp-json\/wp\/v2\/users\/1"}],"replies":[{"embeddable":true,"href":"https:\/\/acronoticias.com\/index.php\/wp-json\/wp\/v2\/comments?post=67511"}],"version-history":[{"count":0,"href":"https:\/\/acronoticias.com\/index.php\/wp-json\/wp\/v2\/posts\/67511\/revisions"}],"wp:featuredmedia":[{"embeddable":true,"href":"https:\/\/acronoticias.com\/index.php\/wp-json\/wp\/v2\/media\/67512"}],"wp:attachment":[{"href":"https:\/\/acronoticias.com\/index.php\/wp-json\/wp\/v2\/media?parent=67511"}],"wp:term":[{"taxonomy":"category","embeddable":true,"href":"https:\/\/acronoticias.com\/index.php\/wp-json\/wp\/v2\/categories?post=67511"},{"taxonomy":"post_tag","embeddable":true,"href":"https:\/\/acronoticias.com\/index.php\/wp-json\/wp\/v2\/tags?post=67511"}],"curies":[{"name":"wp","href":"https:\/\/api.w.org\/{rel}","templated":true}]}}