{"id":67499,"date":"2026-09-05T06:18:02","date_gmt":"2026-09-05T06:18:02","guid":{"rendered":"https:\/\/acronoticias.com\/index.php\/2026\/09\/05\/gobierno-evalua-incorporar-energia-nuclear-a-la-matriz-electrica-dominicana\/"},"modified":"2026-09-05T06:18:02","modified_gmt":"2026-09-05T06:18:02","slug":"gobierno-evalua-incorporar-energia-nuclear-a-la-matriz-electrica-dominicana","status":"publish","type":"post","link":"https:\/\/acronoticias.com\/index.php\/2026\/09\/05\/gobierno-evalua-incorporar-energia-nuclear-a-la-matriz-electrica-dominicana\/","title":{"rendered":"Gobierno eval\u00faa incorporar energ\u00eda nuclear a la matriz el\u00e9ctrica dominicana"},"content":{"rendered":"<div data-td-block-uid=\"tdi_100\">\n<div class=\"tdb-block-inner td-fix-index\">\n<p class=\"wp-block-paragraph\"><strong>SANTO DOMINGO.<\/strong>\u2013 El Gobierno dominicano estudia la posibilidad de integrar la energ\u00eda nuclear a la matriz de generaci\u00f3n el\u00e9ctrica del pa\u00eds, como parte de una estrategia para garantizar fuentes de energ\u00eda firme y continua que sustenten el objetivo de duplicar el tama\u00f1o de la econom\u00eda dominicana en los pr\u00f3ximos 15 a\u00f1os.<\/p>\n<p class=\"wp-block-paragraph\">As\u00ed lo dio a conocer el ministro de Energ\u00eda y Minas, Joel Santos, durante el Taller Regional sobre la Implementaci\u00f3n y Presentaci\u00f3n de Informes en virtud del Protocolo Adicional del Organismo Internacional de Energ\u00eda At\u00f3mica (OIEA), realizado en el pa\u00eds.<\/p>\n<p class=\"wp-block-paragraph\">El funcionario sostuvo que cumplir con las metas de crecimiento previstas requiere diversificar la matriz energ\u00e9tica con opciones seguras y de capacidad firme, y subray\u00f3 que este tipo de encuentros contribuye a fortalecer las capacidades t\u00e9cnicas locales en el uso pac\u00edfico de la tecnolog\u00eda nuclear.<\/p>\n<p class=\"wp-block-paragraph\">Durante la actividad, la embajadora de Estados Unidos, Leah Francis Campos, ratific\u00f3 el apoyo de su pa\u00eds a la seguridad energ\u00e9tica regional y se\u00f1al\u00f3 que la administraci\u00f3n de Donald Trump, junto al secretario de Estado, Marco Rubio, impulsa acuerdos bilaterales en energ\u00eda nuclear civil basados en la no proliferaci\u00f3n.<\/p>\n<p class=\"wp-block-paragraph\">Por su parte, la representante del Departamento de Energ\u00eda de Estados Unidos, Laura Fresco, destac\u00f3 el papel que ha asumido Rep\u00fablica Dominicana en la promoci\u00f3n de las salvaguardias del OIEA en Am\u00e9rica Latina. En tanto, el viceministro de Energ\u00eda Nuclear, Gaddis Corpor\u00e1n, resalt\u00f3 que el taller permiti\u00f3 el intercambio de buenas pr\u00e1cticas entre las delegaciones para fortalecer la coordinaci\u00f3n interinstitucional.<\/p>\n<p class=\"wp-block-paragraph\">El encuentro, que cerr\u00f3 con la entrega de certificados a los delegados internacionales, se centr\u00f3 en mejorar los procesos de reporte y los mecanismos de verificaci\u00f3n que aseguran el uso exclusivamente pac\u00edfico de las instalaciones y materiales nucleares en la regi\u00f3n.<\/p>\n<\/div>\n<\/div>\n","protected":false},"excerpt":{"rendered":"SANTO DOMINGO.\u2013 El Gobierno dominicano estudia la posibilidad de integrar la energ\u00eda&hellip;\n","protected":false},"author":1,"featured_media":67500,"comment_status":"open","ping_status":"open","sticky":false,"template":"","format":"standard","meta":{"footnotes":""},"categories":[1],"tags":[],"class_list":["post-67499","post","type-post","status-publish","format-standard","has-post-thumbnail","category-nacionales"],"_links":{"self":[{"href":"https:\/\/acronoticias.com\/index.php\/wp-json\/wp\/v2\/posts\/67499","targetHints":{"allow":["GET"]}}],"collection":[{"href":"https:\/\/acronoticias.com\/index.php\/wp-json\/wp\/v2\/posts"}],"about":[{"href":"https:\/\/acronoticias.com\/index.php\/wp-json\/wp\/v2\/types\/post"}],"author":[{"embeddable":true,"href":"https:\/\/acronoticias.com\/index.php\/wp-json\/wp\/v2\/users\/1"}],"replies":[{"embeddable":true,"href":"https:\/\/acronoticias.com\/index.php\/wp-json\/wp\/v2\/comments?post=67499"}],"version-history":[{"count":0,"href":"https:\/\/acronoticias.com\/index.php\/wp-json\/wp\/v2\/posts\/67499\/revisions"}],"wp:featuredmedia":[{"embeddable":true,"href":"https:\/\/acronoticias.com\/index.php\/wp-json\/wp\/v2\/media\/67500"}],"wp:attachment":[{"href":"https:\/\/acronoticias.com\/index.php\/wp-json\/wp\/v2\/media?parent=67499"}],"wp:term":[{"taxonomy":"category","embeddable":true,"href":"https:\/\/acronoticias.com\/index.php\/wp-json\/wp\/v2\/categories?post=67499"},{"taxonomy":"post_tag","embeddable":true,"href":"https:\/\/acronoticias.com\/index.php\/wp-json\/wp\/v2\/tags?post=67499"}],"curies":[{"name":"wp","href":"https:\/\/api.w.org\/{rel}","templated":true}]}}