{"id":67497,"date":"2026-09-05T06:02:05","date_gmt":"2026-09-05T06:02:05","guid":{"rendered":"https:\/\/acronoticias.com\/index.php\/2026\/09\/05\/cadaver-de-nino-atropellado-en-brisas-del-este-duro-mas-de-tres-horas-tendido-en-la-via\/"},"modified":"2026-09-05T06:02:05","modified_gmt":"2026-09-05T06:02:05","slug":"cadaver-de-nino-atropellado-en-brisas-del-este-duro-mas-de-tres-horas-tendido-en-la-via","status":"publish","type":"post","link":"https:\/\/acronoticias.com\/index.php\/2026\/09\/05\/cadaver-de-nino-atropellado-en-brisas-del-este-duro-mas-de-tres-horas-tendido-en-la-via\/","title":{"rendered":"Cad\u00e1ver de ni\u00f1o atropellado en Brisas del Este dur\u00f3 m\u00e1s de tres horas tendido en la v\u00eda"},"content":{"rendered":"<div data-td-block-uid=\"tdi_100\">\n<div class=\"tdb-block-inner td-fix-index\">\n<p class=\"wp-block-paragraph\">SANTO DOMINGO.- El cad\u00e1ver del ni\u00f1o Maikel Isaac Encarnaci\u00f3n, de 10 a\u00f1os, permaneci\u00f3 tendido en la v\u00eda p\u00fablica por m\u00e1s de tres horas a la espera de que el Instituto Nacional de Ciencias Forenses (Inacif) realizara el levantamiento, tras ser atropellado por un cami\u00f3n en la avenida Las Damas, del sector Brisas del Este.<\/p>\n<p class=\"wp-block-paragraph\">La tardanza de las autoridades forenses gener\u00f3 indignaci\u00f3n en la comunidad, que presenci\u00f3 la escena desde el momento del accidente registrado la tarde de este viernes, cuando el menor regresaba a su vivienda tras salir de la escuela.<\/p>\n<p class=\"wp-block-paragraph\">Durante el choque, el ni\u00f1o se desplazaba junto a su padrastro, quien sufri\u00f3 lesiones graves al ser impactado por el veh\u00edculo pesado, cuyo conductor transitaba a alta velocidad, seg\u00fan testimonios de los residentes. El adulto herido fue trasladado al Hospital Docente Universitario Dr. Dar\u00edo Contreras, donde recibe atenciones m\u00e9dicas.<\/p>\n<p class=\"wp-block-paragraph\">Tras la retirada del cuerpo por parte del personal del Inacif, comunitarios de Brisas del Este expresaron su consternaci\u00f3n e insistieron en la colocaci\u00f3n urgente de reductores de velocidad en la zona para evitar que se repitan hechos similares.<\/p>\n<blockquote class=\"twitter-tweet\" data-media-max-width=\"560\">\n<p lang=\"es\" dir=\"ltr\">El cad\u00e1ver del ni\u00f1o Maikel Isaac Encarnaci\u00f3n, de 10 a\u00f1os, permaneci\u00f3 tendido en la v\u00eda p\u00fablica por m\u00e1s de tres horas a la espera de que el Instituto Nacional de Ciencias Forenses (Inacif) realizara el levantamiento, tras ser atropellado por un cami\u00f3n en la avenida Las Damas, del\u2026 <a href=\"https:\/\/t.co\/t6793gcEBx\">pic.twitter.com\/t6793gcEBx<\/a><\/p>\n<p>\u2014 Noticias RNN (@NoticiasRNN) <a href=\"https:\/\/x.com\/NoticiasRNN\/status\/2096014650261361084?ref_src=twsrc%5Etfw\">September 4, 2026<\/a><\/p><\/blockquote>\n<\/div>\n<\/div>\n<p><script async src=\"\/\/platform.twitter.com\/widgets.js\" charset=\"utf-8\"><\/script><\/p>\n","protected":false},"excerpt":{"rendered":"SANTO DOMINGO.- El cad\u00e1ver del ni\u00f1o Maikel Isaac Encarnaci\u00f3n, de 10 a\u00f1os,&hellip;\n","protected":false},"author":1,"featured_media":67498,"comment_status":"open","ping_status":"open","sticky":false,"template":"","format":"standard","meta":{"footnotes":""},"categories":[1],"tags":[],"class_list":["post-67497","post","type-post","status-publish","format-standard","has-post-thumbnail","category-nacionales"],"_links":{"self":[{"href":"https:\/\/acronoticias.com\/index.php\/wp-json\/wp\/v2\/posts\/67497","targetHints":{"allow":["GET"]}}],"collection":[{"href":"https:\/\/acronoticias.com\/index.php\/wp-json\/wp\/v2\/posts"}],"about":[{"href":"https:\/\/acronoticias.com\/index.php\/wp-json\/wp\/v2\/types\/post"}],"author":[{"embeddable":true,"href":"https:\/\/acronoticias.com\/index.php\/wp-json\/wp\/v2\/users\/1"}],"replies":[{"embeddable":true,"href":"https:\/\/acronoticias.com\/index.php\/wp-json\/wp\/v2\/comments?post=67497"}],"version-history":[{"count":0,"href":"https:\/\/acronoticias.com\/index.php\/wp-json\/wp\/v2\/posts\/67497\/revisions"}],"wp:featuredmedia":[{"embeddable":true,"href":"https:\/\/acronoticias.com\/index.php\/wp-json\/wp\/v2\/media\/67498"}],"wp:attachment":[{"href":"https:\/\/acronoticias.com\/index.php\/wp-json\/wp\/v2\/media?parent=67497"}],"wp:term":[{"taxonomy":"category","embeddable":true,"href":"https:\/\/acronoticias.com\/index.php\/wp-json\/wp\/v2\/categories?post=67497"},{"taxonomy":"post_tag","embeddable":true,"href":"https:\/\/acronoticias.com\/index.php\/wp-json\/wp\/v2\/tags?post=67497"}],"curies":[{"name":"wp","href":"https:\/\/api.w.org\/{rel}","templated":true}]}}