{"id":67492,"date":"2026-09-05T05:45:43","date_gmt":"2026-09-05T05:45:43","guid":{"rendered":"https:\/\/acronoticias.com\/index.php\/2026\/09\/05\/aplazan-hasta-el-11-de-septiembre-juicio-contra-hermanos-espaillat-por-colapso-del-jet-set\/"},"modified":"2026-09-05T05:45:43","modified_gmt":"2026-09-05T05:45:43","slug":"aplazan-hasta-el-11-de-septiembre-juicio-contra-hermanos-espaillat-por-colapso-del-jet-set","status":"publish","type":"post","link":"https:\/\/acronoticias.com\/index.php\/2026\/09\/05\/aplazan-hasta-el-11-de-septiembre-juicio-contra-hermanos-espaillat-por-colapso-del-jet-set\/","title":{"rendered":"Aplazan hasta el 11 de septiembre juicio contra hermanos Espaillat por colapso del Jet Set"},"content":{"rendered":"<div data-td-block-uid=\"tdi_100\">\n<div class=\"tdb-block-inner td-fix-index\">\n<p class=\"wp-block-paragraph\"><strong>SANTO DOMINGO<\/strong>.- La audiencia del juicio de fondo contra los hermanos Antonio y Maribel Espaillat, imputados por el colapso de la discoteca Jet Set \u2014que dej\u00f3 236 fallecidos y 180 heridos\u2014, fue recesada hasta el pr\u00f3ximo viernes 11 de septiembre, a las 9:00 de la ma\u00f1ana.<\/p>\n<p class=\"wp-block-paragraph\">En la pr\u00f3xima jornada continuar\u00e1 la incorporaci\u00f3n y recepci\u00f3n de las pruebas presentadas por el Ministerio P\u00fablico, en un proceso que conoce el juez Franny Gonz\u00e1lez Castillo, de la Cuarta Sala de la C\u00e1mara Penal del Juzgado de Primera Instancia del Distrito Nacional. Los hermanos Espaillat enfrentan cargos por homicidio involuntario y golpes y heridas involuntarios.<\/p>\n<p class=\"wp-block-paragraph\">La audiencia de este viernes inici\u00f3 con el testimonio del director de la Oficina Nacional de Evaluaci\u00f3n S\u00edsmica y Vulnerabilidad de Infraestructura y Edificaciones (Onesvie), Leonardo Reyes Madera, quien atribuy\u00f3 el derrumbe a una sobrecarga en el techo, que soportaba cinco veces el peso para el que fue dise\u00f1ado.<\/p>\n<p class=\"wp-block-paragraph\">Se recuerda que la Primera Sala Penal de la Corte de Apelaci\u00f3n del Distrito Nacional confirm\u00f3 recientemente las medidas cautelares sobre los bienes de los imputados, consistentes en un embargo conservatorio, un embargo retentivo y una hipoteca judicial provisional por hasta RD$500 millones.<\/p>\n<p class=\"wp-block-paragraph\">En la pr\u00f3xima audiencia, el Ministerio P\u00fablico continuar\u00e1 presentando sus testigos, mientras que la defensa \u2014encabezada por los abogados Jorge Luis Polanco y Miguel Valerio\u2014 realizar\u00e1 el contrainterrogatorio correspondiente.<\/p>\n<figure class=\"wp-block-embed is-type-rich is-provider-x wp-block-embed-x\">\n<div class=\"wp-block-embed__wrapper\">\n<div class=\"embed-x\">\n<blockquote class=\"twitter-tweet\" data-width=\"550\" data-dnt=\"true\">\n<p lang=\"es\" dir=\"ltr\">La audiencia del juicio de fondo contra los hermanos Antonio y Maribel Espaillat imputados en el proceso judicial por el colapso de la discoteca Jet Set, que dej\u00f3 236 fallecidos y 180 heridos fue recesada para el pr\u00f3ximo viernes 11 de septiembre a las 9:00 de la ma\u00f1ana.\u2026 <a href=\"https:\/\/t.co\/3dEtfbi0EA\">pic.twitter.com\/3dEtfbi0EA<\/a><\/p>\n<p>\u2014 Noticias RNN (@NoticiasRNN) <a href=\"https:\/\/x.com\/NoticiasRNN\/status\/2095997748831039713?ref_src=twsrc%5Etfw\">September 4, 2026<\/a><\/p><\/blockquote>\n<\/div>\n<\/div>\n<\/figure>\n<\/div>\n<\/div>\n<p><script async src=\"\/\/platform.twitter.com\/widgets.js\" charset=\"utf-8\"><\/script><\/p>\n","protected":false},"excerpt":{"rendered":"SANTO DOMINGO.- La audiencia del juicio de fondo contra los hermanos Antonio&hellip;\n","protected":false},"author":1,"featured_media":67493,"comment_status":"open","ping_status":"open","sticky":false,"template":"","format":"standard","meta":{"footnotes":""},"categories":[1],"tags":[],"class_list":["post-67492","post","type-post","status-publish","format-standard","has-post-thumbnail","category-nacionales"],"_links":{"self":[{"href":"https:\/\/acronoticias.com\/index.php\/wp-json\/wp\/v2\/posts\/67492","targetHints":{"allow":["GET"]}}],"collection":[{"href":"https:\/\/acronoticias.com\/index.php\/wp-json\/wp\/v2\/posts"}],"about":[{"href":"https:\/\/acronoticias.com\/index.php\/wp-json\/wp\/v2\/types\/post"}],"author":[{"embeddable":true,"href":"https:\/\/acronoticias.com\/index.php\/wp-json\/wp\/v2\/users\/1"}],"replies":[{"embeddable":true,"href":"https:\/\/acronoticias.com\/index.php\/wp-json\/wp\/v2\/comments?post=67492"}],"version-history":[{"count":0,"href":"https:\/\/acronoticias.com\/index.php\/wp-json\/wp\/v2\/posts\/67492\/revisions"}],"wp:featuredmedia":[{"embeddable":true,"href":"https:\/\/acronoticias.com\/index.php\/wp-json\/wp\/v2\/media\/67493"}],"wp:attachment":[{"href":"https:\/\/acronoticias.com\/index.php\/wp-json\/wp\/v2\/media?parent=67492"}],"wp:term":[{"taxonomy":"category","embeddable":true,"href":"https:\/\/acronoticias.com\/index.php\/wp-json\/wp\/v2\/categories?post=67492"},{"taxonomy":"post_tag","embeddable":true,"href":"https:\/\/acronoticias.com\/index.php\/wp-json\/wp\/v2\/tags?post=67492"}],"curies":[{"name":"wp","href":"https:\/\/api.w.org\/{rel}","templated":true}]}}