{"id":67490,"date":"2026-09-05T05:29:37","date_gmt":"2026-09-05T05:29:37","guid":{"rendered":"https:\/\/acronoticias.com\/index.php\/2026\/09\/05\/como-mira-a-su-hijo-y-dice-que-defiende-la-verdad-el-reclamo-del-testigo-clave-del-caso-jet-set\/"},"modified":"2026-09-05T05:29:37","modified_gmt":"2026-09-05T05:29:37","slug":"como-mira-a-su-hijo-y-dice-que-defiende-la-verdad-el-reclamo-del-testigo-clave-del-caso-jet-set","status":"publish","type":"post","link":"https:\/\/acronoticias.com\/index.php\/2026\/09\/05\/como-mira-a-su-hijo-y-dice-que-defiende-la-verdad-el-reclamo-del-testigo-clave-del-caso-jet-set\/","title":{"rendered":"\u00ab\u00bfC\u00f3mo mira a su hijo y dice que defiende la verdad?\u00bb: el reclamo del testigo clave del caso Jet Set"},"content":{"rendered":"<div data-td-block-uid=\"tdi_100\">\n<div class=\"tdb-block-inner td-fix-index\">\n<p class=\"wp-block-paragraph\"><strong>SANTO DOMINGO.-<\/strong> Gregory Adames, testigo clave y v\u00edctima del colapso de la discoteca Jet Set, declar\u00f3 este viernes durante una nueva jornada del juicio de fondo contra los hermanos Espaillat que no comprende c\u00f3mo los imputados pueden sostener su versi\u00f3n frente a las pruebas presentadas en el proceso.<\/p>\n<p class=\"wp-block-paragraph\">Al concluir la audiencia, Adames cuestion\u00f3 la defensa que mantienen los acusados, alegando que resulta contraria a la realidad de los hechos y a las evidencias acumuladas en el expediente. Expres\u00f3 su incredulidad ante la postura de quienes, pese a la evidencia, contin\u00faan negando su responsabilidad frente a sus propios familiares.<\/p>\n<p class=\"wp-block-paragraph\">En declaraciones a la prensa, el testigo apel\u00f3 a la empat\u00eda humana de los responsables, inst\u00e1ndolos a ponerse en el lugar de las v\u00edctimas y a dimensionar el dolor de los padres que perdieron a sus hijos en la tragedia.<\/p>\n<p class=\"wp-block-paragraph\">Entre los presentes en las afueras del tribunal se encontraba Jos\u00e9 Luis Custodio, quien tambi\u00e9n se pronunci\u00f3 sobre el caso y, de manera contundente, responsabiliz\u00f3 a Antonio Espaillat por las 236 muertes ocurridas en el colapso del techo del Jet Set, afirmando que esa carga la llevar\u00e1 por el resto de su vida.<\/p>\n<p class=\"wp-block-paragraph\">Las revelaciones y los debates sobre las responsabilidades penales por la tragedia contin\u00faan en el Palacio de Justicia. Tras los incidentes registrados esta semana, el tribunal dispuso que el proceso contin\u00fae el pr\u00f3ximo viernes 11 de septiembre, a las 9:00 de la ma\u00f1ana, jornada en la que se prev\u00e9 la incorporaci\u00f3n de nuevas pruebas y la presentaci\u00f3n de m\u00e1s testigos por parte del Ministerio P\u00fablico.<\/p>\n<figure class=\"wp-block-embed is-type-rich is-provider-x wp-block-embed-x\">\n<div class=\"wp-block-embed__wrapper\">\n<div class=\"embed-x\">\n<blockquote class=\"twitter-tweet\" data-width=\"550\" data-dnt=\"true\">\n<p lang=\"es\" dir=\"ltr\">Gregory Adames, testigo clave y v\u00edctima del colapso de la discoteca Jet Set, declar\u00f3 este viernes durante una nueva jornada del juicio de fondo contra los hermanos Espaillat que no comprende c\u00f3mo los imputados pueden sostener su versi\u00f3n frente a las pruebas presentadas en el\u2026 <a href=\"https:\/\/t.co\/xnwCElaBzk\">pic.twitter.com\/xnwCElaBzk<\/a><\/p>\n<p>\u2014 Noticias RNN (@NoticiasRNN) <a href=\"https:\/\/x.com\/NoticiasRNN\/status\/2096003656424268205?ref_src=twsrc%5Etfw\">September 4, 2026<\/a><\/p><\/blockquote>\n<\/div>\n<\/div>\n<\/figure>\n<\/div>\n<\/div>\n<p><script async src=\"\/\/platform.twitter.com\/widgets.js\" charset=\"utf-8\"><\/script><\/p>\n","protected":false},"excerpt":{"rendered":"SANTO DOMINGO.- Gregory Adames, testigo clave y v\u00edctima del colapso de la&hellip;\n","protected":false},"author":1,"featured_media":67491,"comment_status":"open","ping_status":"open","sticky":false,"template":"","format":"standard","meta":{"footnotes":""},"categories":[1],"tags":[],"class_list":["post-67490","post","type-post","status-publish","format-standard","has-post-thumbnail","category-nacionales"],"_links":{"self":[{"href":"https:\/\/acronoticias.com\/index.php\/wp-json\/wp\/v2\/posts\/67490","targetHints":{"allow":["GET"]}}],"collection":[{"href":"https:\/\/acronoticias.com\/index.php\/wp-json\/wp\/v2\/posts"}],"about":[{"href":"https:\/\/acronoticias.com\/index.php\/wp-json\/wp\/v2\/types\/post"}],"author":[{"embeddable":true,"href":"https:\/\/acronoticias.com\/index.php\/wp-json\/wp\/v2\/users\/1"}],"replies":[{"embeddable":true,"href":"https:\/\/acronoticias.com\/index.php\/wp-json\/wp\/v2\/comments?post=67490"}],"version-history":[{"count":0,"href":"https:\/\/acronoticias.com\/index.php\/wp-json\/wp\/v2\/posts\/67490\/revisions"}],"wp:featuredmedia":[{"embeddable":true,"href":"https:\/\/acronoticias.com\/index.php\/wp-json\/wp\/v2\/media\/67491"}],"wp:attachment":[{"href":"https:\/\/acronoticias.com\/index.php\/wp-json\/wp\/v2\/media?parent=67490"}],"wp:term":[{"taxonomy":"category","embeddable":true,"href":"https:\/\/acronoticias.com\/index.php\/wp-json\/wp\/v2\/categories?post=67490"},{"taxonomy":"post_tag","embeddable":true,"href":"https:\/\/acronoticias.com\/index.php\/wp-json\/wp\/v2\/tags?post=67490"}],"curies":[{"name":"wp","href":"https:\/\/api.w.org\/{rel}","templated":true}]}}