{"id":67488,"date":"2026-09-05T05:13:34","date_gmt":"2026-09-05T05:13:34","guid":{"rendered":"https:\/\/acronoticias.com\/index.php\/2026\/09\/05\/conceden-cuatro-meses-mas-al-ministerio-publico-para-acusar-a-santiago-hazim-en-caso-senasa\/"},"modified":"2026-09-05T05:13:34","modified_gmt":"2026-09-05T05:13:34","slug":"conceden-cuatro-meses-mas-al-ministerio-publico-para-acusar-a-santiago-hazim-en-caso-senasa","status":"publish","type":"post","link":"https:\/\/acronoticias.com\/index.php\/2026\/09\/05\/conceden-cuatro-meses-mas-al-ministerio-publico-para-acusar-a-santiago-hazim-en-caso-senasa\/","title":{"rendered":"Conceden cuatro meses m\u00e1s al Ministerio P\u00fablico para acusar a Santiago Hazim en caso Senasa"},"content":{"rendered":"<div data-td-block-uid=\"tdi_100\">\n<div class=\"tdb-block-inner td-fix-index\">\n<p class=\"wp-block-paragraph\">SANTO DOMINGO.- El S\u00e9ptimo Juzgado de la Instrucci\u00f3n del Distrito Nacional otorg\u00f3 una pr\u00f3rroga de cuatro meses al Ministerio P\u00fablico para concluir las investigaciones y presentar la acusaci\u00f3n formal contra el exdirector del Seguro Nacional de Salud (Senasa), Santiago Hazim, y otros imputados en el expediente.<\/p>\n<p class=\"wp-block-paragraph\">El juez Deiby Timoteo Peguero acogi\u00f3 la solicitud depositada por los titulares de la Direcci\u00f3n de Persecuci\u00f3n y de la Procuradur\u00eda Especializada de Persecuci\u00f3n de la Corrupci\u00f3n Administrativa (Pepca), Wilson Camacho y Mirna Ortiz, tras determinar que la petici\u00f3n cumple con las exigencias del C\u00f3digo Procesal Penal.<\/p>\n<p class=\"wp-block-paragraph\">Al evaluar el caso, el magistrado precis\u00f3 que el proceso fue judicializado el 11 de diciembre de 2025 con la imposici\u00f3n de medidas de coerci\u00f3n y declarado complejo, lo que duplic\u00f3 los plazos ordinarios de la etapa preparatoria.<\/p>\n<p class=\"wp-block-paragraph\">El tribunal constat\u00f3 que el plazo de la investigaci\u00f3n venc\u00eda a la medianoche del 11 de agosto de 2026 y la solicitud de extensi\u00f3n fue depositada a las 10:42 de la ma\u00f1ana de esa misma fecha, por lo que fue incoada dentro del marco legal vigente y bajo la justificaci\u00f3n de completar diligencias pendientes.<\/p>\n<\/div>\n<\/div>\n","protected":false},"excerpt":{"rendered":"SANTO DOMINGO.- El S\u00e9ptimo Juzgado de la Instrucci\u00f3n del Distrito Nacional otorg\u00f3&hellip;\n","protected":false},"author":1,"featured_media":67489,"comment_status":"open","ping_status":"open","sticky":false,"template":"","format":"standard","meta":{"footnotes":""},"categories":[1],"tags":[],"class_list":["post-67488","post","type-post","status-publish","format-standard","has-post-thumbnail","category-nacionales"],"_links":{"self":[{"href":"https:\/\/acronoticias.com\/index.php\/wp-json\/wp\/v2\/posts\/67488","targetHints":{"allow":["GET"]}}],"collection":[{"href":"https:\/\/acronoticias.com\/index.php\/wp-json\/wp\/v2\/posts"}],"about":[{"href":"https:\/\/acronoticias.com\/index.php\/wp-json\/wp\/v2\/types\/post"}],"author":[{"embeddable":true,"href":"https:\/\/acronoticias.com\/index.php\/wp-json\/wp\/v2\/users\/1"}],"replies":[{"embeddable":true,"href":"https:\/\/acronoticias.com\/index.php\/wp-json\/wp\/v2\/comments?post=67488"}],"version-history":[{"count":0,"href":"https:\/\/acronoticias.com\/index.php\/wp-json\/wp\/v2\/posts\/67488\/revisions"}],"wp:featuredmedia":[{"embeddable":true,"href":"https:\/\/acronoticias.com\/index.php\/wp-json\/wp\/v2\/media\/67489"}],"wp:attachment":[{"href":"https:\/\/acronoticias.com\/index.php\/wp-json\/wp\/v2\/media?parent=67488"}],"wp:term":[{"taxonomy":"category","embeddable":true,"href":"https:\/\/acronoticias.com\/index.php\/wp-json\/wp\/v2\/categories?post=67488"},{"taxonomy":"post_tag","embeddable":true,"href":"https:\/\/acronoticias.com\/index.php\/wp-json\/wp\/v2\/tags?post=67488"}],"curies":[{"name":"wp","href":"https:\/\/api.w.org\/{rel}","templated":true}]}}