{"id":67486,"date":"2026-09-05T04:57:29","date_gmt":"2026-09-05T04:57:29","guid":{"rendered":"https:\/\/acronoticias.com\/index.php\/2026\/09\/05\/edwin-encarnacion-y-gabriel-martinez-guardan-silencio-tras-comparecer-ante-la-fiscalia-de-la-romana\/"},"modified":"2026-09-05T04:57:29","modified_gmt":"2026-09-05T04:57:29","slug":"edwin-encarnacion-y-gabriel-martinez-guardan-silencio-tras-comparecer-ante-la-fiscalia-de-la-romana","status":"publish","type":"post","link":"https:\/\/acronoticias.com\/index.php\/2026\/09\/05\/edwin-encarnacion-y-gabriel-martinez-guardan-silencio-tras-comparecer-ante-la-fiscalia-de-la-romana\/","title":{"rendered":"Edwin Encarnaci\u00f3n y Gabriel Mart\u00ednez guardan silencio tras comparecer ante la Fiscal\u00eda de La Romana"},"content":{"rendered":"<div data-td-block-uid=\"tdi_100\">\n<div class=\"tdb-block-inner td-fix-index\">\n<p class=\"wp-block-paragraph\">El expelotero de Grandes Ligas Edwin Encarnaci\u00f3n y el empresario Gabriel \u00abGaby\u00bb Mart\u00ednez Santana comparecieron este viernes ante la Fiscal\u00eda de La Romana para responder por un incidente de armas de fuego registrado el pasado 1 de septiembre, el cual involucra de forma preliminar a ambos hombres y a la comunicadora Karen Yapoort. <\/p>\n<p class=\"wp-block-paragraph\">Ninguno de los dos implicados ofreci\u00f3 declaraciones formales al abandonar el recinto judicial, retir\u00e1ndose bajo un estricto hermetismo frente a los medios de comunicaci\u00f3n.<\/p>\n<p class=\"wp-block-paragraph\">La comparecencia se desarroll\u00f3 en medio de una notable atenci\u00f3n medi\u00e1tica frente al Ministerio P\u00fablico local. Aunque Mart\u00ednez Santana \u2014hijo de los exsenadores de la provincia, Enrique Mart\u00ednez y Amarilis Santana\u2014 hab\u00eda emitido un comunicado veinticuatro horas antes negando cualquier vinculaci\u00f3n con el caso, acudi\u00f3 a la citaci\u00f3n acompa\u00f1ado de su padre, quien s\u00ed confirm\u00f3 a la prensa de manera escueta la existencia de un veh\u00edculo de motor que presenta al menos cinco impactos de bala.<\/p>\n<p class=\"wp-block-paragraph\">Por su parte, Encarnaci\u00f3n asisti\u00f3 al tribunal en compa\u00f1\u00eda de su barra de la defensa t\u00e9cnica, liderada por una abogada que rehus\u00f3 identificarse ante los reporteros pero prometi\u00f3 ofrecer detalles esclarecedores m\u00e1s adelante. <\/p>\n<p class=\"wp-block-paragraph\">Al ser cuestionado sobre las versiones que apuntan a una balacera y sobre su actual proceso de divorcio con Yapoort, el extoletero se limit\u00f3 a declarar brevemente que \u00abnada de eso es verdad, todo es falso\u00bb, antes de abordar su veh\u00edculo y abandonar la escena sin aclarar el origen de la nebulosa judicial.<\/p>\n<blockquote class=\"instagram-media\" data-instgrm-captioned=\"\" data-instgrm-permalink=\"https:\/\/www.instagram.com\/reel\/Dc4emB0kuWl\/?utm_source=ig_embed&utm_campaign=loading\" data-instgrm-version=\"14\" style=\" background:#FFF; border:0; border-radius:3px; box-shadow:0 0 1px 0 rgba(0,0,0,0.5),0 1px 10px 0 rgba(0,0,0,0.15); margin: 1px; max-width:540px; min-width:326px; padding:0; width:99.375%; width:-webkit-calc(100% - 2px); width:calc(100% - 2px);\"\/>\n<\/div>\n<\/div>\n<p><script async src=\"\/\/www.instagram.com\/embed.js\"><\/script><\/p>\n","protected":false},"excerpt":{"rendered":"El expelotero de Grandes Ligas Edwin Encarnaci\u00f3n y el empresario Gabriel \u00abGaby\u00bb&hellip;\n","protected":false},"author":1,"featured_media":67487,"comment_status":"open","ping_status":"open","sticky":false,"template":"","format":"standard","meta":{"footnotes":""},"categories":[1],"tags":[],"class_list":["post-67486","post","type-post","status-publish","format-standard","has-post-thumbnail","category-nacionales"],"_links":{"self":[{"href":"https:\/\/acronoticias.com\/index.php\/wp-json\/wp\/v2\/posts\/67486","targetHints":{"allow":["GET"]}}],"collection":[{"href":"https:\/\/acronoticias.com\/index.php\/wp-json\/wp\/v2\/posts"}],"about":[{"href":"https:\/\/acronoticias.com\/index.php\/wp-json\/wp\/v2\/types\/post"}],"author":[{"embeddable":true,"href":"https:\/\/acronoticias.com\/index.php\/wp-json\/wp\/v2\/users\/1"}],"replies":[{"embeddable":true,"href":"https:\/\/acronoticias.com\/index.php\/wp-json\/wp\/v2\/comments?post=67486"}],"version-history":[{"count":0,"href":"https:\/\/acronoticias.com\/index.php\/wp-json\/wp\/v2\/posts\/67486\/revisions"}],"wp:featuredmedia":[{"embeddable":true,"href":"https:\/\/acronoticias.com\/index.php\/wp-json\/wp\/v2\/media\/67487"}],"wp:attachment":[{"href":"https:\/\/acronoticias.com\/index.php\/wp-json\/wp\/v2\/media?parent=67486"}],"wp:term":[{"taxonomy":"category","embeddable":true,"href":"https:\/\/acronoticias.com\/index.php\/wp-json\/wp\/v2\/categories?post=67486"},{"taxonomy":"post_tag","embeddable":true,"href":"https:\/\/acronoticias.com\/index.php\/wp-json\/wp\/v2\/tags?post=67486"}],"curies":[{"name":"wp","href":"https:\/\/api.w.org\/{rel}","templated":true}]}}