{"id":67482,"date":"2026-09-05T04:48:17","date_gmt":"2026-09-05T04:48:17","guid":{"rendered":"https:\/\/acronoticias.com\/index.php\/2026\/09\/05\/partido-de-gobierno-entre-la-capacidad-y-la-confianza\/"},"modified":"2026-09-05T04:48:17","modified_gmt":"2026-09-05T04:48:17","slug":"partido-de-gobierno-entre-la-capacidad-y-la-confianza","status":"publish","type":"post","link":"https:\/\/acronoticias.com\/index.php\/2026\/09\/05\/partido-de-gobierno-entre-la-capacidad-y-la-confianza\/","title":{"rendered":"Partido de Gobierno: entre la capacidad y la confianza"},"content":{"rendered":"<div>\n<p>                                                                                            <!-- --><\/p>\n<p class=\"paragraph\">La <b>composici\u00f3n de un gobierno<\/b> dice mucho acerca de la organizaci\u00f3n pol\u00edtica que lo sustenta. Es normal, y puede ser saludable, que un presidente incorpore profesionales independientes, t\u00e9cnicos y personalidades provenientes de otros sectores. Ning\u00fan partido posee el monopolio del talento nacional y ning\u00fan gobierno deber\u00eda renunciar a incorporar capacidades por razones estrictamente partidarias.<\/p>\n<p class=\"paragraph\">Sin embargo, la cuesti\u00f3n adquiere otra dimensi\u00f3n cuando la incorporaci\u00f3n de figuras externas deja de ser complementaria y parece convertirse en un patr\u00f3n en \u00e1reas estrat\u00e9gicas del Estado. Entonces ya no se trata de discutir si un funcionario debe tener o no un carnet partidario. La pregunta pasa a ser qu\u00e9 revela esa conducta sobre la capacidad del partido gobernante para formar cuadros, producir equipos de gobierno y generar confianza en sus propios dirigentes.<\/p>\n<p class=\"paragraph\">Posiciones claves del gobierno del <b>Partido Revolucionario Moderno<\/b> \u2014como la Consultor\u00eda Jur\u00eddica del Poder Ejecutivo, los ministerios de Relaciones Exteriores, Hacienda y Econom\u00eda, Obras P\u00fablicas, Educaci\u00f3n y Agricultura, la Gobernaci\u00f3n del Banco Central, \u00e1reas importantes del sector el\u00e9ctrico y, hasta hace algunos d\u00edas, la Superintendencia de Bancos, entre otras\u2014 son ocupadas por personas que no proceden de las filas de ese partido.<\/p>\n<p class=\"paragraph\">Frente a este escenario, resulta leg\u00edtimo preguntarse por qu\u00e9, despu\u00e9s de varios a\u00f1os en el poder, una parte relevante de las responsabilidades de mayor complejidad t\u00e9cnica y estrat\u00e9gica ha sido confiada a figuras que no proceden de la estructura tradicional del partido o cuya trayectoria principal no se ha desarrollado dentro de esa organizaci\u00f3n.<\/p>\n<p class=\"paragraph\">La primera pregunta es inevitable: \u00bfConsidera el presidente que el <b>PRM<\/b> no dispone de suficientes cuadros con la preparaci\u00f3n t\u00e9cnica y administrativa necesaria para conducir determinadas instituciones fundamentales del Estado?<\/p>\n<p class=\"paragraph\">La segunda es todav\u00eda m\u00e1s delicada: \u00bfSe trata solamente de capacidad t\u00e9cnica o existe tambi\u00e9n un problema de confianza? Un presidente no entrega Hacienda, la pol\u00edtica monetaria, la regulaci\u00f3n financiera, la infraestructura, la energ\u00eda, la educaci\u00f3n o sectores productivos \u00fanicamente a personas que conozcan esas materias. Tambi\u00e9n necesita confiar en su criterio, responsabilidad, prudencia, integridad y capacidad para administrar recursos y decisiones de enorme importancia nacional.<\/p>\n<p class=\"paragraph\">Por eso, cuando sistem\u00e1ticamente se buscan determinadas capacidades fuera de la estructura partidaria, la sociedad tiene derecho a preguntarse: \u00bfQu\u00e9 mensaje est\u00e1 enviando el propio presidente acerca de los cuadros de la organizaci\u00f3n que lo llev\u00f3 al poder?<\/p>\n<p class=\"paragraph\">Lo que estamos viendo, en el caso del PRM, es que no basta con tener capacidad para organizar campa\u00f1as, movilizar electores, construir estructuras territoriales y ganar elecciones; al mismo tiempo resulta necesario disponer de los <b>equipos t\u00e9cnicos y pol\u00edticos<\/b> requeridos para gobernar. Y esto parece no haber ocurrido con el PRM.<\/p>\n<p class=\"paragraph\">Adicionalmente, surge el tema de la confianza, que puede resultar m\u00e1s importante que el de la capacidad. Si el presidente considera que determinados dirigentes de su propia organizaci\u00f3n no re\u00fanen las condiciones de seriedad, responsabilidad o confiabilidad necesarias para administrar \u00e1reas sensibles del Estado, el problema pasa a ser de naturaleza institucional.<\/p>\n<p class=\"paragraph\">Si bien no ser\u00eda responsable afirmar, sin evidencia directa, que el presidente desconf\u00eda de la seriedad de los dirigentes de su partido, resulta perfectamente leg\u00edtimo formular la pregunta a partir de las decisiones observables: \u00bfpor qu\u00e9 quienes sirven para construir la mayor\u00eda electoral, movilizar las bases y defender pol\u00edticamente al gobierno no aparecen con la misma frecuencia entre las personas escogidas para conducir determinadas \u00e1reas estrat\u00e9gicas?<\/p>\n<p class=\"paragraph\">Si la respuesta es<b> falta de preparaci\u00f3n<\/b>, existe un problema de formaci\u00f3n de cuadros. Si la respuesta es falta de confianza, existe un problema todav\u00eda mayor. Y si ambas explicaciones concurren, estar\u00edamos ante una contradicci\u00f3n entre la fortaleza electoral del partido y su capacidad real como organizaci\u00f3n de gobierno.<\/p>\n<p class=\"paragraph\">Cabe se\u00f1alar que el verdadero problema no consiste en que el gobierno incorpore independientes. El pa\u00eds debe aprovechar sus mejores talentos. La cuesti\u00f3n es si, despu\u00e9s de a\u00f1os ejerciendo el poder, el partido gobernante ha sido capaz de desarrollar simult\u00e1neamente sus propias capacidades para administrar el Estado.<\/p>\n<p class=\"paragraph\">Lo anterior obliga a preguntarse: \u00bfQu\u00e9 generaci\u00f3n de cuadros gubernamentales est\u00e1 dejando el PRM? \u00bfQui\u00e9nes son sus especialistas en pol\u00edtica fiscal, monetaria, energ\u00e9tica, educativa, agropecuaria, industrial, financiera y de infraestructura? \u00bfD\u00f3nde se est\u00e1n formando? \u00bfQu\u00e9 responsabilidades est\u00e1n acumulando? \u00bfQui\u00e9nes podr\u00edan asumir ma\u00f1ana las principales instituciones del Estado sin que el partido tenga que buscar sistem\u00e1ticamente fuera de sus propias filas?<\/p>\n<p class=\"paragraph\">Que responda el PRM.<\/p>\n<div class=\"c-detail__box \">\n<article class=\"c-detail__sumario \">\n<figure class=\"c-detail__sumario__thumb\" style=\"display: block;\">\n            <a href=\"#\" title=\"\">\n                <picture data-size=\"w:140,h:140\" loading=\"lazy\" src=\"https:\/\/imagenes.hoy.com.do\/files\/related_image\/uploads\/2026\/08\/28\/6a92263aea764.jpeg\" data-full-src=\"https:\/\/imagenes.hoy.com.do\/uploads\/2026\/08\/28\/6a92263aea764.jpeg\">\n                    <img loading=\"lazy\" decoding=\"async\" width=\"140\" height=\"140\" alt=\"Retrato\" src=\"https:\/\/imagenes.hoy.com.do\/uploads\/2026\/08\/28\/6a92263aea764.jpeg\"\/>\n                <\/picture>\n            <\/a><br \/>\n        <\/figure>\n<div class=\"c-detail__sumario__txt\">\n<p class=\"c-detail__sumario__signature\">\n                <strong><\/p>\n<p>                <strong class=\"c-detail__sumario__author \">Juan Tem\u00edstocles Mont\u00e1s<\/strong><\/strong>\n            <\/p>\n<\/p><\/div>\n<\/article>\n<\/div>\n<\/div>\n","protected":false},"excerpt":{"rendered":"La composici\u00f3n de un gobierno dice mucho acerca de la organizaci\u00f3n pol\u00edtica&hellip;\n","protected":false},"author":1,"featured_media":67483,"comment_status":"open","ping_status":"open","sticky":false,"template":"","format":"standard","meta":{"footnotes":""},"categories":[3],"tags":[],"class_list":["post-67482","post","type-post","status-publish","format-standard","has-post-thumbnail","category-internacionales"],"_links":{"self":[{"href":"https:\/\/acronoticias.com\/index.php\/wp-json\/wp\/v2\/posts\/67482","targetHints":{"allow":["GET"]}}],"collection":[{"href":"https:\/\/acronoticias.com\/index.php\/wp-json\/wp\/v2\/posts"}],"about":[{"href":"https:\/\/acronoticias.com\/index.php\/wp-json\/wp\/v2\/types\/post"}],"author":[{"embeddable":true,"href":"https:\/\/acronoticias.com\/index.php\/wp-json\/wp\/v2\/users\/1"}],"replies":[{"embeddable":true,"href":"https:\/\/acronoticias.com\/index.php\/wp-json\/wp\/v2\/comments?post=67482"}],"version-history":[{"count":0,"href":"https:\/\/acronoticias.com\/index.php\/wp-json\/wp\/v2\/posts\/67482\/revisions"}],"wp:featuredmedia":[{"embeddable":true,"href":"https:\/\/acronoticias.com\/index.php\/wp-json\/wp\/v2\/media\/67483"}],"wp:attachment":[{"href":"https:\/\/acronoticias.com\/index.php\/wp-json\/wp\/v2\/media?parent=67482"}],"wp:term":[{"taxonomy":"category","embeddable":true,"href":"https:\/\/acronoticias.com\/index.php\/wp-json\/wp\/v2\/categories?post=67482"},{"taxonomy":"post_tag","embeddable":true,"href":"https:\/\/acronoticias.com\/index.php\/wp-json\/wp\/v2\/tags?post=67482"}],"curies":[{"name":"wp","href":"https:\/\/api.w.org\/{rel}","templated":true}]}}