{"id":67481,"date":"2026-09-05T04:41:43","date_gmt":"2026-09-05T04:41:43","guid":{"rendered":"https:\/\/acronoticias.com\/index.php\/2026\/09\/05\/minerd-convoca-a-mas-de-120-distritos-educativos-al-simulacro-nacional-por-terremoto-este-martes\/"},"modified":"2026-09-05T04:41:43","modified_gmt":"2026-09-05T04:41:43","slug":"minerd-convoca-a-mas-de-120-distritos-educativos-al-simulacro-nacional-por-terremoto-este-martes","status":"publish","type":"post","link":"https:\/\/acronoticias.com\/index.php\/2026\/09\/05\/minerd-convoca-a-mas-de-120-distritos-educativos-al-simulacro-nacional-por-terremoto-este-martes\/","title":{"rendered":"Minerd convoca a m\u00e1s de 120 distritos educativos al Simulacro Nacional por Terremoto este martes"},"content":{"rendered":"<div data-td-block-uid=\"tdi_100\">\n<div class=\"tdb-block-inner td-fix-index\">\n<p class=\"wp-block-paragraph\"><strong>SANTO DOMINGO.\u2014 <\/strong>Todos los centros educativos p\u00fablicos del pa\u00eds, junto a las 18 Regionales Educativas y los 122 Distritos escolares, participar\u00e1n este martes 8 de septiembre en el Simulacro Nacional de Evacuaci\u00f3n por Terremoto, programado para las 10:00 de la ma\u00f1ana.<\/p>\n<p class=\"wp-block-paragraph\">La jornada, convocada por el Centro de Operaciones de Emergencias (COE) por disposici\u00f3n del presidente Luis Abinader, busca medir los mecanismos de respuesta, evaluar vulnerabilidades en la infraestructura escolar y afianzar la cultura de prevenci\u00f3n de docentes y estudiantes ante eventuales sismos.<\/p>\n<p class=\"wp-block-paragraph\">Los pormenores del ejercicio fueron anunciados en el Palacio Nacional durante una rueda de prensa encabezada por el ministro administrativo de la Presidencia, Andr\u00e9s Bautista, junto al director del COE, Edwin Olivares, y el director de la Defensa Civil, Carlos Paulino.<\/p>\n<p class=\"wp-block-paragraph\">El Ministerio de Educaci\u00f3n indic\u00f3 que el simulacro se complementa con un levantamiento t\u00e9cnico de las condiciones de los planteles a nivel nacional para identificar fallas estructurales y reforzar la seguridad en las aulas.<\/p>\n<\/div>\n<\/div>\n","protected":false},"excerpt":{"rendered":"SANTO DOMINGO.\u2014 Todos los centros educativos p\u00fablicos del pa\u00eds, junto a las&hellip;\n","protected":false},"author":1,"featured_media":34243,"comment_status":"open","ping_status":"open","sticky":false,"template":"","format":"standard","meta":{"footnotes":""},"categories":[1],"tags":[],"class_list":["post-67481","post","type-post","status-publish","format-standard","has-post-thumbnail","category-nacionales"],"_links":{"self":[{"href":"https:\/\/acronoticias.com\/index.php\/wp-json\/wp\/v2\/posts\/67481","targetHints":{"allow":["GET"]}}],"collection":[{"href":"https:\/\/acronoticias.com\/index.php\/wp-json\/wp\/v2\/posts"}],"about":[{"href":"https:\/\/acronoticias.com\/index.php\/wp-json\/wp\/v2\/types\/post"}],"author":[{"embeddable":true,"href":"https:\/\/acronoticias.com\/index.php\/wp-json\/wp\/v2\/users\/1"}],"replies":[{"embeddable":true,"href":"https:\/\/acronoticias.com\/index.php\/wp-json\/wp\/v2\/comments?post=67481"}],"version-history":[{"count":0,"href":"https:\/\/acronoticias.com\/index.php\/wp-json\/wp\/v2\/posts\/67481\/revisions"}],"wp:featuredmedia":[{"embeddable":true,"href":"https:\/\/acronoticias.com\/index.php\/wp-json\/wp\/v2\/media\/34243"}],"wp:attachment":[{"href":"https:\/\/acronoticias.com\/index.php\/wp-json\/wp\/v2\/media?parent=67481"}],"wp:term":[{"taxonomy":"category","embeddable":true,"href":"https:\/\/acronoticias.com\/index.php\/wp-json\/wp\/v2\/categories?post=67481"},{"taxonomy":"post_tag","embeddable":true,"href":"https:\/\/acronoticias.com\/index.php\/wp-json\/wp\/v2\/tags?post=67481"}],"curies":[{"name":"wp","href":"https:\/\/api.w.org\/{rel}","templated":true}]}}