{"id":67477,"date":"2026-09-05T04:09:39","date_gmt":"2026-09-05T04:09:39","guid":{"rendered":"https:\/\/acronoticias.com\/index.php\/2026\/09\/05\/ministerio-de-trabajo-afirma-que-en-rd-solo-persisten-casos-aislados-de-trabajo-infantil\/"},"modified":"2026-09-05T04:09:39","modified_gmt":"2026-09-05T04:09:39","slug":"ministerio-de-trabajo-afirma-que-en-rd-solo-persisten-casos-aislados-de-trabajo-infantil","status":"publish","type":"post","link":"https:\/\/acronoticias.com\/index.php\/2026\/09\/05\/ministerio-de-trabajo-afirma-que-en-rd-solo-persisten-casos-aislados-de-trabajo-infantil\/","title":{"rendered":"Ministerio de Trabajo afirma que en RD solo persisten \u00abcasos aislados\u00bb de trabajo infantil"},"content":{"rendered":"<div data-td-block-uid=\"tdi_100\">\n<div class=\"tdb-block-inner td-fix-index\">\n<p class=\"wp-block-paragraph\"><strong>BOCA CHICA.\u2014 <\/strong>El Ministerio de Trabajo anunci\u00f3 el fortalecimiento del despliegue de inspecciones especializadas en todo el territorio nacional como parte de una estrategia integral para detectar, prevenir y erradicar el trabajo infantil en sectores vulnerables.<\/p>\n<p class=\"wp-block-paragraph\">La medida fue ratificada por el ministro de Trabajo, <strong>Eddy Olivares<\/strong>, durante la jornada \u201cNi\u00f1ez con Prop\u00f3sito, Futuro con Oportunidades\u201d, celebrada en la escuela Vitalina Mordan de Cruz, en este municipio, donde sostuvo que en el pa\u00eds solo persisten casos aislados de este flagelo.<\/p>\n<p class=\"wp-block-paragraph\">Olivares explic\u00f3 que la fiscalizaci\u00f3n laboral se combina con la oferta de servicios del sistema educativo p\u00fablico, como transporte, alimentaci\u00f3n y uniformes gratuitos, para garantizar la permanencia de los menores en las aulas y evitar su incorporaci\u00f3n prematura al mercado de trabajo.<\/p>\n<p class=\"wp-block-paragraph\">La actividad, organizada por la Direcci\u00f3n de Prevenci\u00f3n y Erradicaci\u00f3n del Trabajo Infantil a cargo de Hilaria Hilario y con el respaldo de la viceministra Dulce Mercedes Qui\u00f1ones, reuni\u00f3 a familias de la zona y cont\u00f3 con la integraci\u00f3n de instituciones estatales como Sup\u00e9rate, Conani, Minerd, SeNaSa, Infotep y el Ministerio de la Mujer.<\/p>\n<\/div>\n<\/div>\n","protected":false},"excerpt":{"rendered":"BOCA CHICA.\u2014 El Ministerio de Trabajo anunci\u00f3 el fortalecimiento del despliegue de&hellip;\n","protected":false},"author":1,"featured_media":67478,"comment_status":"open","ping_status":"open","sticky":false,"template":"","format":"standard","meta":{"footnotes":""},"categories":[1],"tags":[],"class_list":["post-67477","post","type-post","status-publish","format-standard","has-post-thumbnail","category-nacionales"],"_links":{"self":[{"href":"https:\/\/acronoticias.com\/index.php\/wp-json\/wp\/v2\/posts\/67477","targetHints":{"allow":["GET"]}}],"collection":[{"href":"https:\/\/acronoticias.com\/index.php\/wp-json\/wp\/v2\/posts"}],"about":[{"href":"https:\/\/acronoticias.com\/index.php\/wp-json\/wp\/v2\/types\/post"}],"author":[{"embeddable":true,"href":"https:\/\/acronoticias.com\/index.php\/wp-json\/wp\/v2\/users\/1"}],"replies":[{"embeddable":true,"href":"https:\/\/acronoticias.com\/index.php\/wp-json\/wp\/v2\/comments?post=67477"}],"version-history":[{"count":0,"href":"https:\/\/acronoticias.com\/index.php\/wp-json\/wp\/v2\/posts\/67477\/revisions"}],"wp:featuredmedia":[{"embeddable":true,"href":"https:\/\/acronoticias.com\/index.php\/wp-json\/wp\/v2\/media\/67478"}],"wp:attachment":[{"href":"https:\/\/acronoticias.com\/index.php\/wp-json\/wp\/v2\/media?parent=67477"}],"wp:term":[{"taxonomy":"category","embeddable":true,"href":"https:\/\/acronoticias.com\/index.php\/wp-json\/wp\/v2\/categories?post=67477"},{"taxonomy":"post_tag","embeddable":true,"href":"https:\/\/acronoticias.com\/index.php\/wp-json\/wp\/v2\/tags?post=67477"}],"curies":[{"name":"wp","href":"https:\/\/api.w.org\/{rel}","templated":true}]}}