{"id":67465,"date":"2026-09-05T02:49:53","date_gmt":"2026-09-05T02:49:53","guid":{"rendered":"https:\/\/acronoticias.com\/index.php\/2026\/09\/05\/gobierno-inaugura-reconstruccion-del-tramo-cruce-autovia-del-coral-boca-de-chavon\/"},"modified":"2026-09-05T02:49:53","modified_gmt":"2026-09-05T02:49:53","slug":"gobierno-inaugura-reconstruccion-del-tramo-cruce-autovia-del-coral-boca-de-chavon","status":"publish","type":"post","link":"https:\/\/acronoticias.com\/index.php\/2026\/09\/05\/gobierno-inaugura-reconstruccion-del-tramo-cruce-autovia-del-coral-boca-de-chavon\/","title":{"rendered":"Gobierno inaugura reconstrucci\u00f3n del tramo Cruce Autov\u00eda del Coral-Boca de Chav\u00f3n"},"content":{"rendered":"<div data-td-block-uid=\"tdi_100\">\n<div class=\"tdb-block-inner td-fix-index\">\n<p class=\"wp-block-paragraph\"><strong>BOCA DE CHAV\u00d3N, La Altagracia.<\/strong>\u2014 El presidente Luis Abinader inaugur\u00f3 la reconstrucci\u00f3n de la carretera Cruce Autov\u00eda del Coral \u2013 Boca de Chav\u00f3n, en el municipio San Rafael del Yuma, una obra de 5.5 kil\u00f3metros ejecutada por el Ministerio de Obras P\u00fablicas y Comunicaciones (MOPC) para conectar a m\u00e1s de 3,500 residentes y sectores productivos de la zona.<\/p>\n<p class=\"wp-block-paragraph\">Durante el acto, el ministro de Obras P\u00fablicas y Comunicaciones, Eduardo Estrella, sostuvo que la v\u00eda asfaltada e iluminada optimiza los tiempos de traslado, la seguridad vial y la integraci\u00f3n comercial de agricultores, pescadores y comerciantes de la regi\u00f3n Este.<\/p>\n<p class=\"wp-block-paragraph\">En la misma jornada en la provincia La Altagracia, el MOPC entreg\u00f3 la reconstrucci\u00f3n de 2.62 kil\u00f3metros de calles (54,600 metros cuadrados de pavimento) en el entorno de la Escuela C\u00e1ndido Eligio Guerrero, en el sector San Pedro del municipio de Hig\u00fcey.<\/p>\n<figure class=\"wp-block-image size-large\"><img data-recalc-dims=\"1\" fetchpriority=\"high\" decoding=\"async\" width=\"696\" height=\"464\" data-attachment-id=\"524785\" data-permalink=\"https:\/\/rnn.com.do\/gobierno-inaugura-reconstruccion-del-tramo-cruce-autovia-del-coral-boca-de-chavon\/whatsapp-image-2026-09-04-at-9-08-48-pm-2\/\" data-orig-file=\"https:\/\/i0.wp.com\/rnn.com.do\/wp-content\/uploads\/2026\/09\/WhatsApp-Image-2026-09-04-at-9.08.48-PM-2.jpeg?fit=1600%2C1066&ssl=1\" data-orig-size=\"1600,1066\" data-comments-opened=\"1\" data-image-meta=\"{&quot;aperture&quot;:&quot;0&quot;,&quot;credit&quot;:&quot;&quot;,&quot;camera&quot;:&quot;&quot;,&quot;caption&quot;:&quot;&quot;,&quot;created_timestamp&quot;:&quot;0&quot;,&quot;copyright&quot;:&quot;&quot;,&quot;focal_length&quot;:&quot;0&quot;,&quot;iso&quot;:&quot;0&quot;,&quot;shutter_speed&quot;:&quot;0&quot;,&quot;title&quot;:&quot;&quot;,&quot;orientation&quot;:&quot;0&quot;,&quot;alt&quot;:&quot;&quot;}\" data-image-title=\"WhatsApp Image 2026-09-04 at 9.08.48 PM (2)\" data-image-description=\"\" data-image-caption=\"\" data-large-file=\"https:\/\/i0.wp.com\/rnn.com.do\/wp-content\/uploads\/2026\/09\/WhatsApp-Image-2026-09-04-at-9.08.48-PM-2.jpeg?fit=696%2C464&ssl=1\" src=\"https:\/\/i0.wp.com\/rnn.com.do\/wp-content\/uploads\/2026\/09\/WhatsApp-Image-2026-09-04-at-9.08.48-PM-2.jpeg?resize=696%2C464&ssl=1\" alt=\"\" class=\"wp-image-524785\" srcset=\"https:\/\/i0.wp.com\/rnn.com.do\/wp-content\/uploads\/2026\/09\/WhatsApp-Image-2026-09-04-at-9.08.48-PM-2.jpeg?resize=1024%2C682&ssl=1 1024w, https:\/\/i0.wp.com\/rnn.com.do\/wp-content\/uploads\/2026\/09\/WhatsApp-Image-2026-09-04-at-9.08.48-PM-2.jpeg?resize=300%2C200&ssl=1 300w, https:\/\/i0.wp.com\/rnn.com.do\/wp-content\/uploads\/2026\/09\/WhatsApp-Image-2026-09-04-at-9.08.48-PM-2.jpeg?resize=768%2C512&ssl=1 768w, https:\/\/i0.wp.com\/rnn.com.do\/wp-content\/uploads\/2026\/09\/WhatsApp-Image-2026-09-04-at-9.08.48-PM-2.jpeg?resize=1536%2C1023&ssl=1 1536w, https:\/\/i0.wp.com\/rnn.com.do\/wp-content\/uploads\/2026\/09\/WhatsApp-Image-2026-09-04-at-9.08.48-PM-2.jpeg?resize=630%2C420&ssl=1 630w, https:\/\/i0.wp.com\/rnn.com.do\/wp-content\/uploads\/2026\/09\/WhatsApp-Image-2026-09-04-at-9.08.48-PM-2.jpeg?resize=150%2C100&ssl=1 150w, https:\/\/i0.wp.com\/rnn.com.do\/wp-content\/uploads\/2026\/09\/WhatsApp-Image-2026-09-04-at-9.08.48-PM-2.jpeg?resize=696%2C464&ssl=1 696w, https:\/\/i0.wp.com\/rnn.com.do\/wp-content\/uploads\/2026\/09\/WhatsApp-Image-2026-09-04-at-9.08.48-PM-2.jpeg?resize=1068%2C712&ssl=1 1068w, https:\/\/i0.wp.com\/rnn.com.do\/wp-content\/uploads\/2026\/09\/WhatsApp-Image-2026-09-04-at-9.08.48-PM-2.jpeg?w=1600&ssl=1 1600w, https:\/\/i0.wp.com\/rnn.com.do\/wp-content\/uploads\/2026\/09\/WhatsApp-Image-2026-09-04-at-9.08.48-PM-2.jpeg?w=1392&ssl=1 1392w\" sizes=\"(max-width: 696px) 100vw, 696px\"\/><\/figure>\n<p class=\"wp-block-paragraph\">La obra en Hig\u00fcey, ejecutada por el Consorcio RYLCO & Asociados, incluy\u00f3 la instalaci\u00f3n de aceras, contenes, 1,490 metros lineales de alcantarillado pluvial, 62 imbornales y un caj\u00f3n vial-hidr\u00e1ulico para resolver los problemas de drenaje y manejo de aguas en el sector.<\/p>\n<\/div>\n<\/div>\n","protected":false},"excerpt":{"rendered":"BOCA DE CHAV\u00d3N, La Altagracia.\u2014 El presidente Luis Abinader inaugur\u00f3 la reconstrucci\u00f3n&hellip;\n","protected":false},"author":1,"featured_media":67466,"comment_status":"open","ping_status":"open","sticky":false,"template":"","format":"standard","meta":{"footnotes":""},"categories":[1],"tags":[],"class_list":["post-67465","post","type-post","status-publish","format-standard","has-post-thumbnail","category-nacionales"],"_links":{"self":[{"href":"https:\/\/acronoticias.com\/index.php\/wp-json\/wp\/v2\/posts\/67465","targetHints":{"allow":["GET"]}}],"collection":[{"href":"https:\/\/acronoticias.com\/index.php\/wp-json\/wp\/v2\/posts"}],"about":[{"href":"https:\/\/acronoticias.com\/index.php\/wp-json\/wp\/v2\/types\/post"}],"author":[{"embeddable":true,"href":"https:\/\/acronoticias.com\/index.php\/wp-json\/wp\/v2\/users\/1"}],"replies":[{"embeddable":true,"href":"https:\/\/acronoticias.com\/index.php\/wp-json\/wp\/v2\/comments?post=67465"}],"version-history":[{"count":0,"href":"https:\/\/acronoticias.com\/index.php\/wp-json\/wp\/v2\/posts\/67465\/revisions"}],"wp:featuredmedia":[{"embeddable":true,"href":"https:\/\/acronoticias.com\/index.php\/wp-json\/wp\/v2\/media\/67466"}],"wp:attachment":[{"href":"https:\/\/acronoticias.com\/index.php\/wp-json\/wp\/v2\/media?parent=67465"}],"wp:term":[{"taxonomy":"category","embeddable":true,"href":"https:\/\/acronoticias.com\/index.php\/wp-json\/wp\/v2\/categories?post=67465"},{"taxonomy":"post_tag","embeddable":true,"href":"https:\/\/acronoticias.com\/index.php\/wp-json\/wp\/v2\/tags?post=67465"}],"curies":[{"name":"wp","href":"https:\/\/api.w.org\/{rel}","templated":true}]}}