{"id":67463,"date":"2026-09-05T02:48:42","date_gmt":"2026-09-05T02:48:42","guid":{"rendered":"https:\/\/acronoticias.com\/index.php\/2026\/09\/05\/david-ortiz-inaugura-tienda-de-calzado-exclusivo-en-naco-junto-a-la-leyenda-de-la-nba-allen-iverson\/"},"modified":"2026-09-05T02:48:42","modified_gmt":"2026-09-05T02:48:42","slug":"david-ortiz-inaugura-tienda-de-calzado-exclusivo-en-naco-junto-a-la-leyenda-de-la-nba-allen-iverson","status":"publish","type":"post","link":"https:\/\/acronoticias.com\/index.php\/2026\/09\/05\/david-ortiz-inaugura-tienda-de-calzado-exclusivo-en-naco-junto-a-la-leyenda-de-la-nba-allen-iverson\/","title":{"rendered":"David Ortiz inaugura tienda de calzado exclusivo en Naco junto a la leyenda de la NBA Allen Iverson"},"content":{"rendered":"<div data-td-block-uid=\"tdi_100\">\n<div class=\"tdb-block-inner td-fix-index\">\n<p class=\"wp-block-paragraph\">SANTO DOMINGO.- El expelotero de Grandes Ligas David Ortiz inaugur\u00f3 su nueva tienda de calzado exclusivo, \u00abLa Loter\u00eda de la Leche\u00bb, ubicada en el sector Naco del Distrito Nacional.<\/p>\n<p class=\"wp-block-paragraph\">La apertura del establecimiento cont\u00f3 con la presencia de la leyenda del baloncesto de la NBA y figura de la marca Reebok, Allen Iverson, quien realiza su primera visita a la Rep\u00fablica Dominicana para acompa\u00f1ar al Inmortal de Cooperstown en el lanzamiento.<\/p>\n<p class=\"wp-block-paragraph\">El comercio est\u00e1 enfocado en el segmento de tenis de alta gama, con precios que oscilan entre los 250 y los 1,000 d\u00f3lares, seg\u00fan el modelo y la marca del calzado.<\/p>\n<figure class=\"wp-block-embed is-type-video is-provider-youtube wp-block-embed-youtube wp-embed-aspect-16-9 wp-has-aspect-ratio\">\n<p>\n<span class=\"embed-youtube\" style=\"text-align:center; display: block;\"><iframe loading=\"lazy\" title=\"David Ortiz inaugura tienda de calzado exclusivo en Naco junto a la leyenda de la NBA Allen Iverson\" width=\"1200\" height=\"675\" src=\"https:\/\/www.youtube.com\/embed\/opAWh4cUDW0?feature=oembed\" frameborder=\"0\" allow=\"accelerometer; autoplay; clipboard-write; encrypted-media; gyroscope; picture-in-picture; web-share\" referrerpolicy=\"strict-origin-when-cross-origin\" allowfullscreen><\/iframe><\/span>\n<\/p>\n<\/figure>\n<\/div>\n<\/div>\n","protected":false},"excerpt":{"rendered":"SANTO DOMINGO.- El expelotero de Grandes Ligas David Ortiz inaugur\u00f3 su nueva&hellip;\n","protected":false},"author":1,"featured_media":67464,"comment_status":"open","ping_status":"open","sticky":false,"template":"","format":"standard","meta":{"footnotes":""},"categories":[2],"tags":[],"class_list":["post-67463","post","type-post","status-publish","format-standard","has-post-thumbnail","category-deporte"],"_links":{"self":[{"href":"https:\/\/acronoticias.com\/index.php\/wp-json\/wp\/v2\/posts\/67463","targetHints":{"allow":["GET"]}}],"collection":[{"href":"https:\/\/acronoticias.com\/index.php\/wp-json\/wp\/v2\/posts"}],"about":[{"href":"https:\/\/acronoticias.com\/index.php\/wp-json\/wp\/v2\/types\/post"}],"author":[{"embeddable":true,"href":"https:\/\/acronoticias.com\/index.php\/wp-json\/wp\/v2\/users\/1"}],"replies":[{"embeddable":true,"href":"https:\/\/acronoticias.com\/index.php\/wp-json\/wp\/v2\/comments?post=67463"}],"version-history":[{"count":0,"href":"https:\/\/acronoticias.com\/index.php\/wp-json\/wp\/v2\/posts\/67463\/revisions"}],"wp:featuredmedia":[{"embeddable":true,"href":"https:\/\/acronoticias.com\/index.php\/wp-json\/wp\/v2\/media\/67464"}],"wp:attachment":[{"href":"https:\/\/acronoticias.com\/index.php\/wp-json\/wp\/v2\/media?parent=67463"}],"wp:term":[{"taxonomy":"category","embeddable":true,"href":"https:\/\/acronoticias.com\/index.php\/wp-json\/wp\/v2\/categories?post=67463"},{"taxonomy":"post_tag","embeddable":true,"href":"https:\/\/acronoticias.com\/index.php\/wp-json\/wp\/v2\/tags?post=67463"}],"curies":[{"name":"wp","href":"https:\/\/api.w.org\/{rel}","templated":true}]}}