{"id":67451,"date":"2026-09-05T01:45:42","date_gmt":"2026-09-05T01:45:42","guid":{"rendered":"https:\/\/acronoticias.com\/index.php\/2026\/09\/05\/ministro-de-trabajo-dice-vieja-cultura-del-trabajo-infantil-ha-sido-superada-en-rd\/"},"modified":"2026-09-05T01:45:42","modified_gmt":"2026-09-05T01:45:42","slug":"ministro-de-trabajo-dice-vieja-cultura-del-trabajo-infantil-ha-sido-superada-en-rd","status":"publish","type":"post","link":"https:\/\/acronoticias.com\/index.php\/2026\/09\/05\/ministro-de-trabajo-dice-vieja-cultura-del-trabajo-infantil-ha-sido-superada-en-rd\/","title":{"rendered":"Ministro de Trabajo dice vieja cultura del trabajo infantil ha sido superada en RD"},"content":{"rendered":"<p><img decoding=\"async\" width=\"355\" height=\"200\" src=\"https:\/\/nuevodiario-assets.s3.us-east-2.amazonaws.com\/wp-content\/uploads\/2026\/09\/Ministro-de-Trabajo-dice-vieja-cultura-del-trabajo-infantil-ha-sido-superada-en-RD-1-355x200.jpeg\" class=\"webfeedsFeaturedVisual wp-post-image\" alt=\"\" style=\"display: block;margin-bottom: 5px;clear:both;max-width: 100%\" loading=\"lazy\" \/><\/p>\n<p>EL NUEVO DIARIO, BOCA CHICA.\u2014\u00a0El ministro de Trabajo, Eddy Olivares, afirm\u00f3 que la Rep\u00fablica Dominicana ha superado la antigua cultura que toleraba el trabajo infantil y asegur\u00f3 que actualmente los casos de este fen\u00f3meno son aislados, mientras el Estado fortalece las acciones de prevenci\u00f3n, protecci\u00f3n e inspecci\u00f3n.<\/p>\n<p class=\"isSelectedEnd\">Olivares ofreci\u00f3 estas declaraciones durante la jornada \u201cNi\u00f1ez con Prop\u00f3sito, Futuro con Oportunidades\u201d, realizada en la escuela Vitalina Mordan de Cruz, donde participaron estudiantes y padres de familia.<\/p>\n<p class=\"isSelectedEnd\">El funcionario sostuvo que el Ministerio de Trabajo desarrolla inspecciones especializadas en todo el territorio nacional para detectar situaciones de trabajo infantil, intervenir oportunamente y activar los mecanismos de protecci\u00f3n correspondientes.<\/p>\n<p><a href=\"https:\/\/elnuevodiario.com.do\/ministro-de-trabajo-dice-vieja-cultura-del-trabajo-infantil-ha-sido-superada-en-rd\/ministro-de-trabajo-dice-vieja-cultura-del-trabajo-infantil-ha-sido-superada-en-rd-2\/\"><img loading=\"lazy\" decoding=\"async\" data-recalc-dims=\"1\" width=\"640\" height=\"426\" src=\"https:\/\/i0.wp.com\/nuevodiario-assets.s3.us-east-2.amazonaws.com\/wp-content\/uploads\/2026\/09\/Ministro-de-Trabajo-dice-vieja-cultura-del-trabajo-infantil-ha-sido-superada-en-RD-2.jpeg?resize=640%2C426&quality=100&ssl=1\" class=\"attachment-full size-full\" alt=\"\" \/><\/a><\/p>\n<p class=\"isSelectedEnd\">\u201cCada d\u00eda trabajamos para fortalecer el Departamento de Trabajo Infantil. En Rep\u00fablica Dominicana solo existen casos aislados de este flagelo\u201d, puntualiz\u00f3 Olivares.<\/p>\n<p class=\"isSelectedEnd\">Afirm\u00f3 que las pol\u00edticas p\u00fablicas dirigidas a la ni\u00f1ez tienen como uno de sus principales objetivos garantizar que los menores permanezcan en las aulas y no sean incorporados prematuramente al mercado laboral.<\/p>\n<p class=\"isSelectedEnd\">En ese sentido, destac\u00f3 la educaci\u00f3n p\u00fablica gratuita, la alimentaci\u00f3n escolar, los uniformes y el transporte escolar como mecanismos que contribuyen a facilitar la permanencia de los estudiantes en el sistema educativo.<\/p>\n<p><a href=\"https:\/\/elnuevodiario.com.do\/ministro-de-trabajo-dice-vieja-cultura-del-trabajo-infantil-ha-sido-superada-en-rd\/ministro-de-trabajo-dice-vieja-cultura-del-trabajo-infantil-ha-sido-superada-en-rd-3\/\"><img loading=\"lazy\" decoding=\"async\" data-recalc-dims=\"1\" width=\"640\" height=\"426\" src=\"https:\/\/i0.wp.com\/nuevodiario-assets.s3.us-east-2.amazonaws.com\/wp-content\/uploads\/2026\/09\/Ministro-de-Trabajo-dice-vieja-cultura-del-trabajo-infantil-ha-sido-superada-en-RD-3.jpeg?resize=640%2C426&quality=100&ssl=1\" class=\"attachment-full size-full\" alt=\"\" \/><\/a><\/p>\n<p class=\"isSelectedEnd\">\u201cCuando un ni\u00f1o est\u00e1 en la escuela, aprendiendo y prepar\u00e1ndose para el futuro, est\u00e1 donde debe estar\u201d, expres\u00f3 el ministro.<\/p>\n<p class=\"isSelectedEnd\">Olivares indic\u00f3 que la estrategia contra el trabajo infantil combina prevenci\u00f3n y fiscalizaci\u00f3n, especialmente en comunidades y actividades econ\u00f3micas donde exista mayor vulnerabilidad.<\/p>\n<p><a href=\"https:\/\/elnuevodiario.com.do\/ministro-de-trabajo-dice-vieja-cultura-del-trabajo-infantil-ha-sido-superada-en-rd\/ministro-de-trabajo-dice-vieja-cultura-del-trabajo-infantil-ha-sido-superada-en-rd-4\/\"><img decoding=\"async\" data-recalc-dims=\"1\" loading=\"lazy\" width=\"640\" height=\"426\" src=\"https:\/\/i0.wp.com\/nuevodiario-assets.s3.us-east-2.amazonaws.com\/wp-content\/uploads\/2026\/09\/Ministro-de-Trabajo-dice-vieja-cultura-del-trabajo-infantil-ha-sido-superada-en-RD-4.jpeg?resize=640%2C426&quality=100&ssl=1\" class=\"attachment-full size-full\" alt=\"\" \/><\/a><\/p>\n<p class=\"isSelectedEnd\">Durante la jornada tambi\u00e9n se realizaron actividades educativas orientadas a promover los derechos de la ni\u00f1ez y la importancia de la educaci\u00f3n como v\u00eda para acceder a mejores oportunidades.<\/p>\n<p>El ministro manifest\u00f3 que el prop\u00f3sito de las autoridades es continuar reduciendo los casos de trabajo infantil y colocar al pa\u00eds entre las naciones de la regi\u00f3n con los niveles m\u00e1s bajos de este fen\u00f3meno.<\/p>\n<p>La entrada <a href=\"https:\/\/elnuevodiario.com.do\/ministro-de-trabajo-dice-vieja-cultura-del-trabajo-infantil-ha-sido-superada-en-rd\/\">Ministro de Trabajo dice vieja cultura del trabajo infantil ha sido superada en RD<\/a> se public\u00f3 primero en <a href=\"https:\/\/elnuevodiario.com.do\">El Nuevo Diario (Rep\u00fablica Dominicana)<\/a>.<\/p>\n","protected":false},"excerpt":{"rendered":"EL NUEVO DIARIO, BOCA CHICA.\u2014\u00a0El ministro de Trabajo, Eddy Olivares, afirm\u00f3 que&hellip;\n","protected":false},"author":1,"featured_media":67452,"comment_status":"open","ping_status":"open","sticky":false,"template":"","format":"standard","meta":{"footnotes":""},"categories":[1],"tags":[],"class_list":["post-67451","post","type-post","status-publish","format-standard","has-post-thumbnail","category-nacionales"],"_links":{"self":[{"href":"https:\/\/acronoticias.com\/index.php\/wp-json\/wp\/v2\/posts\/67451","targetHints":{"allow":["GET"]}}],"collection":[{"href":"https:\/\/acronoticias.com\/index.php\/wp-json\/wp\/v2\/posts"}],"about":[{"href":"https:\/\/acronoticias.com\/index.php\/wp-json\/wp\/v2\/types\/post"}],"author":[{"embeddable":true,"href":"https:\/\/acronoticias.com\/index.php\/wp-json\/wp\/v2\/users\/1"}],"replies":[{"embeddable":true,"href":"https:\/\/acronoticias.com\/index.php\/wp-json\/wp\/v2\/comments?post=67451"}],"version-history":[{"count":0,"href":"https:\/\/acronoticias.com\/index.php\/wp-json\/wp\/v2\/posts\/67451\/revisions"}],"wp:featuredmedia":[{"embeddable":true,"href":"https:\/\/acronoticias.com\/index.php\/wp-json\/wp\/v2\/media\/67452"}],"wp:attachment":[{"href":"https:\/\/acronoticias.com\/index.php\/wp-json\/wp\/v2\/media?parent=67451"}],"wp:term":[{"taxonomy":"category","embeddable":true,"href":"https:\/\/acronoticias.com\/index.php\/wp-json\/wp\/v2\/categories?post=67451"},{"taxonomy":"post_tag","embeddable":true,"href":"https:\/\/acronoticias.com\/index.php\/wp-json\/wp\/v2\/tags?post=67451"}],"curies":[{"name":"wp","href":"https:\/\/api.w.org\/{rel}","templated":true}]}}