{"id":67447,"date":"2026-09-05T01:29:51","date_gmt":"2026-09-05T01:29:51","guid":{"rendered":"https:\/\/acronoticias.com\/index.php\/2026\/09\/05\/republica-dominicana-dona-a-mexico-busto-de-antonio-delfin-madrigal-propulsor-de-la-proclamacion-de-benito-juarez-como-benemerito-de-las-americas\/"},"modified":"2026-09-05T01:29:51","modified_gmt":"2026-09-05T01:29:51","slug":"republica-dominicana-dona-a-mexico-busto-de-antonio-delfin-madrigal-propulsor-de-la-proclamacion-de-benito-juarez-como-benemerito-de-las-americas","status":"publish","type":"post","link":"https:\/\/acronoticias.com\/index.php\/2026\/09\/05\/republica-dominicana-dona-a-mexico-busto-de-antonio-delfin-madrigal-propulsor-de-la-proclamacion-de-benito-juarez-como-benemerito-de-las-americas\/","title":{"rendered":"Rep\u00fablica Dominicana dona a M\u00e9xico busto de Antonio Delf\u00edn Madrigal, propulsor de la proclamaci\u00f3n de Benito Ju\u00e1rez como Benem\u00e9rito de las Am\u00e9ricas"},"content":{"rendered":"<div id=\"mvp-content-main\">\n<p><strong>Ciudad de M\u00e9xico<\/strong>.- La Rep\u00fablica Dominicana y M\u00e9xico reafirmaron sus hist\u00f3ricos v\u00ednculos de amistad, cooperaci\u00f3n y diplomacia parlamentaria durante la ceremonia de entrega y develaci\u00f3n del busto del legislador y patriota dominicano <strong>Antonio Delf\u00edn Madrigal (1824\u20131889)<\/strong>, celebrada en la Casa de Cultura Jes\u00fas Reyes Heroles, en Coyoac\u00e1n.<\/p>\n<p>El homenaje record\u00f3 uno de los acontecimientos m\u00e1s significativos de la historia compartida entre ambos pa\u00edses. El <strong>11 de mayo de 1867<\/strong>, siendo diputado del Congreso Nacional Dominicano, Delf\u00edn Madrigal present\u00f3 la moci\u00f3n que propuso declarar al presidente mexicano <strong>Benito Ju\u00e1rez como \u00abBenem\u00e9rito de la Am\u00e9rica\u00bb<\/strong>, en reconocimiento a su defensa de la libertad, la soberan\u00eda y la independencia de M\u00e9xico.<\/p>\n<p>La propuesta fue aprobada por unanimidad por los <strong>15 legisladores presentes<\/strong>, constituy\u00e9ndose en una temprana y trascendente manifestaci\u00f3n de solidaridad continental.<\/p>\n<h2 id=\"un-homenaje-a-la-solidaridad-entre-dos-pueblos\" class=\"wp-block-heading\"><strong>Un homenaje a la solidaridad entre dos pueblos<\/strong><\/h2>\n<p>Durante la ceremonia, el senador mexicano <strong>Francisco Ch\u00edguil Figueroa<\/strong> destac\u00f3 el significado hist\u00f3rico de la donaci\u00f3n realizada por la Rep\u00fablica Dominicana y su contribuci\u00f3n al fortalecimiento de la fraternidad entre ambas naciones.<\/p>\n<p>La diputada <strong>Carmen Leyda Escarfuller Morel de Melo<\/strong>, presidenta del Grupo Parlamentario de Amistad Dominico\u2013Mexicano, anunci\u00f3 que presentar\u00e1 ante la C\u00e1mara de Diputados dominicana un proyecto de ley para declarar el <strong>11 de mayo como D\u00eda de la Confraternidad Dominico-Mexicana<\/strong>, iniciativa concebida dentro del proyecto de donaci\u00f3n elaborado por el consejero de la Embajada dominicana <strong>Orlando Rodr\u00edguez Rosario<\/strong>.<\/p>\n<figure class=\"wp-block-image size-large\"><a href=\"https:\/\/cdn.ultimasnoticias.com.do\/2026\/09\/LZM_7987-scaled.jpeg\"><img loading=\"lazy\" decoding=\"async\" width=\"1024\" height=\"683\" alt=\"LZM 7987\" class=\"wp-image-222807 cwvlazyload\" src=\"https:\/\/cdn.ultimasnoticias.com.do\/2026\/09\/LZM_7987-1024x683.jpeg\" srcset=\"https:\/\/cdn.ultimasnoticias.com.do\/2026\/09\/LZM_7987-1024x683.jpeg 1024w, https:\/\/cdn.ultimasnoticias.com.do\/2026\/09\/LZM_7987-300x200.jpeg 300w, https:\/\/cdn.ultimasnoticias.com.do\/2026\/09\/LZM_7987-768x512.jpeg 768w, https:\/\/cdn.ultimasnoticias.com.do\/2026\/09\/LZM_7987-1536x1024.jpeg 1536w, https:\/\/cdn.ultimasnoticias.com.do\/2026\/09\/LZM_7987-2048x1365.jpeg 2048w\" data-sizes=\"(max-width: 1024px) 100vw, 1024px\"\/><\/a><\/figure>\n<p>El embajador <strong>Juan Bol\u00edvar D\u00edaz Santana<\/strong> ley\u00f3 la hist\u00f3rica moci\u00f3n presentada por Delf\u00edn Madrigal en 1867, resaltando la vigencia de su legado para las nuevas generaciones.<\/p>\n<p>La delegaci\u00f3n legislativa dominicana estuvo integrada adem\u00e1s por los diputados <strong>Juan Carlos Echavarr\u00eda, Valerio Leonardo, Hermes Evangelina Jos\u00e9 M\u00e9ndez, Adelis Olivares y Miguel Espinal<\/strong>, quienes posteriormente participaron en una reuni\u00f3n de trabajo con integrantes del Grupo Parlamentario de Amistad M\u00e9xico\u2013Rep\u00fablica Dominicana.<\/p>\n<h2 id=\"coyoacan-escenario-de-una-memoria-compartida\" class=\"wp-block-heading\"><strong>Coyoac\u00e1n, escenario de una memoria compartida<\/strong><\/h2>\n<p><strong>Ricardo Andr\u00e9s Pascoe Pierce<\/strong>, jefe de la Oficina de la Alcald\u00eda Coyoac\u00e1n, y <strong>Jos\u00e9 Luis Hern\u00e1ndez Estrada<\/strong>, director para el Caribe de la Secretar\u00eda de Relaciones Exteriores de M\u00e9xico, resaltaron la importancia de preservar una historia bilateral sustentada en los ideales de libertad, soberan\u00eda y solidaridad.<\/p>\n<figure class=\"wp-block-image size-large\"><a href=\"https:\/\/cdn.ultimasnoticias.com.do\/2026\/09\/TOKI-6-scaled.jpeg\"><img loading=\"lazy\" decoding=\"async\" width=\"1024\" height=\"683\" alt=\"TOKI 6\" class=\"wp-image-222806 cwvlazyload\" src=\"https:\/\/cdn.ultimasnoticias.com.do\/2026\/09\/TOKI-6-1024x683.jpeg\" srcset=\"https:\/\/cdn.ultimasnoticias.com.do\/2026\/09\/TOKI-6-1024x683.jpeg 1024w, https:\/\/cdn.ultimasnoticias.com.do\/2026\/09\/TOKI-6-300x200.jpeg 300w, https:\/\/cdn.ultimasnoticias.com.do\/2026\/09\/TOKI-6-768x512.jpeg 768w, https:\/\/cdn.ultimasnoticias.com.do\/2026\/09\/TOKI-6-1536x1024.jpeg 1536w, https:\/\/cdn.ultimasnoticias.com.do\/2026\/09\/TOKI-6-2048x1365.jpeg 2048w\" data-sizes=\"auto, (max-width: 1024px) 100vw, 1024px\"\/><\/a><\/figure>\n<p>Durante las intervenciones tambi\u00e9n fueron evocadas figuras dominicanas estrechamente vinculadas con M\u00e9xico, como <strong>Jos\u00e9 N\u00fa\u00f1ez de C\u00e1ceres<\/strong>y el humanista <strong>Pedro Henr\u00edquez Ure\u00f1a<\/strong>. La ceremonia cont\u00f3 adem\u00e1s con la presencia de <strong>Hilda Trujillo Soto<\/strong>, directora general de Cultura de la Alcald\u00eda Coyoac\u00e1n, legisladores e invitados especiales.<\/p>\n<h2 id=\"develacion-del-busto-y-reconocimiento-al-escultor\" class=\"wp-block-heading\"><strong>Develaci\u00f3n del busto y reconocimiento al escultor<\/strong><\/h2>\n<p>El busto fue develado por el embajador <strong>Juan Bol\u00edvar D\u00edaz Santana<\/strong> y <strong>Ricardo Andr\u00e9s Pascoe Pierce<\/strong>. Posteriormente, el consejero <strong>Orlando Rodr\u00edguez Rosario<\/strong> dio lectura a la placa conmemorativa que recoge los nombres de los 15 diputados dominicanos que aprobaron la hist\u00f3rica moci\u00f3n de 1867: <strong>Juan Bautista Zafra, Melit\u00f3n Valverde, Pedro Valverde y Lara, Manuel Mar\u00eda Castillo Medrano, \u00c1lvaro Fern\u00e1ndez, Ram\u00f3n Mar\u00eda Mella Brea, Antonio Delf\u00edn Madrigal, Carlos Nouel, Jacinto de Castro, Wenceslao de la Concha, Deogracia Linares, Faustino de Soto, Tel\u00e9sforo Obj\u00edo, Olegario P\u00e9rez y Juan Bautista Morel.<\/strong><\/p>\n<p>Tambi\u00e9n fue reconocido el escultor <strong>Javier Marino S\u00e1nchez Ben\u00edtez<\/strong>, autor del busto, quien reconstruy\u00f3 tridimensionalmente la imagen de Delf\u00edn Madrigal a partir de una antigua fotograf\u00eda conservada en el Archivo General de la Naci\u00f3n. <\/p>\n<p>El primer secretario de la Embajada dominicana, <strong>Carlos Rojas<\/strong>, dio lectura al reconocimiento otorgado al artista por la Embajada de la Rep\u00fablica Dominicana y la Alcald\u00eda Coyoac\u00e1n.<\/p>\n<p>El <strong>Ministerio de Educaci\u00f3n de la Rep\u00fablica Dominicana<\/strong>, representado por el director de Educaci\u00f3n Modalidad en Artes, <strong>Gelson Navarro<\/strong>, coordin\u00f3 el aporte y traslado de la escultura a Ciudad de M\u00e9xico, con el apoyo institucional de <strong>Arajet<\/strong>y de <strong>Stef Pe\u00f1a<\/strong>, funcionario del MINERD.<\/p>\n<h2 id=\"recorrido-por-la-calle-delfin-madrigal\" class=\"wp-block-heading\"><strong>Recorrido por la calle Delf\u00edn Madrigal<\/strong><\/h2>\n<p>Al concluir la ceremonia, autoridades y legisladores recorrieron la <strong>calle Antonio Delf\u00edn Madrigal<\/strong>, en la colonia Pedregal de Santo Domingo, Coyoac\u00e1n, donde el equipo de arquitectos responsable present\u00f3 el proyecto ejecutivo de modificaci\u00f3n de la rotonda destinada a albergar definitivamente el busto.<\/p>\n<h2 id=\"una-historia-que-continua\" class=\"wp-block-heading\"><strong>Una historia que contin\u00faa<\/strong><\/h2>\n<p>A <strong>159 a\u00f1os<\/strong> de aquella hist\u00f3rica decisi\u00f3n parlamentaria, el busto de Antonio Delf\u00edn Madrigal, la calle que lleva su nombre en Coyoac\u00e1n y la propuesta para establecer el D\u00eda de la Confraternidad Dominico-Mexicana renuevan una memoria compartida entre ambos pueblos.<\/p>\n<p>El homenaje proyecta hacia las nuevas generaciones un principio que uni\u00f3 a dominicanos y mexicanos desde 1867: <strong>la defensa de la soberan\u00eda, la libertad y la dignidad de una naci\u00f3n hermana constituye tambi\u00e9n una defensa de la libertad de toda Am\u00e9rica.<\/strong><\/p>\n<p>Esta versi\u00f3n reduce considerablemente la extensi\u00f3n de la nota original, pero conserva el hilo hist\u00f3rico, los participantes, la iniciativa legislativa, la develaci\u00f3n, el reconocimiento al escultor, el papel del MINERD y el recorrido por la calle Delf\u00edn Madrigal.<\/p>\n<\/div>\n","protected":false},"excerpt":{"rendered":"Ciudad de M\u00e9xico.- La Rep\u00fablica Dominicana y M\u00e9xico reafirmaron sus hist\u00f3ricos v\u00ednculos&hellip;\n","protected":false},"author":1,"featured_media":67448,"comment_status":"open","ping_status":"open","sticky":false,"template":"","format":"standard","meta":{"footnotes":""},"categories":[1],"tags":[],"class_list":["post-67447","post","type-post","status-publish","format-standard","has-post-thumbnail","category-nacionales"],"_links":{"self":[{"href":"https:\/\/acronoticias.com\/index.php\/wp-json\/wp\/v2\/posts\/67447","targetHints":{"allow":["GET"]}}],"collection":[{"href":"https:\/\/acronoticias.com\/index.php\/wp-json\/wp\/v2\/posts"}],"about":[{"href":"https:\/\/acronoticias.com\/index.php\/wp-json\/wp\/v2\/types\/post"}],"author":[{"embeddable":true,"href":"https:\/\/acronoticias.com\/index.php\/wp-json\/wp\/v2\/users\/1"}],"replies":[{"embeddable":true,"href":"https:\/\/acronoticias.com\/index.php\/wp-json\/wp\/v2\/comments?post=67447"}],"version-history":[{"count":0,"href":"https:\/\/acronoticias.com\/index.php\/wp-json\/wp\/v2\/posts\/67447\/revisions"}],"wp:featuredmedia":[{"embeddable":true,"href":"https:\/\/acronoticias.com\/index.php\/wp-json\/wp\/v2\/media\/67448"}],"wp:attachment":[{"href":"https:\/\/acronoticias.com\/index.php\/wp-json\/wp\/v2\/media?parent=67447"}],"wp:term":[{"taxonomy":"category","embeddable":true,"href":"https:\/\/acronoticias.com\/index.php\/wp-json\/wp\/v2\/categories?post=67447"},{"taxonomy":"post_tag","embeddable":true,"href":"https:\/\/acronoticias.com\/index.php\/wp-json\/wp\/v2\/tags?post=67447"}],"curies":[{"name":"wp","href":"https:\/\/api.w.org\/{rel}","templated":true}]}}