{"id":67439,"date":"2026-09-05T00:43:45","date_gmt":"2026-09-05T00:43:45","guid":{"rendered":"https:\/\/acronoticias.com\/index.php\/2026\/09\/05\/caso-jet-set-3-claves-para-entender-lo-ocurrido-durante-el-proceso-de-hoy\/"},"modified":"2026-09-05T00:43:45","modified_gmt":"2026-09-05T00:43:45","slug":"caso-jet-set-3-claves-para-entender-lo-ocurrido-durante-el-proceso-de-hoy","status":"publish","type":"post","link":"https:\/\/acronoticias.com\/index.php\/2026\/09\/05\/caso-jet-set-3-claves-para-entender-lo-ocurrido-durante-el-proceso-de-hoy\/","title":{"rendered":"Caso Jet Set: 3 claves para entender lo ocurrido durante el proceso de hoy"},"content":{"rendered":"<div>\n<div class=\"c-detail__author full\">\n<div>\n<div class=\"c-detail__author__thumb\">\n<figure>\n                                <picture src=\"https:\/\/imagenes.hoy.com.do\/files\/image_square_xs\/uploads\/2025\/11\/10\/6911b3b5d935b.png\" data-size=\"w:40,h:40\">\n                                    <img decoding=\"async\" loading=\"lazy\" alt=\"Hoy .\" width=\"40\" height=\"40\" src=\"https:\/\/imagenes.hoy.com.do\/files\/image_square_xs\/uploads\/2025\/11\/10\/6911b3b5d935b.png\"\/>\n                                <\/picture>\n                                <\/figure>\n<\/div>\n<\/div>\n<\/div>\n<p>                                                                                            <!-- --><\/p>\n<p class=\"paragraph\">Este viernes, en el juicio por el colapso del techo del <b><a href=\"https:\/\/hoy.com.do\/suplementos\/impreso\/experto-sismologia-desastres-naturales-ve-preocupacion-gran-cantidad-viviendas-vulnerables-spm_1100567.html\" title=\"Un experto en sismolog\u00eda y desastres naturales ve con preocupaci\u00f3n la gran cantidad de viviendas vulnerables en SPM\">Jet Set<\/a>,<\/b> la presentaci\u00f3n de dos peritos del Ministerio P\u00fablico fue de alta relevancia medi\u00e1tica durante las poco m\u00e1s de siete horas que dur\u00f3 todo el proceso.\u00a0<\/p>\n<p class=\"paragraph\">Los expertos atribuyeron el desplome a una sobrecarga estructural acumulada durante a\u00f1os. Explicaron que sobre el <b>techo <\/b>fueron instalados equipos de climatizaci\u00f3n, tanques de agua y otras estructuras que aumentaron progresivamente el peso soportado por la edificaci\u00f3n.\u00a0<\/p>\n<p class=\"paragraph\">El \u00f3rgano acusador sostiene que estas condiciones, junto con modificaciones y reparaciones consideradas insuficientes, forman parte de un conjunto de factores que impiden calificar la tragedia como un simple accidente.<\/p>\n<p class=\"paragraph\"><b> Tres claves de la audiencia del juicio por el Jet Set<\/b><\/p>\n<p class=\"paragraph\">1. Un techo sometido a una sobrecarga cinco veces superior a su capacidad<\/p>\n<p class=\"paragraph\">El ingeniero Leonardo de Jes\u00fas Reyes Madera, director de la Oficina Nacional de Evaluaci\u00f3n S\u00edsmica y Vulnerabilidad de Infraestructura y Edificaciones (<b>Onesvie<\/b>), afirm\u00f3 que el techo estaba dise\u00f1ado para soportar unas 160 libras, pero que lleg\u00f3 a soportar m\u00e1s de 650. Seg\u00fan su explicaci\u00f3n, la estructura termin\u00f3 sometida a un peso aproximadamente cinco veces superior al previsto, debido a la presencia de unidades de aire acondicionado, tanques de agua, equipos y otras instalaciones.<\/p>\n<p class=\"paragraph\"><b> 2. El aumento de las cargas fue progresivo entre 2011 y 2025<\/b><\/p>\n<p class=\"paragraph\">Los <b>peritos <\/b>se\u00f1alaron que el sobrepeso no apareci\u00f3 de manera repentina. A trav\u00e9s de im\u00e1genes satelitales de Google Earth, pudieron rastrear c\u00f3mo las instalaciones sobre el techo aumentaron con los a\u00f1os: de siete elementos visibles en 2011, pasaron a 12 en 2017 y posteriormente a 17 entre 2017 y 2025. El ingeniero M\u00e1ximo Jos\u00e9 Corominas Quezada tambi\u00e9n identific\u00f3 modificaciones en el establecimiento, entre ellas la construcci\u00f3n de un mezzanine utilizado como \u00e1rea VIP y la existencia de hasta cuatro capas de fino sobre la losa, cuando deb\u00eda existir una.<\/p>\n<p class=\"paragraph\"><b> 3. El Ministerio P\u00fablico busca demostrar que no fue un accidente imprevisible<\/b><\/p>\n<p class=\"paragraph\">La presentaci\u00f3n de estas pruebas forma parte de la tesis de la acusaci\u00f3n de que el desplome no puede ser considerado un hecho completamente imprevisible. Los fiscales sostienen que exist\u00edan condiciones estructurales, modificaciones, sobrecargas y se\u00f1ales de deterioro progresivo que deb\u00edan ser consideradas por quienes ten\u00edan responsabilidad y control sobre el establecimiento. El juicio continuar\u00e1 el 11 de septiembre, cuando el Ministerio P\u00fablico seguir\u00e1 presentando sus pruebas testimoniales. El expediente contiene 84 testigos, adem\u00e1s de peritajes de ingenier\u00eda sismorresistente y patol\u00f3gica.\u00a0<\/p>\n<p class=\"paragraph\">El tribunal dispuso la celebraci\u00f3n de la audiencia todos los viernes. Luego de completar la agenda de la jornada de este viernes, el juicio fue aplazado hasta el pr\u00f3ximo 11 de septiembre.<\/p>\n<p class=\"paragraph\">En la pr\u00f3xima audiencia los fiscales del \u00f3rgano acusador continuar\u00e1n con la presentaci\u00f3n de las pruebas testimoniales.<\/p>\n<p class=\"paragraph\">El expediente consta de 156 p\u00e1ginas e incluye 84 testigos, adem\u00e1s de peritajes de ingenier\u00eda sismorresistente y patol\u00f3gica.<\/p>\n<div class=\"c-detail__box \">\n<article class=\"c-detail__sumario \">\n<figure class=\"c-detail__sumario__thumb\" style=\"display: block;\">\n            <a href=\"#\" title=\"\">\n                <picture data-size=\"w:140,h:140\" loading=\"lazy\" src=\"https:\/\/imagenes.hoy.com.do\/files\/related_image\/uploads\/2026\/09\/04\/6a9ac96f2ad50.jpeg\" data-full-src=\"https:\/\/imagenes.hoy.com.do\/uploads\/2026\/09\/04\/6a9ac96f2ad50.jpeg\">\n                    <img loading=\"lazy\" decoding=\"async\" width=\"140\" height=\"140\" alt=\"Audiencia proceso Antonio Espaillat y Maribel Espaillat\" src=\"https:\/\/imagenes.hoy.com.do\/uploads\/2026\/09\/04\/6a9ac96f2ad50.jpeg\"\/>\n                <\/picture>\n            <\/a><br \/>\n        <\/figure>\n<\/article>\n<\/div><\/div>\n","protected":false},"excerpt":{"rendered":"Este viernes, en el juicio por el colapso del techo del Jet&hellip;\n","protected":false},"author":1,"featured_media":67440,"comment_status":"open","ping_status":"open","sticky":false,"template":"","format":"standard","meta":{"footnotes":""},"categories":[3],"tags":[],"class_list":["post-67439","post","type-post","status-publish","format-standard","has-post-thumbnail","category-internacionales"],"_links":{"self":[{"href":"https:\/\/acronoticias.com\/index.php\/wp-json\/wp\/v2\/posts\/67439","targetHints":{"allow":["GET"]}}],"collection":[{"href":"https:\/\/acronoticias.com\/index.php\/wp-json\/wp\/v2\/posts"}],"about":[{"href":"https:\/\/acronoticias.com\/index.php\/wp-json\/wp\/v2\/types\/post"}],"author":[{"embeddable":true,"href":"https:\/\/acronoticias.com\/index.php\/wp-json\/wp\/v2\/users\/1"}],"replies":[{"embeddable":true,"href":"https:\/\/acronoticias.com\/index.php\/wp-json\/wp\/v2\/comments?post=67439"}],"version-history":[{"count":0,"href":"https:\/\/acronoticias.com\/index.php\/wp-json\/wp\/v2\/posts\/67439\/revisions"}],"wp:featuredmedia":[{"embeddable":true,"href":"https:\/\/acronoticias.com\/index.php\/wp-json\/wp\/v2\/media\/67440"}],"wp:attachment":[{"href":"https:\/\/acronoticias.com\/index.php\/wp-json\/wp\/v2\/media?parent=67439"}],"wp:term":[{"taxonomy":"category","embeddable":true,"href":"https:\/\/acronoticias.com\/index.php\/wp-json\/wp\/v2\/categories?post=67439"},{"taxonomy":"post_tag","embeddable":true,"href":"https:\/\/acronoticias.com\/index.php\/wp-json\/wp\/v2\/tags?post=67439"}],"curies":[{"name":"wp","href":"https:\/\/api.w.org\/{rel}","templated":true}]}}