{"id":67433,"date":"2026-09-05T00:09:35","date_gmt":"2026-09-05T00:09:35","guid":{"rendered":"https:\/\/acronoticias.com\/index.php\/2026\/09\/05\/hombre-resulta-herido-durante-tiroteo-en-sector-villa-guerrero-el-seibo\/"},"modified":"2026-09-05T00:09:35","modified_gmt":"2026-09-05T00:09:35","slug":"hombre-resulta-herido-durante-tiroteo-en-sector-villa-guerrero-el-seibo","status":"publish","type":"post","link":"https:\/\/acronoticias.com\/index.php\/2026\/09\/05\/hombre-resulta-herido-durante-tiroteo-en-sector-villa-guerrero-el-seibo\/","title":{"rendered":"Hombre resulta herido durante tiroteo en sector Villa Guerrero, El Seibo"},"content":{"rendered":"<p><img decoding=\"async\" width=\"355\" height=\"200\" src=\"https:\/\/nuevodiario-assets.s3.us-east-2.amazonaws.com\/wp-content\/uploads\/2026\/09\/Hombre-resulta-herido-durante-tiroteo-en-sector-Villa-Guerrero-El-Seibo-355x200.jpg\" class=\"webfeedsFeaturedVisual wp-post-image\" alt=\"\" style=\"display: block;margin-bottom: 5px;clear:both;max-width: 100%\" loading=\"lazy\" \/><\/p>\n<p>EL NUEVO DIARIO, EL SEIBO.\u2013 Un hombre result\u00f3 herido de bala durante un tiroteo registrado en el sector Villa Guerrero, espec\u00edficamente en el barrio Las Cloacas, pr\u00f3ximo al r\u00edo Seibo.<\/p>\n<p>De acuerdo con informaciones preliminares, el incidente se habr\u00eda producido entre varias personas que hasta el momento se encuentran en proceso de identificaci\u00f3n.<\/p>\n<p>El herido fue identificado como Cristofer Elva de los Santos, de nacionalidad dominicana, quien recibi\u00f3 una herida provocada por un proyectil de arma de fuego.<\/p>\n<p>Hasta el momento se desconocen las circunstancias que originaron el incidente, as\u00ed como la identidad de las dem\u00e1s personas presuntamente involucradas.<\/p>\n<p>Las autoridades deber\u00e1n realizar las investigaciones correspondientes para determinar las causas del hecho y establecer responsabilidades.<\/p>\n<p>La entrada <a href=\"https:\/\/elnuevodiario.com.do\/hombre-resulta-herido-durante-tiroteo-en-sector-villa-guerrero-el-seibo\/\">Hombre resulta herido durante tiroteo en sector Villa Guerrero, El Seibo<\/a> se public\u00f3 primero en <a href=\"https:\/\/elnuevodiario.com.do\">El Nuevo Diario (Rep\u00fablica Dominicana)<\/a>.<\/p>\n","protected":false},"excerpt":{"rendered":"EL NUEVO DIARIO, EL SEIBO.\u2013 Un hombre result\u00f3 herido de bala durante&hellip;\n","protected":false},"author":1,"featured_media":67434,"comment_status":"open","ping_status":"open","sticky":false,"template":"","format":"standard","meta":{"footnotes":""},"categories":[1],"tags":[],"class_list":["post-67433","post","type-post","status-publish","format-standard","has-post-thumbnail","category-nacionales"],"_links":{"self":[{"href":"https:\/\/acronoticias.com\/index.php\/wp-json\/wp\/v2\/posts\/67433","targetHints":{"allow":["GET"]}}],"collection":[{"href":"https:\/\/acronoticias.com\/index.php\/wp-json\/wp\/v2\/posts"}],"about":[{"href":"https:\/\/acronoticias.com\/index.php\/wp-json\/wp\/v2\/types\/post"}],"author":[{"embeddable":true,"href":"https:\/\/acronoticias.com\/index.php\/wp-json\/wp\/v2\/users\/1"}],"replies":[{"embeddable":true,"href":"https:\/\/acronoticias.com\/index.php\/wp-json\/wp\/v2\/comments?post=67433"}],"version-history":[{"count":0,"href":"https:\/\/acronoticias.com\/index.php\/wp-json\/wp\/v2\/posts\/67433\/revisions"}],"wp:featuredmedia":[{"embeddable":true,"href":"https:\/\/acronoticias.com\/index.php\/wp-json\/wp\/v2\/media\/67434"}],"wp:attachment":[{"href":"https:\/\/acronoticias.com\/index.php\/wp-json\/wp\/v2\/media?parent=67433"}],"wp:term":[{"taxonomy":"category","embeddable":true,"href":"https:\/\/acronoticias.com\/index.php\/wp-json\/wp\/v2\/categories?post=67433"},{"taxonomy":"post_tag","embeddable":true,"href":"https:\/\/acronoticias.com\/index.php\/wp-json\/wp\/v2\/tags?post=67433"}],"curies":[{"name":"wp","href":"https:\/\/api.w.org\/{rel}","templated":true}]}}