{"id":67426,"date":"2026-09-04T23:36:59","date_gmt":"2026-09-04T23:36:59","guid":{"rendered":"https:\/\/acronoticias.com\/index.php\/2026\/09\/04\/motoristas-del-km-9-denuncian-presuntos-atracos-y-agresiones-por-parte-de-motoristas-de-la-churchill\/"},"modified":"2026-09-04T23:36:59","modified_gmt":"2026-09-04T23:36:59","slug":"motoristas-del-km-9-denuncian-presuntos-atracos-y-agresiones-por-parte-de-motoristas-de-la-churchill","status":"publish","type":"post","link":"https:\/\/acronoticias.com\/index.php\/2026\/09\/04\/motoristas-del-km-9-denuncian-presuntos-atracos-y-agresiones-por-parte-de-motoristas-de-la-churchill\/","title":{"rendered":"Motoristas del km 9 denuncian presuntos atracos y agresiones por parte de motoristas de la Churchill"},"content":{"rendered":"<p><img loading=\"lazy\" decoding=\"async\" width=\"355\" height=\"200\" src=\"https:\/\/nuevodiario-assets.s3.us-east-2.amazonaws.com\/wp-content\/uploads\/2026\/09\/Motoristas-del-km-9-denuncian-presuntos-atracos-y-agresiones-por-parte-de-motoristas-de-la-Churchill-355x200.jpg\" class=\"webfeedsFeaturedVisual wp-post-image\" alt=\"\" style=\"display: block;margin-bottom: 5px;clear:both;max-width: 100%\" \/><\/p>\n<p>EL NUEVO DIARIO, SANTO DOMINGO. \u2013 \u00c1ngel Ra\u00fal, motorista residente en la zona del kil\u00f3metro 9, denunci\u00f3 presuntas agresiones y da\u00f1os a chalecos contra trabajadores del transporte que circulan por las inmediaciones de la avenida Winston Churchill.<\/p>\n<p>Ra\u00fal relat\u00f3 que, en una ocasi\u00f3n, mientras transportaban pasajeros, varios hombres los habr\u00edan interceptado detr\u00e1s de un edificio de la zona. Seg\u00fan explic\u00f3, inicialmente pensaron que se trataba de atracadores debido a que los individuos no portaban chalecos que los identificaran.<\/p>\n<p>De acuerdo con su versi\u00f3n, posteriormente se percataron de que los hombres pertenec\u00edan a un grupo vinculado al sector del transporte y que durante el incidente algunos motoristas habr\u00edan sido agredidos y sus chalecos rotos.<\/p>\n<p>El motorista afirm\u00f3 que situaciones similares se han producido en al menos tres ocasiones y se\u00f1al\u00f3 que, tras uno de los incidentes, uno de los afectados llev\u00f3 su motocicleta a un destacamento policial y present\u00f3 una denuncia.<\/p>\n<p>Por otro lado, Milton Adames de los Santos, presidente de la parada de motoristas del kil\u00f3metro 9, denunci\u00f3 que mantiene un conflicto con una persona identificada como Almanzar, a quien responsabiliz\u00f3 de presuntamente enviar personas para agredir a trabajadores y romper sus chalecos.<\/p>\n<p>Adames de los Santos asegur\u00f3 que se desvincul\u00f3 legalmente de Almanzar con la asistencia de un abogado y que actualmente preside la referida parada.<\/p>\n<p>Asimismo, afirm\u00f3 haber recibido amenazas y dijo que tiene previsto presentar una denuncia ante la Fiscal\u00eda contra Almanzar.<\/p>\n<p>El presidente de la parada tambi\u00e9n mostr\u00f3 durante su declaraci\u00f3n varios chalecos y asegur\u00f3 que estos cuentan con autorizaci\u00f3n del Instituto Nacional de Tr\u00e1nsito y Transporte Terrestre (Intrant), adem\u00e1s de mencionar a una funcionaria identificada como Margarita.<\/p>\n<p>Adames de los Santos sostuvo que el conflicto se ha extendido durante un tiempo y que, seg\u00fan su versi\u00f3n, Almanzar pretende mantener control sobre la parada que actualmente dirige.<\/p>\n<p>Los denunciantes solicitaron la intervenci\u00f3n de las autoridades ante las situaciones que, seg\u00fan aseguran, estar\u00edan afectando a los motoristas que trabajan en la zona.<\/p>\n<p>La entrada <a href=\"https:\/\/elnuevodiario.com.do\/motoristas-del-km-9-denuncian-presuntos-atracos-y-agresiones-por-parte-de-motoristas-de-la-churchill\/\">Motoristas del km 9 denuncian presuntos atracos y agresiones por parte de motoristas de la Churchill<\/a> se public\u00f3 primero en <a href=\"https:\/\/elnuevodiario.com.do\">El Nuevo Diario (Rep\u00fablica Dominicana)<\/a>.<\/p>\n","protected":false},"excerpt":{"rendered":"EL NUEVO DIARIO, SANTO DOMINGO. \u2013 \u00c1ngel Ra\u00fal, motorista residente en la&hellip;\n","protected":false},"author":1,"featured_media":67427,"comment_status":"open","ping_status":"open","sticky":false,"template":"","format":"standard","meta":{"footnotes":""},"categories":[1],"tags":[],"class_list":["post-67426","post","type-post","status-publish","format-standard","has-post-thumbnail","category-nacionales"],"_links":{"self":[{"href":"https:\/\/acronoticias.com\/index.php\/wp-json\/wp\/v2\/posts\/67426","targetHints":{"allow":["GET"]}}],"collection":[{"href":"https:\/\/acronoticias.com\/index.php\/wp-json\/wp\/v2\/posts"}],"about":[{"href":"https:\/\/acronoticias.com\/index.php\/wp-json\/wp\/v2\/types\/post"}],"author":[{"embeddable":true,"href":"https:\/\/acronoticias.com\/index.php\/wp-json\/wp\/v2\/users\/1"}],"replies":[{"embeddable":true,"href":"https:\/\/acronoticias.com\/index.php\/wp-json\/wp\/v2\/comments?post=67426"}],"version-history":[{"count":0,"href":"https:\/\/acronoticias.com\/index.php\/wp-json\/wp\/v2\/posts\/67426\/revisions"}],"wp:featuredmedia":[{"embeddable":true,"href":"https:\/\/acronoticias.com\/index.php\/wp-json\/wp\/v2\/media\/67427"}],"wp:attachment":[{"href":"https:\/\/acronoticias.com\/index.php\/wp-json\/wp\/v2\/media?parent=67426"}],"wp:term":[{"taxonomy":"category","embeddable":true,"href":"https:\/\/acronoticias.com\/index.php\/wp-json\/wp\/v2\/categories?post=67426"},{"taxonomy":"post_tag","embeddable":true,"href":"https:\/\/acronoticias.com\/index.php\/wp-json\/wp\/v2\/tags?post=67426"}],"curies":[{"name":"wp","href":"https:\/\/api.w.org\/{rel}","templated":true}]}}