{"id":67424,"date":"2026-09-04T23:20:40","date_gmt":"2026-09-04T23:20:40","guid":{"rendered":"https:\/\/acronoticias.com\/index.php\/2026\/09\/04\/director-de-inabie-a-mi-me-designaron-para-corregir-no-para-aferrarme-a-los-problemas-heredados\/"},"modified":"2026-09-04T23:20:40","modified_gmt":"2026-09-04T23:20:40","slug":"director-de-inabie-a-mi-me-designaron-para-corregir-no-para-aferrarme-a-los-problemas-heredados","status":"publish","type":"post","link":"https:\/\/acronoticias.com\/index.php\/2026\/09\/04\/director-de-inabie-a-mi-me-designaron-para-corregir-no-para-aferrarme-a-los-problemas-heredados\/","title":{"rendered":"Director de Inabie: \u00abA m\u00ed me designaron para corregir, no para aferrarme a los problemas heredados\u201d"},"content":{"rendered":"<p><img decoding=\"async\" width=\"355\" height=\"200\" src=\"https:\/\/nuevodiario-assets.s3.us-east-2.amazonaws.com\/wp-content\/uploads\/2026\/09\/Director-de-Inabie-A-mi-me-designaron-para-corregir-no-para-aferrarme-a-los-problemas-heredados-355x200.jpeg\" class=\"webfeedsFeaturedVisual wp-post-image\" alt=\"\" style=\"display: block;margin-bottom: 5px;clear:both;max-width: 100%\" loading=\"lazy\" \/><\/p>\n<p>EL NUEVO DIARIO, SANTO DOMINGO. \u2014 El director ejecutivo del Instituto Nacional de Bienestar Estudiantil (Inabie), Adolfo P\u00e9rez De Le\u00f3n afirm\u00f3 que su gesti\u00f3n al frente de la instituci\u00f3n es corregir las situaciones que encontr\u00f3 y no aferrarse a ellas.<\/p>\n<p>\u00abA m\u00ed me designaron para que corrigiera los retos. A m\u00ed no me designaron tampoco para que yo me aferre a los problemas heredados y con eso evada mi responsabilidad\u00bb, declar\u00f3 durante su participaci\u00f3n en el programa El Gobierno de la Ma\u00f1ana, de Z101.<\/p>\n<p>El funcionario explic\u00f3 que fue designado por el presidente Luis Abinader tras la cancelaci\u00f3n de una serie de contratos de proveedores de uniformes y calzado por procesos irregulares, con el encargo expreso de resolver esa situaci\u00f3n.<\/p>\n<p><strong>C\u00f3mo opera una cocina m\u00f3vil<\/strong><\/p>\n<p>P\u00e9rez De Le\u00f3n detall\u00f3 el mecanismo mediante el cual algunos oferentes lograron superar la evaluaci\u00f3n t\u00e9cnica sin comprometerse con el cumplimiento del contrato.<\/p>\n<p>Seg\u00fan explic\u00f3, la instituci\u00f3n eval\u00faa las unidades productivas por provincias, en 34 procesos territoriales distribuidos a lo largo de varias semanas. Ese calendario fue aprovechado por ciertos suplidores: instalaban una cocina completamente equipada en una provincia, obten\u00edan la calificaci\u00f3n correspondiente y semanas despu\u00e9s trasladaban los mismos equipos a otra provincia para participar all\u00ed con id\u00e9ntica instalaci\u00f3n.<\/p>\n<p>El director inform\u00f3 que tras concluir la adjudicaci\u00f3n, orden\u00f3 a su equipo salir a verificar la totalidad de las unidades productivas del pa\u00eds. De esa revisi\u00f3n resultaron 14 casos comprobados: 12 cocinas y 2 panader\u00edas cuyos equipos hab\u00edan sido trasladados de una unidad a otra.<\/p>\n<p>\u00abA m\u00ed nadie me mand\u00f3 a cancelar esos contratos, los cancel\u00e9 yo, porque me di cuenta de que esa persona hab\u00eda estafado a la instituci\u00f3n\u00bb, sostuvo.<\/p>\n<p>A\u00f1adi\u00f3 que la informaci\u00f3n sobre esos casos fue publicada por la propia instituci\u00f3n: \u00abSi alguien me pide la lista a m\u00ed de las cocinas m\u00f3viles del Inabie, fui yo que se la di. No fue otra gente que la hizo, fui yo\u00bb.<\/p>\n<p><strong>Una precisi\u00f3n sobre el t\u00e9rmino<\/strong><\/p>\n<p>Consultado sobre la expresi\u00f3n \u00abcocinas fantasma\u00bb, el funcionario plante\u00f3 una distinci\u00f3n. Explic\u00f3 que lo detectado no son instalaciones inexistentes, sino unidades reales que se desplazan de un lugar a otro para obtener adjudicaciones en distintas demarcaciones y que en ambos casos la respuesta institucional es la misma.<\/p>\n<p>\u00abCada vez que encontremos una cocina con situaciones en cualquier parte del pa\u00eds, la vamos a quitar\u00bb, afirm\u00f3.<\/p>\n<p><strong>Supervisi\u00f3n permanente<\/strong><\/p>\n<p>P\u00e9rez De Le\u00f3n precis\u00f3 que los proveedores suspendidos no hab\u00edan recibido desembolso alguno, ya que el pago se genera contra facturas y conduces de entrega. Los lotes afectados fueron reasignados a proveedores que s\u00ed cumplen con las condiciones establecidas.<\/p>\n<p>Inform\u00f3 adem\u00e1s, que tras recibir una denuncia formal y documentada, la instituci\u00f3n intervino la totalidad de las unidades productivas de la provincia San Pedro de Macor\u00eds.<\/p>\n<p>\u201cSi alguien est\u00e1 haciendo algo incorrecto en San Pedro de Macor\u00eds, nosotros nos vamos a dar cuenta y le vamos a cancelar el contrato, porque yo no tengo compromiso con m\u00e1s nada que no sea con hacer las cosas bien hechas\u00bb, expres\u00f3.<\/p>\n<p>El director indic\u00f3 que la instituci\u00f3n sustituy\u00f3 los formularios manuales por una aplicaci\u00f3n con trazabilidad que impide la modificaci\u00f3n posterior de los datos e incorpor\u00f3 c\u00e1maras corporales y registro fotogr\u00e1fico en cada inspecci\u00f3n t\u00e9cnica.<\/p>\n<p>Aclar\u00f3, no obstante, que los casos detectados constituyen una excepci\u00f3n dentro del universo de proveedores. \u00abEn la inmensa mayor\u00eda estamos hablando de cocinas que funcionan de manera correcta, de gente honesta que hace su trabajo\u00bb, se\u00f1al\u00f3.<\/p>\n<p><a href=\"https:\/\/nuevodiario-assets.s3.us-east-2.amazonaws.com\/wp-content\/uploads\/2026\/09\/Director-de-Inabie-A-mi-me-designaron-para-corregir-no-para-aferrarme-a-los-problemas-heredados.mp4\">Director de Inabie A m\u00ed me designaron para corregir, no para aferrarme a los problemas heredados\u201d<\/a><\/p>\n<p>\u00a0<\/p>\n<p>La entrada <a href=\"https:\/\/elnuevodiario.com.do\/director-de-inabie-a-mi-me-designaron-para-corregir-no-para-aferrarme-a-los-problemas-heredados\/\">Director de Inabie: \u00abA m\u00ed me designaron para corregir, no para aferrarme a los problemas heredados\u201d<\/a> se public\u00f3 primero en <a href=\"https:\/\/elnuevodiario.com.do\">El Nuevo Diario (Rep\u00fablica Dominicana)<\/a>.<\/p>\n","protected":false},"excerpt":{"rendered":"EL NUEVO DIARIO, SANTO DOMINGO. \u2014 El director ejecutivo del Instituto Nacional&hellip;\n","protected":false},"author":1,"featured_media":67425,"comment_status":"open","ping_status":"open","sticky":false,"template":"","format":"standard","meta":{"footnotes":""},"categories":[1],"tags":[],"class_list":["post-67424","post","type-post","status-publish","format-standard","has-post-thumbnail","category-nacionales"],"_links":{"self":[{"href":"https:\/\/acronoticias.com\/index.php\/wp-json\/wp\/v2\/posts\/67424","targetHints":{"allow":["GET"]}}],"collection":[{"href":"https:\/\/acronoticias.com\/index.php\/wp-json\/wp\/v2\/posts"}],"about":[{"href":"https:\/\/acronoticias.com\/index.php\/wp-json\/wp\/v2\/types\/post"}],"author":[{"embeddable":true,"href":"https:\/\/acronoticias.com\/index.php\/wp-json\/wp\/v2\/users\/1"}],"replies":[{"embeddable":true,"href":"https:\/\/acronoticias.com\/index.php\/wp-json\/wp\/v2\/comments?post=67424"}],"version-history":[{"count":0,"href":"https:\/\/acronoticias.com\/index.php\/wp-json\/wp\/v2\/posts\/67424\/revisions"}],"wp:featuredmedia":[{"embeddable":true,"href":"https:\/\/acronoticias.com\/index.php\/wp-json\/wp\/v2\/media\/67425"}],"wp:attachment":[{"href":"https:\/\/acronoticias.com\/index.php\/wp-json\/wp\/v2\/media?parent=67424"}],"wp:term":[{"taxonomy":"category","embeddable":true,"href":"https:\/\/acronoticias.com\/index.php\/wp-json\/wp\/v2\/categories?post=67424"},{"taxonomy":"post_tag","embeddable":true,"href":"https:\/\/acronoticias.com\/index.php\/wp-json\/wp\/v2\/tags?post=67424"}],"curies":[{"name":"wp","href":"https:\/\/api.w.org\/{rel}","templated":true}]}}