{"id":67422,"date":"2026-09-04T23:04:44","date_gmt":"2026-09-04T23:04:44","guid":{"rendered":"https:\/\/acronoticias.com\/index.php\/2026\/09\/04\/raymond-rodriguez-destaca-importancia-de-la-educacion-y-el-deporte-en-la-juventud\/"},"modified":"2026-09-04T23:04:44","modified_gmt":"2026-09-04T23:04:44","slug":"raymond-rodriguez-destaca-importancia-de-la-educacion-y-el-deporte-en-la-juventud","status":"publish","type":"post","link":"https:\/\/acronoticias.com\/index.php\/2026\/09\/04\/raymond-rodriguez-destaca-importancia-de-la-educacion-y-el-deporte-en-la-juventud\/","title":{"rendered":"Raymond Rodr\u00edguez destaca importancia de la educaci\u00f3n y el deporte en la juventud"},"content":{"rendered":"<p><img loading=\"lazy\" decoding=\"async\" width=\"355\" height=\"200\" src=\"https:\/\/nuevodiario-assets.s3.us-east-2.amazonaws.com\/wp-content\/uploads\/2026\/09\/Captura-de-pantalla-2026-09-04-185134-355x200.jpg\" class=\"webfeedsFeaturedVisual wp-post-image\" alt=\"\" style=\"display: block;margin-bottom: 5px;clear:both;max-width: 100%\" \/><\/p>\n<p>EL NUEVO DIARIO, SANTO DOMINGO. \u2013 El exjugador profesional de b\u00e9isbol Raymond Rodr\u00edguez destac\u00f3 la importancia de combinar el deporte con la educaci\u00f3n como herramientas fundamentales para impulsar el desarrollo de la juventud dominicana.<\/p>\n<p>Rodr\u00edguez record\u00f3 que desde temprana edad tuvo como principal aspiraci\u00f3n convertirse en jugador de Grandes Ligas, sue\u00f1o que logr\u00f3 encaminar al firmar como pelotero profesional a los 18 a\u00f1os, aunque su carrera fue muy corta.<\/p>\n<p>Explic\u00f3 que, pese a su breve paso por el profesionalismo, nunca descuid\u00f3 sus estudios, decisi\u00f3n que posteriormente le permiti\u00f3 obtener una beca completa en Estados Unidos y continuar all\u00ed su formaci\u00f3n acad\u00e9mica mientras practicaba el b\u00e9isbol.<\/p>\n<p>\u201cSiempre le recomiendo a los j\u00f3venes que hay m\u00e1s caminos fuera de firmar y buscar una firma\u201d, sostuvo Rodr\u00edguez, al considerar que la juventud debe aprovechar las oportunidades educativas y deportivas para construir un mejor futuro.<\/p>\n<p>El joven fil\u00e1ntropo se refiri\u00f3 a este y otros temas de inter\u00e9s al ser entrevistado por los comunicadores Ad\u00e1n Lesther y Eliza Mart\u00ednez en el programa \u201cAgenda del Pueblo\u201d, que se transmite a trav\u00e9s de la plataforma digital de \u201cEl Nuevo Diario TV\u201d.<\/p>\n<p>(Ver programa)<\/p>\n<div class=\"jetpack-video-wrapper\"><\/div>\n<p>El exjugador de b\u00e9isbol valor\u00f3 adem\u00e1s el reto asumido por un grupo de j\u00f3venes que participa en una iniciativa de lectura durante 20 d\u00edas, al considerar que representa un ejemplo de disciplina, esfuerzo y compromiso.<\/p>\n<p>Rodr\u00edguez manifest\u00f3 que este tipo de iniciativas contribuye a mostrar una imagen diferente de la juventud dominicana, alejada de los estereotipos que en ocasiones predominan en las redes sociales.<\/p>\n<p>\u201cEstos chicos van a inspirar a otros j\u00f3venes con este reto que asumieron\u201d, afirm\u00f3, al resaltar que leer en voz alta y compartir conocimientos p\u00fablicamente constituye una acci\u00f3n digna de admiraci\u00f3n.<\/p>\n<p>Trabajo social a trav\u00e9s de la Fundaci\u00f3n GBC<\/p>\n<p>Rodr\u00edguez tambi\u00e9n habl\u00f3 sobre el trabajo social que desarrolla mediante la Fundaci\u00f3n GBC, desde donde ha impulsado diversas iniciativas dirigidas principalmente a ni\u00f1os y j\u00f3venes.<\/p>\n<p>Explic\u00f3 que su vocaci\u00f3n de servicio naci\u00f3 desde su infancia, al observar a sus padres involucrarse y apoyar diferentes causas sociales con los j\u00f3venes.<\/p>\n<p>Seg\u00fan relat\u00f3, esa experiencia familiar despert\u00f3 en \u00e9l el inter\u00e9s por contribuir con quienes m\u00e1s lo necesitan, especialmente con la juventud, inquietud que posteriormente tom\u00f3 forma con la creaci\u00f3n y desarrollo de la Fundaci\u00f3n GBC.<\/p>\n<p>Entre las acciones realizadas por la organizaci\u00f3n figuran la entrega de juguetes y \u00fatiles escolares, as\u00ed como donaciones de medicamentos y otros aportes destinados a personas y comunidades necesitadas.<\/p>\n<p>Rodr\u00edguez sostuvo que la suma de voluntades y la posibilidad de generar un impacto positivo en la vida de otras personas constituyen parte de las principales motivaciones que lo han llevado a asumir una carrera vinculada al servicio.<\/p>\n<p>La entrada <a href=\"https:\/\/elnuevodiario.com.do\/raymond-rodriguez-destaca-importancia-de-la-educacion-y-el-deporte-en-la-juventud\/\">Raymond Rodr\u00edguez destaca importancia de la educaci\u00f3n y el deporte en la juventud<\/a> se public\u00f3 primero en <a href=\"https:\/\/elnuevodiario.com.do\">El Nuevo Diario (Rep\u00fablica Dominicana)<\/a>.<\/p>\n","protected":false},"excerpt":{"rendered":"EL NUEVO DIARIO, SANTO DOMINGO. \u2013 El exjugador profesional de b\u00e9isbol Raymond&hellip;\n","protected":false},"author":1,"featured_media":67423,"comment_status":"open","ping_status":"open","sticky":false,"template":"","format":"standard","meta":{"footnotes":""},"categories":[1],"tags":[],"class_list":["post-67422","post","type-post","status-publish","format-standard","has-post-thumbnail","category-nacionales"],"_links":{"self":[{"href":"https:\/\/acronoticias.com\/index.php\/wp-json\/wp\/v2\/posts\/67422","targetHints":{"allow":["GET"]}}],"collection":[{"href":"https:\/\/acronoticias.com\/index.php\/wp-json\/wp\/v2\/posts"}],"about":[{"href":"https:\/\/acronoticias.com\/index.php\/wp-json\/wp\/v2\/types\/post"}],"author":[{"embeddable":true,"href":"https:\/\/acronoticias.com\/index.php\/wp-json\/wp\/v2\/users\/1"}],"replies":[{"embeddable":true,"href":"https:\/\/acronoticias.com\/index.php\/wp-json\/wp\/v2\/comments?post=67422"}],"version-history":[{"count":0,"href":"https:\/\/acronoticias.com\/index.php\/wp-json\/wp\/v2\/posts\/67422\/revisions"}],"wp:featuredmedia":[{"embeddable":true,"href":"https:\/\/acronoticias.com\/index.php\/wp-json\/wp\/v2\/media\/67423"}],"wp:attachment":[{"href":"https:\/\/acronoticias.com\/index.php\/wp-json\/wp\/v2\/media?parent=67422"}],"wp:term":[{"taxonomy":"category","embeddable":true,"href":"https:\/\/acronoticias.com\/index.php\/wp-json\/wp\/v2\/categories?post=67422"},{"taxonomy":"post_tag","embeddable":true,"href":"https:\/\/acronoticias.com\/index.php\/wp-json\/wp\/v2\/tags?post=67422"}],"curies":[{"name":"wp","href":"https:\/\/api.w.org\/{rel}","templated":true}]}}