{"id":67414,"date":"2026-09-04T22:32:41","date_gmt":"2026-09-04T22:32:41","guid":{"rendered":"https:\/\/acronoticias.com\/index.php\/2026\/09\/04\/salud-publica-lleva-jornada-mas-salud-a-mao-con-consultas-y-servicios-gratuitos\/"},"modified":"2026-09-04T22:32:41","modified_gmt":"2026-09-04T22:32:41","slug":"salud-publica-lleva-jornada-mas-salud-a-mao-con-consultas-y-servicios-gratuitos","status":"publish","type":"post","link":"https:\/\/acronoticias.com\/index.php\/2026\/09\/04\/salud-publica-lleva-jornada-mas-salud-a-mao-con-consultas-y-servicios-gratuitos\/","title":{"rendered":"Salud P\u00fablica lleva jornada \u00abM\u00e1s Salud\u00bb a Mao con consultas y servicios gratuitos"},"content":{"rendered":"<p><img loading=\"lazy\" decoding=\"async\" width=\"355\" height=\"200\" src=\"https:\/\/nuevodiario-assets.s3.us-east-2.amazonaws.com\/wp-content\/uploads\/2026\/09\/Salud-Publica-lleva-jornada-Mas-Salud-a-Mao-con-consultas-y-servicios-gratuitos-2-355x200.jpeg\" class=\"webfeedsFeaturedVisual wp-post-image\" alt=\"\" style=\"display: block;margin-bottom: 5px;clear:both;max-width: 100%\" \/><\/p>\n<p class=\"isSelectedEnd\">EL NUEVO DIARIO, MAO, VALVERDE.<strong>\u2013<\/strong> El Ministerio de Salud P\u00fablica inici\u00f3 este viernes en Mao la jornada \u00abM\u00e1s Salud\u00bb, mediante la cual ofrece consultas m\u00e9dicas, vacunaci\u00f3n, servicios odontol\u00f3gicos, entrega de medicamentos y orientaci\u00f3n preventiva de manera gratuita a residentes de esta provincia.<\/p>\n<p class=\"isSelectedEnd\">La jornada continuar\u00e1 este s\u00e1bado 5 de septiembre, de 8:00 de la ma\u00f1ana a 4:00 de la tarde, en el Liceo Juan de Jes\u00fas Reyes, ubicado en la avenida Abraham Lincoln n\u00famero 29 B, inform\u00f3 la gobernadora de Valverde, Marta Collado.<\/p>\n<p class=\"isSelectedEnd\">M\u00e1s de 40 m\u00e9dicos de distintas especialidades participan en la jornada, que tambi\u00e9n incluye toma de presi\u00f3n arterial, atenci\u00f3n en salud mental, orientaci\u00f3n sobre dengue, diabetes e hipertensi\u00f3n y asistencia para la afiliaci\u00f3n al Seguro Nacional de Salud (SeNaSa).<\/p>\n<p><a href=\"https:\/\/elnuevodiario.com.do\/salud-publica-lleva-jornada-mas-salud-a-mao-con-consultas-y-servicios-gratuitos\/salud-publica-lleva-jornada-mas-salud-a-mao-con-consultas-y-servicios-gratuitos-1\/\"><img loading=\"lazy\" decoding=\"async\" data-recalc-dims=\"1\" width=\"640\" height=\"424\" src=\"https:\/\/i0.wp.com\/nuevodiario-assets.s3.us-east-2.amazonaws.com\/wp-content\/uploads\/2026\/09\/Salud-Publica-lleva-jornada-Mas-Salud-a-Mao-con-consultas-y-servicios-gratuitos-1.jpeg?resize=640%2C424&quality=100&ssl=1\" class=\"attachment-full size-full\" alt=\"\" \/><\/a><\/p>\n<p class=\"isSelectedEnd\">Collado explic\u00f3 que el programa, impulsado por el ministro de Salud P\u00fablica, V\u00edctor Atallah, busca acercar los servicios sanitarios a las comunidades y facilitar el acceso de la poblaci\u00f3n a consultas, vacunaci\u00f3n y acciones de prevenci\u00f3n.<\/p>\n<p class=\"isSelectedEnd\">Durante la jornada tambi\u00e9n se desarrollan actividades de educaci\u00f3n sanitaria enfocadas en la prevenci\u00f3n de enfermedades, la detecci\u00f3n oportuna y la promoci\u00f3n de h\u00e1bitos saludables.<\/p>\n<p class=\"isSelectedEnd\">La gobernadora exhort\u00f3 a los residentes de Mao y comunidades cercanas a acudir este s\u00e1bado al centro educativo para acceder a los servicios disponibles, debido a que la jornada concluir\u00e1 ese d\u00eda.<\/p>\n<p class=\"isSelectedEnd\">Algunos de los asistentes valoraron la iniciativa, principalmente por la posibilidad de recibir atenci\u00f3n m\u00e9dica y otros servicios sin tener que trasladarse a otras localidades.<\/p>\n<p>Previo al inicio de las atenciones se realiz\u00f3 un acto en el que participaron autoridades civiles y sanitarias de la provincia, entre ellas el senador Odalis Rodr\u00edguez, los diputados Jos\u00e9 Arias Valenzuela y Rub\u00e9n Pe\u00f1al\u00f3, la vicealcaldesa Estefany Fr\u00edas Mart\u00ednez y el director provincial de Salud P\u00fablica, Jonathan Madera.<\/p>\n<p>La entrada <a href=\"https:\/\/elnuevodiario.com.do\/salud-publica-lleva-jornada-mas-salud-a-mao-con-consultas-y-servicios-gratuitos\/\">Salud P\u00fablica lleva jornada \u00abM\u00e1s Salud\u00bb a Mao con consultas y servicios gratuitos<\/a> se public\u00f3 primero en <a href=\"https:\/\/elnuevodiario.com.do\">El Nuevo Diario (Rep\u00fablica Dominicana)<\/a>.<\/p>\n","protected":false},"excerpt":{"rendered":"EL NUEVO DIARIO, MAO, VALVERDE.\u2013 El Ministerio de Salud P\u00fablica inici\u00f3 este&hellip;\n","protected":false},"author":1,"featured_media":67415,"comment_status":"open","ping_status":"open","sticky":false,"template":"","format":"standard","meta":{"footnotes":""},"categories":[1],"tags":[],"class_list":["post-67414","post","type-post","status-publish","format-standard","has-post-thumbnail","category-nacionales"],"_links":{"self":[{"href":"https:\/\/acronoticias.com\/index.php\/wp-json\/wp\/v2\/posts\/67414","targetHints":{"allow":["GET"]}}],"collection":[{"href":"https:\/\/acronoticias.com\/index.php\/wp-json\/wp\/v2\/posts"}],"about":[{"href":"https:\/\/acronoticias.com\/index.php\/wp-json\/wp\/v2\/types\/post"}],"author":[{"embeddable":true,"href":"https:\/\/acronoticias.com\/index.php\/wp-json\/wp\/v2\/users\/1"}],"replies":[{"embeddable":true,"href":"https:\/\/acronoticias.com\/index.php\/wp-json\/wp\/v2\/comments?post=67414"}],"version-history":[{"count":0,"href":"https:\/\/acronoticias.com\/index.php\/wp-json\/wp\/v2\/posts\/67414\/revisions"}],"wp:featuredmedia":[{"embeddable":true,"href":"https:\/\/acronoticias.com\/index.php\/wp-json\/wp\/v2\/media\/67415"}],"wp:attachment":[{"href":"https:\/\/acronoticias.com\/index.php\/wp-json\/wp\/v2\/media?parent=67414"}],"wp:term":[{"taxonomy":"category","embeddable":true,"href":"https:\/\/acronoticias.com\/index.php\/wp-json\/wp\/v2\/categories?post=67414"},{"taxonomy":"post_tag","embeddable":true,"href":"https:\/\/acronoticias.com\/index.php\/wp-json\/wp\/v2\/tags?post=67414"}],"curies":[{"name":"wp","href":"https:\/\/api.w.org\/{rel}","templated":true}]}}