{"id":67408,"date":"2026-09-04T21:44:43","date_gmt":"2026-09-04T21:44:43","guid":{"rendered":"https:\/\/acronoticias.com\/index.php\/2026\/09\/04\/jce-informa-cierres-y-cambios-de-horario-en-oficinas-de-servicios-en-el-exterior\/"},"modified":"2026-09-04T21:44:43","modified_gmt":"2026-09-04T21:44:43","slug":"jce-informa-cierres-y-cambios-de-horario-en-oficinas-de-servicios-en-el-exterior","status":"publish","type":"post","link":"https:\/\/acronoticias.com\/index.php\/2026\/09\/04\/jce-informa-cierres-y-cambios-de-horario-en-oficinas-de-servicios-en-el-exterior\/","title":{"rendered":"JCE informa cierres y cambios de horario en oficinas de servicios en el exterior"},"content":{"rendered":"<p><img loading=\"lazy\" decoding=\"async\" width=\"355\" height=\"200\" src=\"https:\/\/nuevodiario-assets.s3.us-east-2.amazonaws.com\/wp-content\/uploads\/2026\/06\/Junta-Central-Electoral--355x200.jpg\" class=\"webfeedsFeaturedVisual wp-post-image\" alt=\"\" style=\"display: block;margin-bottom: 5px;clear:both;max-width: 100%\" \/><\/p>\n<p>EL NUEVO DIARIO, SANTO DOMINGO. <strong>\u2013<\/strong> La Junta Central Electoral (JCE) inform\u00f3 este viernes a los dominicanos residentes en el exterior sobre cambios de horario y cierres temporales de varias de sus Oficinas de Servicios debido a feriados locales durante septiembre del 2026.<\/p>\n<p>La JCE indic\u00f3 que, en Z\u00farich, Suiza, la oficina laborar\u00e1 el lunes 14 de septiembre hasta las 12:00 del mediod\u00eda, debido al feriado por el D\u00eda de la Tradici\u00f3n, y retomar\u00e1 su horario habitual el martes 15.<\/p>\n<p>En Estados Unidos, Puerto Rico, Montreal y Toronto, las Oficinas de Servicios permanecer\u00e1n cerradas el lunes 7 de septiembre por el feriado del D\u00eda del Trabajo. Las labores se reanudar\u00e1n el martes 8 en horario regular.<\/p>\n<p>Mientras que, en Barcelona, Espa\u00f1a, la oficina no ofrecer\u00e1 servicios el viernes 11 de septiembre por el feriado del D\u00eda de Catalu\u00f1a y retomar\u00e1 sus actividades el lunes 14.<\/p>\n<p>En Holanda, la oficina permanecer\u00e1 cerrada el martes 15 de septiembre por el D\u00eda del Pr\u00edncipe y volver\u00e1 a operar el mi\u00e9rcoles 16 en su horario habitual.<\/p>\n<p>Para M\u00e9xico, la JCE inform\u00f3 que su Oficina Sat\u00e9lite no laborar\u00e1 el mi\u00e9rcoles 16 de septiembre por el feriado correspondiente al D\u00eda de la Independencia Mexicana. Los servicios se reanudar\u00e1n el jueves 17.<\/p>\n<p>En Chile, las Oficinas de Servicios estar\u00e1n cerradas el viernes 18 de septiembre por el feriado del D\u00eda de la Independencia Nacional y retomar\u00e1n sus labores el lunes 21.<\/p>\n<p>Asimismo, en Ottawa, Montreal y Toronto, las oficinas permanecer\u00e1n cerradas el mi\u00e9rcoles 30 de septiembre por el D\u00eda de la Verdad y la Reconciliaci\u00f3n, y reanudar\u00e1n sus servicios el jueves 1 de octubre.<\/p>\n<p>La JCE exhort\u00f3 a los dominicanos residentes en estas localidades a tomar en cuenta las fechas se\u00f1aladas al momento de realizar tr\u00e1mites o acudir a las oficinas de servicios en el exterior.<\/p>\n<p>\u00a0<\/p>\n<p>\u00a0<\/p>\n<blockquote class=\"twitter-tweet\">\n<p dir=\"ltr\" lang=\"es\">Informamos a la comunidad dominicana\ud83c\udde9\ud83c\uddf4 residente en el exterior que nuestras oficinas en las localidades indicadas estar\u00e1n cerradas en las fechas se\u00f1aladas, con motivo de las festividades locales.<a href=\"https:\/\/x.com\/hashtag\/JCE?src=hash&ref_src=twsrc%5Etfw\">#JCE<\/a> <a href=\"https:\/\/x.com\/hashtag\/NuevaC%C3%A9dulaRD?src=hash&ref_src=twsrc%5Etfw\">#NuevaC\u00e9dulaRD<\/a> \u2b07\ufe0f <a href=\"https:\/\/t.co\/tJXKmS28lo\">pic.twitter.com\/tJXKmS28lo<\/a><\/p>\n<p>\u2014 JCE (@juntacentral) <a href=\"https:\/\/x.com\/juntacentral\/status\/2095914204125368595?ref_src=twsrc%5Etfw\">September 4, 2026<\/a><\/p>\n<\/blockquote>\n<p>La entrada <a href=\"https:\/\/elnuevodiario.com.do\/jce-informa-cierres-y-cambios-de-horario-en-oficinas-de-servicios-en-el-exterior\/\">JCE informa cierres y cambios de horario en oficinas de servicios en el exterior<\/a> se public\u00f3 primero en <a href=\"https:\/\/elnuevodiario.com.do\">El Nuevo Diario (Rep\u00fablica Dominicana)<\/a>.<\/p>\n<p><script async src=\"https:\/\/platform.twitter.com\/widgets.js\" charset=\"utf-8\"><\/script><\/p>\n","protected":false},"excerpt":{"rendered":"EL NUEVO DIARIO, SANTO DOMINGO. \u2013 La Junta Central Electoral (JCE) inform\u00f3&hellip;\n","protected":false},"author":1,"featured_media":67409,"comment_status":"open","ping_status":"open","sticky":false,"template":"","format":"standard","meta":{"footnotes":""},"categories":[1],"tags":[],"class_list":["post-67408","post","type-post","status-publish","format-standard","has-post-thumbnail","category-nacionales"],"_links":{"self":[{"href":"https:\/\/acronoticias.com\/index.php\/wp-json\/wp\/v2\/posts\/67408","targetHints":{"allow":["GET"]}}],"collection":[{"href":"https:\/\/acronoticias.com\/index.php\/wp-json\/wp\/v2\/posts"}],"about":[{"href":"https:\/\/acronoticias.com\/index.php\/wp-json\/wp\/v2\/types\/post"}],"author":[{"embeddable":true,"href":"https:\/\/acronoticias.com\/index.php\/wp-json\/wp\/v2\/users\/1"}],"replies":[{"embeddable":true,"href":"https:\/\/acronoticias.com\/index.php\/wp-json\/wp\/v2\/comments?post=67408"}],"version-history":[{"count":0,"href":"https:\/\/acronoticias.com\/index.php\/wp-json\/wp\/v2\/posts\/67408\/revisions"}],"wp:featuredmedia":[{"embeddable":true,"href":"https:\/\/acronoticias.com\/index.php\/wp-json\/wp\/v2\/media\/67409"}],"wp:attachment":[{"href":"https:\/\/acronoticias.com\/index.php\/wp-json\/wp\/v2\/media?parent=67408"}],"wp:term":[{"taxonomy":"category","embeddable":true,"href":"https:\/\/acronoticias.com\/index.php\/wp-json\/wp\/v2\/categories?post=67408"},{"taxonomy":"post_tag","embeddable":true,"href":"https:\/\/acronoticias.com\/index.php\/wp-json\/wp\/v2\/tags?post=67408"}],"curies":[{"name":"wp","href":"https:\/\/api.w.org\/{rel}","templated":true}]}}