{"id":67402,"date":"2026-09-04T21:28:41","date_gmt":"2026-09-04T21:28:41","guid":{"rendered":"https:\/\/acronoticias.com\/index.php\/2026\/09\/04\/video-adp-en-dajabon-realiza-bocinazo-frente-al-distrito-13-04-en-demanda-de-reivindicaciones\/"},"modified":"2026-09-04T21:28:41","modified_gmt":"2026-09-04T21:28:41","slug":"video-adp-en-dajabon-realiza-bocinazo-frente-al-distrito-13-04-en-demanda-de-reivindicaciones","status":"publish","type":"post","link":"https:\/\/acronoticias.com\/index.php\/2026\/09\/04\/video-adp-en-dajabon-realiza-bocinazo-frente-al-distrito-13-04-en-demanda-de-reivindicaciones\/","title":{"rendered":"(VIDEO) ADP en Dajab\u00f3n realiza bocinazo frente al Distrito 13-04 en demanda de reivindicaciones"},"content":{"rendered":"<p><img decoding=\"async\" width=\"355\" height=\"200\" src=\"https:\/\/nuevodiario-assets.s3.us-east-2.amazonaws.com\/wp-content\/uploads\/2026\/09\/ADP-en-Dajabon-realiza-bocinazo-frente-al-Distrito-13-04-en-demanda-de-reivindicaciones-1-355x200.jpeg\" class=\"webfeedsFeaturedVisual wp-post-image\" alt=\"\" style=\"display: block;margin-bottom: 5px;clear:both;max-width: 100%\" loading=\"lazy\" \/><\/p>\n<p>EL NUEVO DIARIO, DAJAB\u00d3N.- La filial de la Asociaci\u00f3n Dominicana de Profesores (ADP), en Dajab\u00f3n,\u00a0 realiz\u00f3 la tarde de este viernes un bocinazo en la explanada frontal del Distrito Educativo 13-04, en demanda de diversas reivindicaciones.<\/p>\n<p>Seg\u00fan explic\u00f3 Mairen\u00ed Encarnaci\u00f3n, presidenta de la filial, la actividad se suma a la jornada de lucha nacional, anunciada por el gremio como parte de las acciones del gremio ante las dificultades que afectan el inicio del a\u00f1o escolar 2026-2027.<\/p>\n<p><a href=\"https:\/\/elnuevodiario.com.do\/video-adp-en-dajabon-realiza-bocinazo-frente-al-distrito-13-04-en-demanda-de-reivindicaciones\/adp-en-dajabon-realiza-bocinazo-frente-al-distrito-13-04-en-demanda-de-reivindicaciones-2\/\"><img loading=\"lazy\" decoding=\"async\" data-recalc-dims=\"1\" width=\"640\" height=\"360\" src=\"https:\/\/i0.wp.com\/nuevodiario-assets.s3.us-east-2.amazonaws.com\/wp-content\/uploads\/2026\/09\/ADP-en-Dajabon-realiza-bocinazo-frente-al-Distrito-13-04-en-demanda-de-reivindicaciones-2.jpeg?resize=640%2C360&quality=100&ssl=1\" class=\"attachment-full size-full\" alt=\"\" \/><\/a><\/p>\n<p>Dentro de las demandas figuran la terminaci\u00f3n de las aulas del nivel inicial de Sabana Santiago (La Aviaci\u00f3n), la conclusi\u00f3n del centro educativo de educaci\u00f3n especial y la puesta en funcionamiento del Centro Educativo de Barrio Norte, obras que, contribuir\u00edan a reducir la sobrepoblaci\u00f3n estudiantil y la sobrecarga laboral de los docentes.<\/p>\n<p>La ADP tambi\u00e9n expres\u00f3 su preocupaci\u00f3n por las condiciones de infraestructura del Centro Educativo Jos\u00e9 Ram\u00f3n L\u00f3pez, considerado uno de los planteles con mayor tiempo en proceso de construcci\u00f3n y cuya estructura genera preocupaci\u00f3n ante posibles eventos s\u00edsmicos.<\/p>\n<p><img loading=\"lazy\" decoding=\"async\" data-recalc-dims=\"1\" class=\"alignnone size-full wp-image-3265686\" src=\"https:\/\/i0.wp.com\/nuevodiario-assets.s3.us-east-2.amazonaws.com\/wp-content\/uploads\/2026\/09\/ADP-en-Dajabon-realiza-bocinazo-frente-al-Distrito-13-04-en-demanda-de-reivindicaciones-3.jpeg?resize=640%2C360&quality=100&ssl=1\" alt=\"\" width=\"640\" height=\"360\" \/><\/p>\n<p>En ese sentido anunciaron para el pr\u00f3ximo lunes un encendido de velas a las 7:00 de la noche en el centro educativo Jos\u00e9 Ram\u00f3n L\u00f3pez, debido a que el plantel funciona en horario nocturno y forma parte de las infraestructuras que requieren una intervenci\u00f3n de las autoridades educativas.<\/p>\n<p>La ADP reiter\u00f3 su llamado al Ministerio de Educaci\u00f3n (Minerd), para que atienda las demandas planteadas y adopte medidas que permitan mejorar las condiciones en que estudiantes y docentes desarrollan sus actividades escolares.<\/p>\n<p><a href=\"https:\/\/nuevodiario-assets.s3.us-east-2.amazonaws.com\/wp-content\/uploads\/2026\/09\/ADP-en-Dajabon-realiza-bocinazo-frente-al-Distrito-13-04-en-demanda-de-reivindicaciones-1.mp4\">ADP en Dajab\u00f3n realiza bocinazo frente al Distrito 13-04 en demanda de reivindicaciones (1)<\/a><\/p>\n<p>\u00a0<\/p>\n<p>La entrada <a href=\"https:\/\/elnuevodiario.com.do\/video-adp-en-dajabon-realiza-bocinazo-frente-al-distrito-13-04-en-demanda-de-reivindicaciones\/\">(VIDEO) ADP en Dajab\u00f3n realiza bocinazo frente al Distrito 13-04 en demanda de reivindicaciones<\/a> se public\u00f3 primero en <a href=\"https:\/\/elnuevodiario.com.do\">El Nuevo Diario (Rep\u00fablica Dominicana)<\/a>.<\/p>\n","protected":false},"excerpt":{"rendered":"EL NUEVO DIARIO, DAJAB\u00d3N.- La filial de la Asociaci\u00f3n Dominicana de Profesores&hellip;\n","protected":false},"author":1,"featured_media":67403,"comment_status":"open","ping_status":"open","sticky":false,"template":"","format":"standard","meta":{"footnotes":""},"categories":[1],"tags":[],"class_list":["post-67402","post","type-post","status-publish","format-standard","has-post-thumbnail","category-nacionales"],"_links":{"self":[{"href":"https:\/\/acronoticias.com\/index.php\/wp-json\/wp\/v2\/posts\/67402","targetHints":{"allow":["GET"]}}],"collection":[{"href":"https:\/\/acronoticias.com\/index.php\/wp-json\/wp\/v2\/posts"}],"about":[{"href":"https:\/\/acronoticias.com\/index.php\/wp-json\/wp\/v2\/types\/post"}],"author":[{"embeddable":true,"href":"https:\/\/acronoticias.com\/index.php\/wp-json\/wp\/v2\/users\/1"}],"replies":[{"embeddable":true,"href":"https:\/\/acronoticias.com\/index.php\/wp-json\/wp\/v2\/comments?post=67402"}],"version-history":[{"count":0,"href":"https:\/\/acronoticias.com\/index.php\/wp-json\/wp\/v2\/posts\/67402\/revisions"}],"wp:featuredmedia":[{"embeddable":true,"href":"https:\/\/acronoticias.com\/index.php\/wp-json\/wp\/v2\/media\/67403"}],"wp:attachment":[{"href":"https:\/\/acronoticias.com\/index.php\/wp-json\/wp\/v2\/media?parent=67402"}],"wp:term":[{"taxonomy":"category","embeddable":true,"href":"https:\/\/acronoticias.com\/index.php\/wp-json\/wp\/v2\/categories?post=67402"},{"taxonomy":"post_tag","embeddable":true,"href":"https:\/\/acronoticias.com\/index.php\/wp-json\/wp\/v2\/tags?post=67402"}],"curies":[{"name":"wp","href":"https:\/\/api.w.org\/{rel}","templated":true}]}}