{"id":67400,"date":"2026-09-04T21:12:39","date_gmt":"2026-09-04T21:12:39","guid":{"rendered":"https:\/\/acronoticias.com\/index.php\/2026\/09\/04\/somos-community-care-prepara-programas-de-salud-y-desarrollo-social-para-barrios-de-rd\/"},"modified":"2026-09-04T21:12:39","modified_gmt":"2026-09-04T21:12:39","slug":"somos-community-care-prepara-programas-de-salud-y-desarrollo-social-para-barrios-de-rd","status":"publish","type":"post","link":"https:\/\/acronoticias.com\/index.php\/2026\/09\/04\/somos-community-care-prepara-programas-de-salud-y-desarrollo-social-para-barrios-de-rd\/","title":{"rendered":"SOMOS Community Care prepara programas de salud y desarrollo social para barrios de RD"},"content":{"rendered":"<p><img decoding=\"async\" width=\"355\" height=\"200\" src=\"https:\/\/nuevodiario-assets.s3.us-east-2.amazonaws.com\/wp-content\/uploads\/2026\/09\/Manolo-Prince.-Foto-Monica-Veras-1-355x200.jpeg\" class=\"webfeedsFeaturedVisual wp-post-image\" alt=\"\" style=\"display: block;margin-bottom: 5px;clear:both;max-width: 100%\" loading=\"lazy\" \/><\/p>\n<p>EL NUEVO DIARIO, SANTO DOMINGO. \u2014 SOMOS Community Care, la Ciudad Sanitaria Dr. Luis Eduardo Aybar, Seaboard y la Hispanic Basketball Association (HBA) informaron este viernes que trabajan en una alianza para llevar programas de salud y servicios sociales a barrios de escasos recursos del Distrito Nacional, con el prop\u00f3sito de ampliar las oportunidades de atenci\u00f3n, educaci\u00f3n, empleo y desarrollo para sus residentes.<\/p>\n<p>El proyecto contempla trasladar a Rep\u00fablica Dominicana parte del modelo comunitario desarrollado por SOMOS en Nueva York, donde la organizaci\u00f3n tiene como misi\u00f3n ampliar la equidad en salud para las comunidades m\u00e1s vulnerables mediante servicios de atenci\u00f3n preventiva, comunitaria e integral. Su enfoque tambi\u00e9n incorpora factores sociales que inciden en la salud y el bienestar de las personas.<\/p>\n<p>Durante una visita a El Nuevo Diario, el director ejecutivo de la Comunidad Nuevo Domingo Savio, Manolo Prince, explic\u00f3 que la iniciativa comenzar\u00e1 con los barrios que integran ese proyecto, La Ci\u00e9nega, Los Pinos, Los Guandules, Guachupita, Gualey, Mar\u00eda Auxiliadora, Sim\u00f3n Bol\u00edvar, Capotillo, Las Ca\u00f1itas y Villa Francisca.<\/p>\n<figure id=\"attachment_3265648\" aria-describedby=\"caption-attachment-3265648\" style=\"width: 2560px\" class=\"wp-caption alignnone\"><img loading=\"lazy\" decoding=\"async\" data-recalc-dims=\"1\" class=\"size-full wp-image-3265648\" src=\"https:\/\/i0.wp.com\/nuevodiario-assets.s3.us-east-2.amazonaws.com\/wp-content\/uploads\/2026\/09\/Persio-Maldonado-Sanchez-Manolo-Prince-Nelsy-Leidy-Pina-y-David-Alcantara.-Foto-Monica-Veras-2-scaled.jpeg?resize=640%2C427&quality=100&ssl=1\" alt=\"\" width=\"640\" height=\"427\" \/><figcaption id=\"caption-attachment-3265648\" class=\"wp-caption-text\"><strong>Persio Maldonado S\u00e1nchez, Manolo Prince, Nelsy Leidy Pi\u00f1a y David Alc\u00e1ntara. (Foto: M\u00f3nica Veras).<\/strong><\/figcaption><\/figure>\n<p>Prince se\u00f1al\u00f3 que la alianza permitir\u00e1 trabajar con las redes de servicios sociales de SOMOS para identificar y atender necesidades relacionadas con salud, alimentaci\u00f3n, vivienda, educaci\u00f3n, transporte y empleo.<\/p>\n<p>Esa alianza permitir\u00e1, seg\u00fan explic\u00f3, que cada instituci\u00f3n aporte desde su \u00e1mbito para desarrollar programas dirigidos a las comunidades y establecer mecanismos de seguimiento a las necesidades de las familias.<\/p>\n<p><strong>Un modelo basado en la comunidad<\/strong><\/p>\n<p>Uno de los componentes del proyecto ser\u00e1 la formaci\u00f3n de j\u00f3venes de las propias comunidades como promotores de salud. Estos recibir\u00e1n capacitaci\u00f3n para desarrollar labores de acompa\u00f1amiento y orientaci\u00f3n bajo un modelo basado en el trabajo territorial que SOMOS ha desarrollado en Estados Unidos, para evaluar y ejecutar acciones que impacten las comunidades.<\/p>\n<figure id=\"attachment_3265659\" aria-describedby=\"caption-attachment-3265659\" style=\"width: 2560px\" class=\"wp-caption alignnone\"><img loading=\"lazy\" decoding=\"async\" data-recalc-dims=\"1\" class=\"size-full wp-image-3265659\" src=\"https:\/\/i0.wp.com\/nuevodiario-assets.s3.us-east-2.amazonaws.com\/wp-content\/uploads\/2026\/09\/Manolo-Prince.-Foto-Monica-Veras.-2-scaled.jpeg?resize=640%2C427&quality=100&ssl=1\" alt=\"\" width=\"640\" height=\"427\" \/><figcaption id=\"caption-attachment-3265659\" class=\"wp-caption-text\"><strong>Manolo Prince. (Foto: M\u00f3nica Veras).<\/strong><\/figcaption><\/figure>\n<p>Prince explic\u00f3 que la intenci\u00f3n es contar con informaci\u00f3n que permita conocer las condiciones particulares de cada hogar y dar seguimiento a factores relacionados con la salud, alimentaci\u00f3n, educaci\u00f3n y otras necesidades sociales.<\/p>\n<p>\u201cSabemos que el padre tiene diabetes, la madre tiene artritis, los medicamentos que tiene que tomar, el seguimiento que tiene que dar, la asistencia alimentaria, qu\u00e9 necesidad de educaci\u00f3n, los niveles de educaci\u00f3n que el pueblo puede tener y servicio de transportaci\u00f3n\u201d, explic\u00f3.<\/p>\n<p>El planteamiento parte de la idea de que la atenci\u00f3n sanitaria no debe limitarse al tratamiento de una enfermedad, sino considerar las condiciones sociales que inciden en la calidad de vida de las familias.<\/p>\n<figure id=\"attachment_3265660\" aria-describedby=\"caption-attachment-3265660\" style=\"width: 2560px\" class=\"wp-caption alignnone\"><img decoding=\"async\" data-recalc-dims=\"1\" loading=\"lazy\" class=\"size-full wp-image-3265660\" src=\"https:\/\/i0.wp.com\/nuevodiario-assets.s3.us-east-2.amazonaws.com\/wp-content\/uploads\/2026\/09\/Manolo-Price-Nelsy-Leidy-Pina-y-David-Alcantara-Foto-Monica-Veras-scaled.jpeg?resize=640%2C427&quality=100&ssl=1\" alt=\"\" width=\"640\" height=\"427\" \/><figcaption id=\"caption-attachment-3265660\" class=\"wp-caption-text\"><strong>Manolo Prince, Nelsy Leidy Pi\u00f1a y David Alc\u00e1ntara (Foto: M\u00f3nica Veras).<\/strong><\/figcaption><\/figure>\n<p>\u00a0<\/p>\n<p>Prince record\u00f3 que durante la pandemia de COVID-19 SOMOS particip\u00f3 en programas de detecci\u00f3n del virus, distribuci\u00f3n de alimentos y vacunaci\u00f3n en comunidades de Nueva York y otros estados de Estados Unidos.<\/p>\n<p>De acuerdo con su relato, la organizaci\u00f3n mantuvo equipos en las calles durante ese per\u00edodo y posteriormente desarroll\u00f3 jornadas de detecci\u00f3n en escuelas, donde fueron atendidos estudiantes, profesores y personal administrativo.<\/p>\n<p><strong>Deporte como parte de la formaci\u00f3n<\/strong><\/p>\n<p>El proyecto tambi\u00e9n contempla el deporte y la educaci\u00f3n como herramientas para el desarrollo de los j\u00f3venes. Prince, quien preside la Hispanic Basketball Association (HBA), explic\u00f3 que en la Comunidad Nuevo Domingo Savio existe una estructura deportiva integrada por clubes de distintas zonas.<\/p>\n<figure id=\"attachment_3265662\" aria-describedby=\"caption-attachment-3265662\" style=\"width: 2560px\" class=\"wp-caption alignnone\"><img decoding=\"async\" data-recalc-dims=\"1\" loading=\"lazy\" class=\"size-full wp-image-3265662\" src=\"https:\/\/i0.wp.com\/nuevodiario-assets.s3.us-east-2.amazonaws.com\/wp-content\/uploads\/2026\/09\/Manolo-Prince.-Foto-Monica-Veras.-5-scaled.jpeg?resize=640%2C427&quality=100&ssl=1\" alt=\"\" width=\"640\" height=\"427\" \/><figcaption id=\"caption-attachment-3265662\" class=\"wp-caption-text\"><strong>Manolo Prince. (Foto: M\u00f3nica Veras).<\/strong><\/figcaption><\/figure>\n<p>En esas comunidades se desarrollan torneos de baloncesto y otras actividades, adem\u00e1s de jornadas de ajedrez, programas culturales y un coro infantil.<\/p>\n<p>La propuesta busca que el deporte sirva como una v\u00eda para que los j\u00f3venes contin\u00faen sus estudios y desarrollen otras capacidades m\u00e1s all\u00e1 de la pr\u00e1ctica deportiva.<\/p>\n<p><strong>Prince<\/strong> plante\u00f3 que <strong>el objetivo no es formar \u00fanicamente atletas<\/strong>, sino aprovechar el deporte como parte de una <strong>formaci\u00f3n integral<\/strong> que permita a los j\u00f3venes <strong>prepararse acad\u00e9micamente<\/strong> y desarrollar otras \u00e1reas profesionales.<\/p>\n<figure id=\"attachment_3265662-2\" aria-describedby=\"caption-attachment-3265662-2\" style=\"width: 2560px\" class=\"wp-caption alignnone\"><img decoding=\"async\" data-recalc-dims=\"1\" loading=\"lazy\" class=\"size-full wp-image-3265662\" src=\"https:\/\/i0.wp.com\/nuevodiario-assets.s3.us-east-2.amazonaws.com\/wp-content\/uploads\/2026\/09\/Manolo-Prince.-Foto-Monica-Veras.-5-scaled.jpeg?resize=640%2C427&quality=100&ssl=1\" alt=\"\" width=\"640\" height=\"427\" \/><figcaption id=\"caption-attachment-3265662-2\" class=\"wp-caption-text\"><strong>Manolo Prince. (Foto: M\u00f3nica Veras).<\/strong><\/figcaption><\/figure>\n<p>\u201cNosotros no queremos tener un Pedro Mart\u00ednez, nosotros queremos tener miles\u201d, expres\u00f3 al referirse a la necesidad de multiplicar las oportunidades para j\u00f3venes con aptitudes deportivas y acad\u00e9micas.<\/p>\n<p>En ese sentido, sostuvo que un atleta debe contar con herramientas para enfrentar las distintas etapas de su vida, incluso cuando una lesi\u00f3n o el retiro le impidan continuar en la disciplina que practica.<\/p>\n<p><strong>Manolo Prince, del baloncesto al trabajo comunitario<\/strong><\/p>\n<p>Luis Manuel Antonio Ciricio Prince Rodr\u00edguez \u201cManolo\u201d , es un destacado atleta y gloria del baloncesto dominicano, fue exaltado al Pabell\u00f3n de la Fama del Deporte Dominicano en 2013.<\/p>\n<p>Durante su carrera integr\u00f3 la selecci\u00f3n nacional y particip\u00f3 en competencias internacionales, incluido el Campeonato Mundial de Baloncesto de 1978.<\/p>\n<figure id=\"attachment_3265652\" aria-describedby=\"caption-attachment-3265652\" style=\"width: 2560px\" class=\"wp-caption alignnone\"><img decoding=\"async\" data-recalc-dims=\"1\" loading=\"lazy\" class=\"size-full wp-image-3265652\" src=\"https:\/\/i0.wp.com\/nuevodiario-assets.s3.us-east-2.amazonaws.com\/wp-content\/uploads\/2026\/09\/David-Paredes-y-Manolo-Prince-.-Foto-Monica-Veras-2-scaled.jpeg?resize=640%2C427&quality=100&ssl=1\" alt=\"\" width=\"640\" height=\"427\" \/><figcaption id=\"caption-attachment-3265652\" class=\"wp-caption-text\"><strong>David Paredes y Manolo Prince. (Foto: M\u00f3nica Veras).<\/strong><\/figcaption><\/figure>\n<p>Prince tambi\u00e9n ha desarrollado actividades relacionadas con la gesti\u00f3n deportiva y el trabajo comunitario. Entre 2001 y 2003 se desempe\u00f1\u00f3 como director ejecutivo de una organizaci\u00f3n dominico-estadounidense dedicada a servicios comunitarios en \u00e1reas como educaci\u00f3n, salud, tecnolog\u00eda, inmigraci\u00f3n, deportes y recreaci\u00f3n para inmigrantes en Queens, Nueva York.<\/p>\n<p>En junio de 2026 recibi\u00f3 dos doctorados honoris causa en Ciencias de la Educaci\u00f3n F\u00edsica y Deportes, otorgados por Redime Christian University y Ministerial Christian University, ambas de Estados Unidos.<\/p>\n<p>Desde esa experiencia, Prince plantea que el trabajo deportivo debe trascender la competencia y contribuir a la educaci\u00f3n y al desarrollo de las comunidades.<\/p>\n<p><strong>Reconocimientos al doctor Ram\u00f3n Tallaj<\/strong><\/p>\n<p>La alianza tambi\u00e9n est\u00e1 vinculada al trabajo del doctor Ram\u00f3n Tallaj, chairman of the Board de SOMOS Community Care, quien ha recibido reconocimientos por su labor en favor de comunidades de inmigrantes en Estados Unidos y por los programas sociales y de salud impulsados desde la organizaci\u00f3n.<\/p>\n<p>Durante una visita a la Ciudad Sanitaria Dr. Luis Eduardo Aybar, Tallaj recibi\u00f3 reconocimientos de representantes de la Comunidad Nuevo Domingo Savio y de organizaciones vinculadas al deporte y al trabajo comunitario.<\/p>\n<figure id=\"attachment_3265654\" aria-describedby=\"caption-attachment-3265654\" style=\"width: 2560px\" class=\"wp-caption alignnone\"><img decoding=\"async\" data-recalc-dims=\"1\" loading=\"lazy\" class=\"size-full wp-image-3265654\" src=\"https:\/\/i0.wp.com\/nuevodiario-assets.s3.us-east-2.amazonaws.com\/wp-content\/uploads\/2026\/09\/Nelsy-Leidy-Pina-Manolo-Prince-y-David-Alcantara.-Foto-Monica-Veras-2-scaled.jpeg?resize=640%2C427&quality=100&ssl=1\" alt=\"\" width=\"640\" height=\"427\" \/><figcaption id=\"caption-attachment-3265654\" class=\"wp-caption-text\"><strong>Nelsy Leidy Pi\u00f1a, Manolo Prince y David Alc\u00e1ntara. (Foto: M\u00f3nica Veras).<\/strong><\/figcaption><\/figure>\n<p>En esa ocasi\u00f3n se destac\u00f3 la labor de SOMOS en materia de salud y su programa sobre determinantes sociales de la salud, que incluye asistencia en \u00e1reas como vivienda, alimentaci\u00f3n, energ\u00eda, educaci\u00f3n, empleo y transporte.<\/p>\n<p>El proyecto contempla que esos programas sean implementados progresivamente en Rep\u00fablica Dominicana, comenzando por la Comunidad Nuevo Domingo Savio, mediante la capacitaci\u00f3n de promotores de salud y la articulaci\u00f3n con hospitales, m\u00e9dicos residentes y organizaciones comunitarias.<\/p>\n<p>La iniciativa busca integrar los servicios de salud con programas educativos, deportivos, culturales y sociales, con la participaci\u00f3n de organizaciones comunitarias, clubes, juntas de vecinos y empresas que ya desarrollan actividades en las zonas que conforman Nuevo Domingo Savio.<\/p>\n<p>NLP\/<\/p>\n<p>La entrada <a href=\"https:\/\/elnuevodiario.com.do\/somos-community-care-prepara-programas-de-salud-y-desarrollo-social-para-barrios-de-rd\/\">SOMOS Community Care prepara programas de salud y desarrollo social para barrios de RD<\/a> se public\u00f3 primero en <a href=\"https:\/\/elnuevodiario.com.do\">El Nuevo Diario (Rep\u00fablica Dominicana)<\/a>.<\/p>\n","protected":false},"excerpt":{"rendered":"EL NUEVO DIARIO, SANTO DOMINGO. \u2014 SOMOS Community Care, la Ciudad Sanitaria&hellip;\n","protected":false},"author":1,"featured_media":67401,"comment_status":"open","ping_status":"open","sticky":false,"template":"","format":"standard","meta":{"footnotes":""},"categories":[1],"tags":[],"class_list":["post-67400","post","type-post","status-publish","format-standard","has-post-thumbnail","category-nacionales"],"_links":{"self":[{"href":"https:\/\/acronoticias.com\/index.php\/wp-json\/wp\/v2\/posts\/67400","targetHints":{"allow":["GET"]}}],"collection":[{"href":"https:\/\/acronoticias.com\/index.php\/wp-json\/wp\/v2\/posts"}],"about":[{"href":"https:\/\/acronoticias.com\/index.php\/wp-json\/wp\/v2\/types\/post"}],"author":[{"embeddable":true,"href":"https:\/\/acronoticias.com\/index.php\/wp-json\/wp\/v2\/users\/1"}],"replies":[{"embeddable":true,"href":"https:\/\/acronoticias.com\/index.php\/wp-json\/wp\/v2\/comments?post=67400"}],"version-history":[{"count":0,"href":"https:\/\/acronoticias.com\/index.php\/wp-json\/wp\/v2\/posts\/67400\/revisions"}],"wp:featuredmedia":[{"embeddable":true,"href":"https:\/\/acronoticias.com\/index.php\/wp-json\/wp\/v2\/media\/67401"}],"wp:attachment":[{"href":"https:\/\/acronoticias.com\/index.php\/wp-json\/wp\/v2\/media?parent=67400"}],"wp:term":[{"taxonomy":"category","embeddable":true,"href":"https:\/\/acronoticias.com\/index.php\/wp-json\/wp\/v2\/categories?post=67400"},{"taxonomy":"post_tag","embeddable":true,"href":"https:\/\/acronoticias.com\/index.php\/wp-json\/wp\/v2\/tags?post=67400"}],"curies":[{"name":"wp","href":"https:\/\/api.w.org\/{rel}","templated":true}]}}