{"id":67396,"date":"2026-09-04T20:42:40","date_gmt":"2026-09-04T20:42:40","guid":{"rendered":"https:\/\/acronoticias.com\/index.php\/2026\/09\/04\/la-xxxviii-exposicion-comercial-registra-mayor-participacion-que-en-su-edicion-anterior\/"},"modified":"2026-09-04T20:42:40","modified_gmt":"2026-09-04T20:42:40","slug":"la-xxxviii-exposicion-comercial-registra-mayor-participacion-que-en-su-edicion-anterior","status":"publish","type":"post","link":"https:\/\/acronoticias.com\/index.php\/2026\/09\/04\/la-xxxviii-exposicion-comercial-registra-mayor-participacion-que-en-su-edicion-anterior\/","title":{"rendered":"La XXXVIII Exposici\u00f3n Comercial registra mayor participaci\u00f3n que en su edici\u00f3n anterior"},"content":{"rendered":"<div>\n<p>                                                                                            <!-- --><\/p>\n<p class=\"paragraph\"><b>Punta Cana, La Altagracia. La XXXVIII Exposici\u00f3n Comercial de Asonahores cerr\u00f3 este viernes con m\u00e1s de 5,000 participantes registrados, quienes visitaron los 323<\/b> espacios ocupados por m\u00e1s de 200 empresas para hacer negocios de bienes y servicios para el sector tur\u00edstico.<\/p>\n<p class=\"paragraph\">Este a\u00f1o la feria tuvo un crecimiento en la cantidad de visitantes, al pasar de 4,000 en 2025 a m\u00e1s de 5,000 este a\u00f1o, inform\u00f3 Angie Lendor, vicepresidenta ejecutiva de Asonahores.<\/p>\n<p class=\"paragraph\">Dijo que el crecimiento de la exposici\u00f3n lleva a plantearse la b\u00fasqueda de un espacio f\u00edsico de mayor tama\u00f1o para la pr\u00f3xima edici\u00f3n, debido a que el lugar utilizado actualmente ya resulta limitado para la actividad.<\/p>\n<p class=\"paragraph\">La actividad se celebr\u00f3 desde el 2 hasta el 4 de septiembre en BlueMall Punta Cana. Lendor explic\u00f3 que la cifra de participantes correspond\u00eda a los registrados hasta la noche del jueves y que todav\u00eda faltaba contabilizar la jornada de cierre.<\/p>\n<figure class=\"c-detail__media \"><figcaption class=\"c-detail__media__txt\">\n<p class=\"c-detail__media__subtitle\">\n<p>        <span class=\"c-detail__media__credit \">Asonahores<\/span><span class=\"c-detail__media__author \">Mayelin Acosta<\/span><\/p>\n<\/figcaption><\/figure>\n<p class=\"paragraph\">Tecnolog\u00eda como apoyo<\/p>\n<p class=\"paragraph\">La exposici\u00f3n incorpor\u00f3 este a\u00f1o mayores herramientas tecnol\u00f3gicas para facilitar el registro y el recorrido de los participantes. El c\u00f3digo QR utilizado contiene informaci\u00f3n sobre la agenda y los stands, mientras que las empresas, visitantes y hoteles pod\u00edan registrarse y descargar su pase en el tel\u00e9fono.<\/p>\n<div class=\"c-detail__box \">\n<article class=\"c-detail__sumario \">\n<figure class=\"c-detail__sumario__thumb\" style=\"display: block;\">\n            <a href=\"#\" title=\"\">\n                <picture data-size=\"w:140,h:140\" loading=\"lazy\" src=\"https:\/\/imagenes.hoy.com.do\/files\/related_image\/uploads\/2026\/09\/04\/6a9b24adc3fb0.jpeg\" data-full-src=\"https:\/\/imagenes.hoy.com.do\/uploads\/2026\/09\/04\/6a9b24adc3fb0.jpeg\">\n                    <img loading=\"lazy\" decoding=\"async\" width=\"140\" height=\"140\" alt=\"Refuerzan alianza para que industrias vendan m\u00e1s al sector turismo\" src=\"https:\/\/imagenes.hoy.com.do\/uploads\/2026\/09\/04\/6a9b24adc3fb0.jpeg\"\/>\n                <\/picture>\n            <\/a><br \/>\n        <\/figure>\n<\/article>\n<\/div>\n<p class=\"paragraph\">La plataforma tambi\u00e9n permiti\u00f3 que los hoteles identificaran previamente a los suplidores participantes y concertaran citas con empresas de acuerdo con el tipo de industria, el plano o el nombre de la compa\u00f1\u00eda.<\/p>\n<p class=\"paragraph\">Lendor indic\u00f3 que esta herramienta funcion\u00f3 como un piloto en esta edici\u00f3n y que ser\u00e1 impulsada con mayor fuerza el pr\u00f3ximo a\u00f1o.<\/p>\n<p class=\"paragraph\">\u201cEste fue como un piloto, pero ya para el a\u00f1o que viene, eso es lo que m\u00e1s vamos a hacer\u201d, afirm\u00f3.<\/p>\n<p class=\"paragraph\">Explic\u00f3 que la composici\u00f3n de la exposici\u00f3n ofreci\u00f3 una radiograf\u00eda de la diversidad de actividades econ\u00f3micas que se articulan alrededor del turismo. Empresas de alimentos y bebidas, tecnolog\u00eda, servicios financieros, mobiliario, equipos de cocina, soluciones energ\u00e9ticas y otros segmentos compartieron espacio con compradores y representantes de la industria hotelera.<\/p>\n<p class=\"paragraph\">Indic\u00f3 que la participaci\u00f3n de empresas dominicanas junto a importantes compa\u00f1\u00edas internacionales reforz\u00f3, adem\u00e1s, el car\u00e1cter de la feria como punto de conexi\u00f3n entre oferta, demanda, inversi\u00f3n e innovaci\u00f3n.<\/p>\n<p class=\"paragraph\">Durante los tres d\u00edas se desarrollaron conversatorios sobre CONFOTUR y su incidencia institucional en el desarrollo tur\u00edstico; el entorno econ\u00f3mico nacional; la responsabilidad penal de las personas jur\u00eddicas; la transformaci\u00f3n de la industria tur\u00edstica y hotelera a partir de la inteligencia artificial; y el rol del capital privado y los fondos de inversi\u00f3n en el desarrollo del ecosistema tur\u00edstico dominicano.<\/p>\n<p class=\"paragraph\">La agenda incluy\u00f3, adem\u00e1s, un encuentro econ\u00f3mico con representantes de la prensa y la firma de acuerdos orientados a ampliar la colaboraci\u00f3n del sector con otras \u00e1reas productivas y estrat\u00e9gicas.<\/p>\n<p class=\"paragraph\">La exposici\u00f3n reserv\u00f3 tambi\u00e9n un espacio para la econom\u00eda creativa y la producci\u00f3n artesanal, con la participaci\u00f3n de m\u00e1s de 10 artesanos locales, fortaleciendo su visibilidad dentro de una plataforma que conecta directamente con empresas y actores de la actividad tur\u00edstica.<\/p>\n<p class=\"paragraph\">Como parte de la evoluci\u00f3n de la experiencia del evento, la organizaci\u00f3n introdujo innovaciones en la escenograf\u00eda e integr\u00f3 nuevamente el tradicional lounge Therrestra como espacio de relacionamiento entre participantes.<\/p>\n<\/p><\/div>\n","protected":false},"excerpt":{"rendered":"Punta Cana, La Altagracia. La XXXVIII Exposici\u00f3n Comercial de Asonahores cerr\u00f3 este&hellip;\n","protected":false},"author":1,"featured_media":67397,"comment_status":"open","ping_status":"open","sticky":false,"template":"","format":"standard","meta":{"footnotes":""},"categories":[2],"tags":[],"class_list":["post-67396","post","type-post","status-publish","format-standard","has-post-thumbnail","category-deporte"],"_links":{"self":[{"href":"https:\/\/acronoticias.com\/index.php\/wp-json\/wp\/v2\/posts\/67396","targetHints":{"allow":["GET"]}}],"collection":[{"href":"https:\/\/acronoticias.com\/index.php\/wp-json\/wp\/v2\/posts"}],"about":[{"href":"https:\/\/acronoticias.com\/index.php\/wp-json\/wp\/v2\/types\/post"}],"author":[{"embeddable":true,"href":"https:\/\/acronoticias.com\/index.php\/wp-json\/wp\/v2\/users\/1"}],"replies":[{"embeddable":true,"href":"https:\/\/acronoticias.com\/index.php\/wp-json\/wp\/v2\/comments?post=67396"}],"version-history":[{"count":0,"href":"https:\/\/acronoticias.com\/index.php\/wp-json\/wp\/v2\/posts\/67396\/revisions"}],"wp:featuredmedia":[{"embeddable":true,"href":"https:\/\/acronoticias.com\/index.php\/wp-json\/wp\/v2\/media\/67397"}],"wp:attachment":[{"href":"https:\/\/acronoticias.com\/index.php\/wp-json\/wp\/v2\/media?parent=67396"}],"wp:term":[{"taxonomy":"category","embeddable":true,"href":"https:\/\/acronoticias.com\/index.php\/wp-json\/wp\/v2\/categories?post=67396"},{"taxonomy":"post_tag","embeddable":true,"href":"https:\/\/acronoticias.com\/index.php\/wp-json\/wp\/v2\/tags?post=67396"}],"curies":[{"name":"wp","href":"https:\/\/api.w.org\/{rel}","templated":true}]}}