{"id":67394,"date":"2026-09-04T20:41:07","date_gmt":"2026-09-04T20:41:07","guid":{"rendered":"https:\/\/acronoticias.com\/index.php\/2026\/09\/04\/tras-25-anos-de-espera-presidente-abinader-inaugura-la-carretera-de-boca-de-chavon\/"},"modified":"2026-09-04T20:41:07","modified_gmt":"2026-09-04T20:41:07","slug":"tras-25-anos-de-espera-presidente-abinader-inaugura-la-carretera-de-boca-de-chavon","status":"publish","type":"post","link":"https:\/\/acronoticias.com\/index.php\/2026\/09\/04\/tras-25-anos-de-espera-presidente-abinader-inaugura-la-carretera-de-boca-de-chavon\/","title":{"rendered":"Tras 25 a\u00f1os de espera, presidente Abinader inaugura la carretera de Boca de Chav\u00f3n"},"content":{"rendered":"<p><img decoding=\"async\" width=\"355\" height=\"200\" src=\"https:\/\/nuevodiario-assets.s3.us-east-2.amazonaws.com\/wp-content\/uploads\/2026\/09\/Luis-Abinader-Eduardo-Estrella-y-Rafael-Baron-Duluc-junto-a-personalidades-Foto-Presidencia1-355x200.jpeg\" class=\"webfeedsFeaturedVisual wp-post-image\" alt=\"\" style=\"display: block;margin-bottom: 5px;clear:both;max-width: 100%\" loading=\"lazy\" \/><\/p>\n<p>EL NUEVO DIARIO, LA ALTAGRACIA.- Despu\u00e9s de m\u00e1s de 25 a\u00f1os de espera, el presidente Luis Abinader inaugur\u00f3 este viernes la reconstrucci\u00f3n de la carretera Cruce Autov\u00eda del Coral \u2013 Boca de Chav\u00f3n, en el municipio de San Rafael del Yuma, provincia La Altagracia.<\/p>\n<p>Seg\u00fan resalta una nota de prensa, la obra, ejecutada por el Ministerio de Obras P\u00fablicas y Comunicaciones (MOPC), pone fin a una demanda hist\u00f3rica de la comunidad y representa un avance decisivo para la movilidad, la seguridad vial y el desarrollo de la regi\u00f3n Este.<\/p>\n<p>Con m\u00e1s de 5.5 kil\u00f3metros de asfaltado, la intervenci\u00f3n fortaleci\u00f3 el enlace con la Autov\u00eda del Coral. Facilit\u00f3 los desplazamientos de residentes y visitantes, redujo tiempos de traslado y elev\u00f3 los est\u00e1ndares de seguridad en una zona de alto valor productivo y tur\u00edstico.<\/p>\n<figure id=\"attachment_3265630\" aria-describedby=\"caption-attachment-3265630\" style=\"width: 1280px\" class=\"wp-caption alignnone\"><img loading=\"lazy\" decoding=\"async\" data-recalc-dims=\"1\" class=\"size-full wp-image-3265630\" src=\"https:\/\/i0.wp.com\/nuevodiario-assets.s3.us-east-2.amazonaws.com\/wp-content\/uploads\/2026\/09\/Carretera-de-Boca-de-Chavon-Foto-Presidencia-1.jpeg?resize=640%2C427&quality=100&ssl=1\" alt=\"\" width=\"640\" height=\"427\" \/><figcaption id=\"caption-attachment-3265630\" class=\"wp-caption-text\"><strong>Carretera de Boca de Chav\u00f3n (Foto: Presidencia)<\/strong><\/figcaption><\/figure>\n<p>\u00a0<\/p>\n<p><strong>Ministro de Obras P\u00fablicas<\/strong><\/p>\n<p>El ministro de Obras P\u00fablicas y Comunicaciones, Eduardo Estrella destac\u00f3 que las acciones que impulsa el presidente Luis Abinader representan una verdadera transformaci\u00f3n para el pa\u00eds.<\/p>\n<p>Se\u00f1al\u00f3 que con cada nueva inauguraci\u00f3n se genera desarrollo y se abren oportunidades para la creaci\u00f3n de empleos. Asimismo, resalt\u00f3 la responsabilidad con que el mandatario administra los recursos p\u00fablicos, al ahorrar y dar seguimiento permanente al avance de las obras que se ejecutan en beneficio de la ciudadan\u00eda.<\/p>\n<p>Reafirm\u00f3 que las grandes obras no se miden solo por su complejidad t\u00e9cnica, sino por su capacidad de acercar el progreso a la gente. \u00abEsta reconstrucci\u00f3n fue la muestra de un Gobierno que escucha, cumple y planifica pensando en el bienestar colectivo\u00bb.<\/p>\n<figure id=\"attachment_3265626\" aria-describedby=\"caption-attachment-3265626\" style=\"width: 2560px\" class=\"wp-caption alignnone\"><img loading=\"lazy\" decoding=\"async\" data-recalc-dims=\"1\" class=\"size-full wp-image-3265626\" src=\"https:\/\/i0.wp.com\/nuevodiario-assets.s3.us-east-2.amazonaws.com\/wp-content\/uploads\/2026\/09\/Carretera-de-Boca-de-Chavon-Foto-Presidencia-3-scaled.jpeg?resize=640%2C427&quality=100&ssl=1\" alt=\"\" width=\"640\" height=\"427\" \/><figcaption id=\"caption-attachment-3265626\" class=\"wp-caption-text\"><strong>Carretera de Boca de Chav\u00f3n (Foto: Presidencia)<\/strong><\/figcaption><\/figure>\n<p>Ahora en Boca de Chav\u00f3n, las gentes tendr\u00e1n acceso directo e inmediato a calles asfaltadas, iluminadas y con aceras seguras para m\u00e1s de 3,500 residentes del sector Boca de Chav\u00f3n.<\/p>\n<p>Asimismo, integraci\u00f3n expedita de los sectores productivos del municipio (pescadores, agricultores y comerciantes) con la v\u00eda r\u00e1pida de la Autov\u00eda del Coral.<\/p>\n<p><strong>Reconstrucci\u00f3n de calles en el sector San Pedro de Hig\u00fcey<\/strong><\/p>\n<p>En el marco de las intervenciones en la provincia, el MOPC tambi\u00e9n entreg\u00f3 la reconstrucci\u00f3n de 2.62 kil\u00f3metros de calles adyacentes a la Escuela C\u00e1ndido Eligio Guerrero, en el sector San Pedro del municipio de Hig\u00fcey.<\/p>\n<figure id=\"attachment_3265628\" aria-describedby=\"caption-attachment-3265628\" style=\"width: 2560px\" class=\"wp-caption alignnone\"><img decoding=\"async\" data-recalc-dims=\"1\" loading=\"lazy\" class=\"size-full wp-image-3265628\" src=\"https:\/\/i0.wp.com\/nuevodiario-assets.s3.us-east-2.amazonaws.com\/wp-content\/uploads\/2026\/09\/Luis-Abinader-junto-a-personalidades-durante-inauguracion-de-carretera-de-Boca-de-Chavon-Foto-Presidencia-scaled.jpeg?resize=640%2C427&quality=100&ssl=1\" alt=\"\" width=\"640\" height=\"427\" \/><figcaption id=\"caption-attachment-3265628\" class=\"wp-caption-text\"><strong>Luis Abinader junto a personalidades durante inauguraci\u00f3n de carretera de Boca de Chav\u00f3n (Foto: Presidencia)<\/strong><\/figcaption><\/figure>\n<p>La obra, ejecutada por el Consorcio RYLCO & Asociados, incorpor\u00f3 pavimento, aceras, contenes, drenaje pluvial, obras hidr\u00e1ulicas y se\u00f1alizaci\u00f3n.<\/p>\n<p>Los principales indicadores de la intervenci\u00f3n incluyen 54,600 metros cuadrados de superficie vial, 4,851.90 metros lineales de aceras, 4,851.90 metros lineales de contenes y bordillos, 1,490 metros lineales de alcantarillado pluvial y 62 imbornales.<\/p>\n<p>Se sumaron adem\u00e1s 108.48 metros lineales de badenes, 1,845 metros c\u00fabicos de canalizaci\u00f3n, 768 metros c\u00fabicos de gaviones, 640 metros cuadrados de geotextil y un caj\u00f3n vial-hidr\u00e1ulico de 10 \u00d7 3.50 metros.<\/p>\n<figure id=\"attachment_3265624\" aria-describedby=\"caption-attachment-3265624\" style=\"width: 1706px\" class=\"wp-caption alignnone\"><img decoding=\"async\" data-recalc-dims=\"1\" loading=\"lazy\" class=\"size-full wp-image-3265624\" src=\"https:\/\/i0.wp.com\/nuevodiario-assets.s3.us-east-2.amazonaws.com\/wp-content\/uploads\/2026\/09\/Eduardo-Estrella-Foto-Presidencia-scaled.jpeg?resize=640%2C960&quality=100&ssl=1\" alt=\"\" width=\"640\" height=\"960\" \/><figcaption id=\"caption-attachment-3265624\" class=\"wp-caption-text\"><strong>Eduardo Estrella (Foto: Presidencia)<\/strong><\/figcaption><\/figure>\n<p>La obra mejor\u00f3 de manera tangible la movilidad cotidiana, la seguridad vial, la accesibilidad a hogares, escuelas, comercios y servicios, y el manejo de las aguas pluviales. El sistema de drenaje, uno de los componentes centrales, permite conducir adecuadamente las aguas y proteger las v\u00edas, garantizando que la infraestructura se mantenga operativa y segura.<\/p>\n<p>Estas intervenciones confirman el compromiso del Gobierno con una infraestructura que no solo conecta grandes ejes, sino que transforma el entorno inmediato de las comunidades.<\/p>\n<p>En el sector San Pedro de Hig\u00fcey, las familias cuentan ahora con rutas y calles m\u00e1s modernas que facilitan el movimiento de personas, bienes y servicios, impulsan la actividad econ\u00f3mica local y abren mayores oportunidades de desarrollo en la provincia La Altagracia.<\/p>\n<p>ADDP\/<\/p>\n<p><a href=\"https:\/\/elnuevodiario.com.do\/tras-25-anos-de-espera-presidente-abinader-inaugura-la-carretera-de-boca-de-chavon\/rafael-baron-duluc-junto-a-personalidades-foto-presidencia\/\"><img decoding=\"async\" data-recalc-dims=\"1\" loading=\"lazy\" width=\"640\" height=\"427\" src=\"https:\/\/i0.wp.com\/nuevodiario-assets.s3.us-east-2.amazonaws.com\/wp-content\/uploads\/2026\/09\/Rafael-Baron-Duluc-junto-a-personalidades-Foto-Presidencia-scaled.jpeg?resize=640%2C427&quality=100&ssl=1\" class=\"attachment-full size-full\" alt=\"\" \/><\/a><br \/>\n<a href=\"https:\/\/elnuevodiario.com.do\/tras-25-anos-de-espera-presidente-abinader-inaugura-la-carretera-de-boca-de-chavon\/carretera-de-boca-de-chavon-foto-presidencia-2\/\"><img decoding=\"async\" data-recalc-dims=\"1\" loading=\"lazy\" width=\"640\" height=\"427\" src=\"https:\/\/i0.wp.com\/nuevodiario-assets.s3.us-east-2.amazonaws.com\/wp-content\/uploads\/2026\/09\/Carretera-de-Boca-de-Chavon-Foto-Presidencia-2-scaled.jpeg?resize=640%2C427&quality=100&ssl=1\" class=\"attachment-full size-full\" alt=\"\" \/><\/a><br \/>\n<a href=\"https:\/\/elnuevodiario.com.do\/tras-25-anos-de-espera-presidente-abinader-inaugura-la-carretera-de-boca-de-chavon\/luis-abinader-eduardo-estrella-y-rafael-baron-duluc-junto-a-personalidades-foto-presidencia3\/\"><img decoding=\"async\" data-recalc-dims=\"1\" loading=\"lazy\" width=\"640\" height=\"427\" src=\"https:\/\/i0.wp.com\/nuevodiario-assets.s3.us-east-2.amazonaws.com\/wp-content\/uploads\/2026\/09\/Luis-Abinader-Eduardo-Estrella-y-Rafael-Baron-Duluc-junto-a-personalidades-Foto-Presidencia3-scaled.jpeg?resize=640%2C427&quality=100&ssl=1\" class=\"attachment-full size-full\" alt=\"\" \/><\/a><br \/>\n<a href=\"https:\/\/elnuevodiario.com.do\/tras-25-anos-de-espera-presidente-abinader-inaugura-la-carretera-de-boca-de-chavon\/luis-abinader-eduardo-estrella-y-rafael-baron-duluc-junto-a-personalidades-foto-presidencia2\/\"><img decoding=\"async\" data-recalc-dims=\"1\" loading=\"lazy\" width=\"640\" height=\"427\" src=\"https:\/\/i0.wp.com\/nuevodiario-assets.s3.us-east-2.amazonaws.com\/wp-content\/uploads\/2026\/09\/Luis-Abinader-Eduardo-Estrella-y-Rafael-Baron-Duluc-junto-a-personalidades-Foto-Presidencia2-scaled.jpeg?resize=640%2C427&quality=100&ssl=1\" class=\"attachment-full size-full\" alt=\"\" \/><\/a><\/p>\n<p>La entrada <a href=\"https:\/\/elnuevodiario.com.do\/tras-25-anos-de-espera-presidente-abinader-inaugura-la-carretera-de-boca-de-chavon\/\">Tras 25 a\u00f1os de espera, presidente Abinader inaugura la carretera de Boca de Chav\u00f3n<\/a> se public\u00f3 primero en <a href=\"https:\/\/elnuevodiario.com.do\">El Nuevo Diario (Rep\u00fablica Dominicana)<\/a>.<\/p>\n","protected":false},"excerpt":{"rendered":"EL NUEVO DIARIO, LA ALTAGRACIA.- Despu\u00e9s de m\u00e1s de 25 a\u00f1os de&hellip;\n","protected":false},"author":1,"featured_media":67395,"comment_status":"open","ping_status":"open","sticky":false,"template":"","format":"standard","meta":{"footnotes":""},"categories":[1],"tags":[],"class_list":["post-67394","post","type-post","status-publish","format-standard","has-post-thumbnail","category-nacionales"],"_links":{"self":[{"href":"https:\/\/acronoticias.com\/index.php\/wp-json\/wp\/v2\/posts\/67394","targetHints":{"allow":["GET"]}}],"collection":[{"href":"https:\/\/acronoticias.com\/index.php\/wp-json\/wp\/v2\/posts"}],"about":[{"href":"https:\/\/acronoticias.com\/index.php\/wp-json\/wp\/v2\/types\/post"}],"author":[{"embeddable":true,"href":"https:\/\/acronoticias.com\/index.php\/wp-json\/wp\/v2\/users\/1"}],"replies":[{"embeddable":true,"href":"https:\/\/acronoticias.com\/index.php\/wp-json\/wp\/v2\/comments?post=67394"}],"version-history":[{"count":0,"href":"https:\/\/acronoticias.com\/index.php\/wp-json\/wp\/v2\/posts\/67394\/revisions"}],"wp:featuredmedia":[{"embeddable":true,"href":"https:\/\/acronoticias.com\/index.php\/wp-json\/wp\/v2\/media\/67395"}],"wp:attachment":[{"href":"https:\/\/acronoticias.com\/index.php\/wp-json\/wp\/v2\/media?parent=67394"}],"wp:term":[{"taxonomy":"category","embeddable":true,"href":"https:\/\/acronoticias.com\/index.php\/wp-json\/wp\/v2\/categories?post=67394"},{"taxonomy":"post_tag","embeddable":true,"href":"https:\/\/acronoticias.com\/index.php\/wp-json\/wp\/v2\/tags?post=67394"}],"curies":[{"name":"wp","href":"https:\/\/api.w.org\/{rel}","templated":true}]}}