{"id":67390,"date":"2026-09-04T20:24:40","date_gmt":"2026-09-04T20:24:40","guid":{"rendered":"https:\/\/acronoticias.com\/index.php\/2026\/09\/04\/lanzan-programa-beca-a-la-excelencia-para-impulsar-el-talento-de-las-comunidades\/"},"modified":"2026-09-04T20:24:40","modified_gmt":"2026-09-04T20:24:40","slug":"lanzan-programa-beca-a-la-excelencia-para-impulsar-el-talento-de-las-comunidades","status":"publish","type":"post","link":"https:\/\/acronoticias.com\/index.php\/2026\/09\/04\/lanzan-programa-beca-a-la-excelencia-para-impulsar-el-talento-de-las-comunidades\/","title":{"rendered":"Lanzan programa beca a la excelencia para impulsar el talento de las comunidades"},"content":{"rendered":"<p><img loading=\"lazy\" decoding=\"async\" width=\"355\" height=\"200\" src=\"https:\/\/nuevodiario-assets.s3.us-east-2.amazonaws.com\/wp-content\/uploads\/2026\/09\/Lanzan-programa-beca-a-la-excelencia-para-impulsar-el-talento-de-las-comunidades-355x200.jpeg\" class=\"webfeedsFeaturedVisual wp-post-image\" alt=\"\" style=\"display: block;margin-bottom: 5px;clear:both;max-width: 100%\" \/><\/p>\n<p>EL NUEVO DIAIRO, SANTO DOMINGO.- La empresa Dominicana de Cales, S.A. (Docalsa) puso en marcha su programa beca a la excelencia con la entrega de su primera beca universitaria completa a Carolina Javier Rodr\u00edguez, estudiante destacada del Liceo El Pomier, quien cursar\u00e1 la carrera de Ingenier\u00eda Industrial en la Universidad Nacional Pedro Henr\u00edquez Ure\u00f1a (Unphu).<\/p>\n<p>El programa Beca a la Excelencia Docalsa es una iniciativa institucional de apoyo a la educaci\u00f3n, orientada a reconocer y acompa\u00f1ar a j\u00f3venes destacados de las comunidades de la secci\u00f3n El Borb\u00f3n de San Crist\u00f3bal. La selecci\u00f3n de los beneficiarios considera criterios como el desempe\u00f1o acad\u00e9mico, la promoci\u00f3n de valores dentro de su comunidad y aspectos socioecon\u00f3micos, con el prop\u00f3sito de generar oportunidades de formaci\u00f3n y contribuir de manera sostenible al desarrollo social y profesional de las nuevas generaciones.<\/p>\n<p>\u201cCreemos que invertir en educaci\u00f3n es invertir en el futuro de nuestras comunidades. Esta beca representa nuestra confianza en el talento de El Pomier y nuestro compromiso de acompa\u00f1ar a j\u00f3venes que, con esfuerzo, dedicaci\u00f3n y valores, est\u00e1n construyendo nuevas oportunidades para su futuro\u201d, expres\u00f3 Francisco Aponte, vocero oficial de Docalsa, seg\u00fan se\u00f1ala una nota de prensa.<\/p>\n<p>La inversi\u00f3n destinada por Docalsa para esta primera beca asciende a RD$883,190.78, correspondiente a costos por matr\u00edcula, cr\u00e9ditos acad\u00e9micos, inscripci\u00f3n y otras etapas de la formaci\u00f3n profesional de la joven durante los cuatro a\u00f1os previstos de la carrera.<\/p>\n<p>Su vocero oficial indic\u00f3 que el programa Beca a la Excelencia Docalsa, fortalece el compromiso empresarial con la educaci\u00f3n como una herramienta de movilidad social y desarrollo sostenible.<\/p>\n<p>En la entrega participaron Francisco Aponte, vicepresidente de cumplimiento, Emanuela Delfino, vicepresidenta administrativa y financiera de Docalsa; Natividad Rodr\u00edguez, madre de Carolina y Genny Ag\u00fcero, directora del Liceo El Pomier.<\/p>\n<p>La entrada <a href=\"https:\/\/elnuevodiario.com.do\/lanzan-programa-beca-a-la-excelencia-para-impulsar-el-talento-de-las-comunidades\/\">Lanzan programa beca a la excelencia para impulsar el talento de las comunidades<\/a> se public\u00f3 primero en <a href=\"https:\/\/elnuevodiario.com.do\">El Nuevo Diario (Rep\u00fablica Dominicana)<\/a>.<\/p>\n","protected":false},"excerpt":{"rendered":"EL NUEVO DIAIRO, SANTO DOMINGO.- La empresa Dominicana de Cales, S.A. (Docalsa)&hellip;\n","protected":false},"author":1,"featured_media":67391,"comment_status":"open","ping_status":"open","sticky":false,"template":"","format":"standard","meta":{"footnotes":""},"categories":[1],"tags":[],"class_list":["post-67390","post","type-post","status-publish","format-standard","has-post-thumbnail","category-nacionales"],"_links":{"self":[{"href":"https:\/\/acronoticias.com\/index.php\/wp-json\/wp\/v2\/posts\/67390","targetHints":{"allow":["GET"]}}],"collection":[{"href":"https:\/\/acronoticias.com\/index.php\/wp-json\/wp\/v2\/posts"}],"about":[{"href":"https:\/\/acronoticias.com\/index.php\/wp-json\/wp\/v2\/types\/post"}],"author":[{"embeddable":true,"href":"https:\/\/acronoticias.com\/index.php\/wp-json\/wp\/v2\/users\/1"}],"replies":[{"embeddable":true,"href":"https:\/\/acronoticias.com\/index.php\/wp-json\/wp\/v2\/comments?post=67390"}],"version-history":[{"count":0,"href":"https:\/\/acronoticias.com\/index.php\/wp-json\/wp\/v2\/posts\/67390\/revisions"}],"wp:featuredmedia":[{"embeddable":true,"href":"https:\/\/acronoticias.com\/index.php\/wp-json\/wp\/v2\/media\/67391"}],"wp:attachment":[{"href":"https:\/\/acronoticias.com\/index.php\/wp-json\/wp\/v2\/media?parent=67390"}],"wp:term":[{"taxonomy":"category","embeddable":true,"href":"https:\/\/acronoticias.com\/index.php\/wp-json\/wp\/v2\/categories?post=67390"},{"taxonomy":"post_tag","embeddable":true,"href":"https:\/\/acronoticias.com\/index.php\/wp-json\/wp\/v2\/tags?post=67390"}],"curies":[{"name":"wp","href":"https:\/\/api.w.org\/{rel}","templated":true}]}}