{"id":67388,"date":"2026-09-04T20:08:38","date_gmt":"2026-09-04T20:08:38","guid":{"rendered":"https:\/\/acronoticias.com\/index.php\/2026\/09\/04\/evaristy-jimenez-lanza-oficialmente-su-candidatura-a-la-presidencia-del-colegio-de-abogados\/"},"modified":"2026-09-04T20:08:38","modified_gmt":"2026-09-04T20:08:38","slug":"evaristy-jimenez-lanza-oficialmente-su-candidatura-a-la-presidencia-del-colegio-de-abogados","status":"publish","type":"post","link":"https:\/\/acronoticias.com\/index.php\/2026\/09\/04\/evaristy-jimenez-lanza-oficialmente-su-candidatura-a-la-presidencia-del-colegio-de-abogados\/","title":{"rendered":"Evaristy Jim\u00e9nez lanza oficialmente su candidatura a la Presidencia del Colegio de Abogados"},"content":{"rendered":"<p><img loading=\"lazy\" decoding=\"async\" width=\"355\" height=\"200\" src=\"https:\/\/nuevodiario-assets.s3.us-east-2.amazonaws.com\/wp-content\/uploads\/2026\/09\/Evaristy-Jimenez-355x200.jpg\" class=\"webfeedsFeaturedVisual wp-post-image\" alt=\"\" style=\"display: block;margin-bottom: 5px;clear:both;max-width: 100%\" \/><\/p>\n<p>EL NUEVO DIARIO, SANTO DOMINGO.- El jurista Evaristy Jim\u00e9nez, presidente de la Corriente Jur\u00eddica Uni\u00f3n y Solidaridad, formaliz\u00f3 sus aspiraciones para presidir el Colegio de Abogados de la Rep\u00fablica Dominicana (CARD), presentando una propuesta orientada al fortalecimiento institucional, la modernizaci\u00f3n y la recuperaci\u00f3n del papel protag\u00f3nico que debe desempe\u00f1ar el gremio en defensa de la clase jur\u00eddica nacional.<\/p>\n<p>Jim\u00e9nez afirm\u00f3 que su proyecto procura construir un Colegio m\u00e1s cercano a sus miembros, transparente, moderno y capaz de ofrecer respuestas concretas a las necesidades profesionales y sociales de los abogados y abogadas de todo el territorio nacional.<\/p>\n<p>Durante el lanzamiento sostuvo que su aspiraci\u00f3n no est\u00e1 concebida \u00fanicamente como un proyecto electoral, sino como parte de una visi\u00f3n m\u00e1s amplia dirigida a impulsar una Agenda Institucional CARD 2026-2029, construida mediante el di\u00e1logo y la participaci\u00f3n de los diferentes sectores, corrientes, movimientos, frentes de abogados, dirigentes gremiales y profesionales independientes.<\/p>\n<p>Entre los principales ejes de su propuesta figuran el fortalecimiento institucional del Colegio, la transparencia administrativa, la formaci\u00f3n y actualizaci\u00f3n permanente de los abogados, la protecci\u00f3n y asistencia social, la modernizaci\u00f3n tecnol\u00f3gica de los servicios, la defensa efectiva del ejercicio profesional y una mayor presencia del CARD en los grandes debates jur\u00eddicos y sociales de la Rep\u00fablica Dominicana.<\/p>\n<p>Jim\u00e9nez ha planteado igualmente la necesidad de desarrollar mecanismos permanentes de protecci\u00f3n para los profesionales del Derecho, fortalecer las estructuras seccionales y acercar los servicios del Colegio a los abogados de todas las provincias.<\/p>\n<p>El aspirante destac\u00f3 que el pr\u00f3ximo proceso electoral debe constituirse en una oportunidad para superar divisiones y avanzar hacia una amplia convergencia de la clase jur\u00eddica, basada en puntos comunes y en una agenda capaz de trascender candidaturas y grupos particulares.<\/p>\n<p>\u201cEstamos convencidos de que el Colegio de Abogados necesita una visi\u00f3n construida entre todos. Las diferencias naturales de un proceso electoral no pueden impedir que podamos identificar los grandes temas que unen a la abogac\u00eda dominicana y trabajar juntos por una instituci\u00f3n m\u00e1s fuerte\u201d, expres\u00f3.<\/p>\n<p>En los \u00faltimos d\u00edas, Jim\u00e9nez ha sostenido encuentros con aspirantes, expresidentes del CARD, dirigentes de distintas corrientes y representantes de organizaciones jur\u00eddicas, como parte de un proceso de di\u00e1logo que busca generar consensos alrededor de los principales desaf\u00edos institucionales del gremio.<\/p>\n<p>La propuesta encabezada por Evaristy Jim\u00e9nez plantea combinar experiencia, renovaci\u00f3n y vocaci\u00f3n de servicio, promoviendo una gesti\u00f3n que devuelva al Colegio su capacidad de representaci\u00f3n, defensa e incidencia en favor de sus miembros y de la institucionalidad jur\u00eddica del pa\u00eds.<\/p>\n<p>De cara a las elecciones del CARD previstas para diciembre de 2026, Jim\u00e9nez asegur\u00f3 que continuar\u00e1 recorriendo el pa\u00eds, escuchando a los abogados y promoviendo encuentros con los diferentes sectores para enriquecer una propuesta que, afirm\u00f3, \u201cdebe pertenecer a toda la clase jur\u00eddica\u201d.<\/p>\n<p>El lanzamiento marca formalmente el inicio de una nueva etapa de su proyecto gremial, bajo el lema: compromiso y acci\u00f3n.<\/p>\n<p>La entrada <a href=\"https:\/\/elnuevodiario.com.do\/evaristy-jimenez-lanza-oficialmente-su-candidatura-a-la-presidencia-del-colegio-de-abogados\/\">Evaristy Jim\u00e9nez lanza oficialmente su candidatura a la Presidencia del Colegio de Abogados<\/a> se public\u00f3 primero en <a href=\"https:\/\/elnuevodiario.com.do\">El Nuevo Diario (Rep\u00fablica Dominicana)<\/a>.<\/p>\n","protected":false},"excerpt":{"rendered":"EL NUEVO DIARIO, SANTO DOMINGO.- El jurista Evaristy Jim\u00e9nez, presidente de la&hellip;\n","protected":false},"author":1,"featured_media":67389,"comment_status":"open","ping_status":"open","sticky":false,"template":"","format":"standard","meta":{"footnotes":""},"categories":[1],"tags":[],"class_list":["post-67388","post","type-post","status-publish","format-standard","has-post-thumbnail","category-nacionales"],"_links":{"self":[{"href":"https:\/\/acronoticias.com\/index.php\/wp-json\/wp\/v2\/posts\/67388","targetHints":{"allow":["GET"]}}],"collection":[{"href":"https:\/\/acronoticias.com\/index.php\/wp-json\/wp\/v2\/posts"}],"about":[{"href":"https:\/\/acronoticias.com\/index.php\/wp-json\/wp\/v2\/types\/post"}],"author":[{"embeddable":true,"href":"https:\/\/acronoticias.com\/index.php\/wp-json\/wp\/v2\/users\/1"}],"replies":[{"embeddable":true,"href":"https:\/\/acronoticias.com\/index.php\/wp-json\/wp\/v2\/comments?post=67388"}],"version-history":[{"count":0,"href":"https:\/\/acronoticias.com\/index.php\/wp-json\/wp\/v2\/posts\/67388\/revisions"}],"wp:featuredmedia":[{"embeddable":true,"href":"https:\/\/acronoticias.com\/index.php\/wp-json\/wp\/v2\/media\/67389"}],"wp:attachment":[{"href":"https:\/\/acronoticias.com\/index.php\/wp-json\/wp\/v2\/media?parent=67388"}],"wp:term":[{"taxonomy":"category","embeddable":true,"href":"https:\/\/acronoticias.com\/index.php\/wp-json\/wp\/v2\/categories?post=67388"},{"taxonomy":"post_tag","embeddable":true,"href":"https:\/\/acronoticias.com\/index.php\/wp-json\/wp\/v2\/tags?post=67388"}],"curies":[{"name":"wp","href":"https:\/\/api.w.org\/{rel}","templated":true}]}}