{"id":67380,"date":"2026-09-04T19:36:35","date_gmt":"2026-09-04T19:36:35","guid":{"rendered":"https:\/\/acronoticias.com\/index.php\/2026\/09\/04\/wellington-arnaud-deja-iniciada-ampliacion-del-acueducto-multiple-baitoa-taveras\/"},"modified":"2026-09-04T19:36:35","modified_gmt":"2026-09-04T19:36:35","slug":"wellington-arnaud-deja-iniciada-ampliacion-del-acueducto-multiple-baitoa-taveras","status":"publish","type":"post","link":"https:\/\/acronoticias.com\/index.php\/2026\/09\/04\/wellington-arnaud-deja-iniciada-ampliacion-del-acueducto-multiple-baitoa-taveras\/","title":{"rendered":"Wellington Arnaud deja iniciada ampliaci\u00f3n del acueducto m\u00faltiple Baitoa-Taveras"},"content":{"rendered":"<p><img loading=\"lazy\" decoding=\"async\" width=\"355\" height=\"200\" src=\"https:\/\/nuevodiario-assets.s3.us-east-2.amazonaws.com\/wp-content\/uploads\/2026\/09\/ampliacion-del-acueducto-multiple-Baitoa-Taveras-355x200.jpeg\" class=\"webfeedsFeaturedVisual wp-post-image\" alt=\"\" style=\"display: block;margin-bottom: 5px;clear:both;max-width: 100%\" \/><\/p>\n<p>EL NUEVO DIARIO, LA VEGA.- El director ejecutivo del Instituto Nacional de Aguas Potables y Alcantarillados (Inapa), Wellington Arnaud, dio el primer palazo de la ampliaci\u00f3n del acueducto m\u00faltiple Baitoa-Taveras, provincias Santiago y La Vega, obra esperada desde hace m\u00e1s de 50 a\u00f1os.<\/p>\n<p>La obra fortalecer\u00e1 el servicio de agua potable con una inversi\u00f3n estimada de RD$995,035,756.59 y beneficiar\u00e1 a 35,139 habitantes.<\/p>\n<p>\u201cHoy estamos dando inicio a la soluci\u00f3n definitiva al agua potable en el municipio de Baitoa y en el distrito de Tavera y garantizamos que no se quedar\u00e1 ning\u00fan sector sin agua\u201d, expres\u00f3 Arnaud.<\/p>\n<p>De acuerdo con un comunicado, el titular del Inapa destac\u00f3 que el proyecto forma parte del compromiso del presidente Luis Abinader de continuar fortaleciendo la infraestructura de agua potable en todo el pa\u00eds para garantizar un servicio m\u00e1s eficiente y mejorar la calidad de vida de miles de familias.<\/p>\n<p>\u201cDesde el inicio estamos enfocados en proveer de agua potable en cantidad, calidad y presi\u00f3n, a cada hogar dominicano\u201d, expres\u00f3 el funcionario.<\/p>\n<p>Los comunitarios mostraron satisfacci\u00f3n por el inicio de la obra.<\/p>\n<p>\u201cHoy es un d\u00eda muy especial para nosotros porque ten\u00edamos cincuenta a\u00f1os esperando y esta obra representa salud y bienestar para nuestras familias\u201d, expres\u00f3 el comunitario del municipio de Baitoa, Pedro \u00c1ngeles P\u00e9rez.<\/p>\n<p>El proyecto contar\u00e1 con una planta potabilizadora de filtraci\u00f3n r\u00e1pida con capacidad de producci\u00f3n de 100 litros por segundo, l\u00ednea matriz, construcci\u00f3n de estaciones de bombeo, ampliaci\u00f3n de redes de distribuci\u00f3n, colocaci\u00f3n de 8,126 acometidas, estaci\u00f3n de relevo y l\u00edneas de impulsi\u00f3n de agua cruda, instalaci\u00f3n de 143.51 kil\u00f3metros de tuber\u00eda, y la construcci\u00f3n de tres nuevos dep\u00f3sitos reguladores de 2,800 m\u00b3, 500 m\u00b3 y 800 m\u00b3.<\/p>\n<p>La obra beneficiar\u00e1 a las comunidades de Baitoa Zona Urbana, La Lima, Los Ranchos de Taveras, Jobo (La Vega), Mamey, El Morro, Loma del Coco, Guardarraya (Sabana Iglesia), El Desecho, El Laurel, La Brusca, La Loma, La Estancia, Ceiba Gorda, La Jina Hueca, Guardarraya de Baitoa, La Capilla, Loma Quemada, Arroyo Arriba, Conuco Viejo, La Cigua, La Sabana, La Llanada, La Jag\u00fcita, Jagua Gorda (La Lomita), Kil\u00f3metro 5, San Jos\u00e9 (adentro y afuera), Moc\u00e1n, Kil\u00f3metro 6 y Jag\u00fcey.<\/p>\n<p>Estuvieron presentes la gobernadora de Santiago, Rosa Santos; los diputados Nelson Marmolejos, Luis Ren\u00e9 Fern\u00e1ndez, y Jos\u00e9 Luis Abreu; los alcaldes de Baitoa, Bernardo L\u00f3pez; de Tavera, Marino de Jes\u00fas Abreu; de Pu\u00f1al, Henr\u00edquez Romero; de Sabana Iglesias, Zoila Joselin Pichardo; entre otras autoridades.<\/p>\n<p>Finalmente fue juramentada la comisi\u00f3n de veedur\u00eda, integrada por las autoridades y la sociedad civil para dar seguimiento a la obra.<\/p>\n<p>La entrada <a href=\"https:\/\/elnuevodiario.com.do\/wellington-arnaud-deja-iniciada-ampliacion-del-acueducto-multiple-baitoa-taveras\/\">Wellington Arnaud deja iniciada ampliaci\u00f3n del acueducto m\u00faltiple Baitoa-Taveras<\/a> se public\u00f3 primero en <a href=\"https:\/\/elnuevodiario.com.do\">El Nuevo Diario (Rep\u00fablica Dominicana)<\/a>.<\/p>\n","protected":false},"excerpt":{"rendered":"EL NUEVO DIARIO, LA VEGA.- El director ejecutivo del Instituto Nacional de&hellip;\n","protected":false},"author":1,"featured_media":67381,"comment_status":"open","ping_status":"open","sticky":false,"template":"","format":"standard","meta":{"footnotes":""},"categories":[1],"tags":[],"class_list":["post-67380","post","type-post","status-publish","format-standard","has-post-thumbnail","category-nacionales"],"_links":{"self":[{"href":"https:\/\/acronoticias.com\/index.php\/wp-json\/wp\/v2\/posts\/67380","targetHints":{"allow":["GET"]}}],"collection":[{"href":"https:\/\/acronoticias.com\/index.php\/wp-json\/wp\/v2\/posts"}],"about":[{"href":"https:\/\/acronoticias.com\/index.php\/wp-json\/wp\/v2\/types\/post"}],"author":[{"embeddable":true,"href":"https:\/\/acronoticias.com\/index.php\/wp-json\/wp\/v2\/users\/1"}],"replies":[{"embeddable":true,"href":"https:\/\/acronoticias.com\/index.php\/wp-json\/wp\/v2\/comments?post=67380"}],"version-history":[{"count":0,"href":"https:\/\/acronoticias.com\/index.php\/wp-json\/wp\/v2\/posts\/67380\/revisions"}],"wp:featuredmedia":[{"embeddable":true,"href":"https:\/\/acronoticias.com\/index.php\/wp-json\/wp\/v2\/media\/67381"}],"wp:attachment":[{"href":"https:\/\/acronoticias.com\/index.php\/wp-json\/wp\/v2\/media?parent=67380"}],"wp:term":[{"taxonomy":"category","embeddable":true,"href":"https:\/\/acronoticias.com\/index.php\/wp-json\/wp\/v2\/categories?post=67380"},{"taxonomy":"post_tag","embeddable":true,"href":"https:\/\/acronoticias.com\/index.php\/wp-json\/wp\/v2\/tags?post=67380"}],"curies":[{"name":"wp","href":"https:\/\/api.w.org\/{rel}","templated":true}]}}