{"id":67378,"date":"2026-09-04T19:20:54","date_gmt":"2026-09-04T19:20:54","guid":{"rendered":"https:\/\/acronoticias.com\/index.php\/2026\/09\/04\/ministerio-de-la-mujer-capacita-a-lideres-comunitarios-sobre-violencia-de-genero\/"},"modified":"2026-09-04T19:20:54","modified_gmt":"2026-09-04T19:20:54","slug":"ministerio-de-la-mujer-capacita-a-lideres-comunitarios-sobre-violencia-de-genero","status":"publish","type":"post","link":"https:\/\/acronoticias.com\/index.php\/2026\/09\/04\/ministerio-de-la-mujer-capacita-a-lideres-comunitarios-sobre-violencia-de-genero\/","title":{"rendered":"Ministerio de la Mujer capacita a l\u00edderes comunitarios sobre violencia de g\u00e9nero"},"content":{"rendered":"<p><img loading=\"lazy\" decoding=\"async\" width=\"355\" height=\"200\" src=\"https:\/\/nuevodiario-assets.s3.us-east-2.amazonaws.com\/wp-content\/uploads\/2026\/09\/Gloria-Reyes-junto-a-lideres-comunitarios-capacitados-sobre-violencia-de-genero-Foto-Ministerio-de-la-Mujer-355x200.jpeg\" class=\"webfeedsFeaturedVisual wp-post-image\" alt=\"\" style=\"display: block;margin-bottom: 5px;clear:both;max-width: 100%\" \/><\/p>\n<p>EL NUEVO DIARIO, SANTO DOMINGO.- El Ministerio de la Mujer inform\u00f3 este viernes que capacit\u00f3 a decenas l\u00edderes comunitarios en violencia de g\u00e9nero, en el marco de la implementaci\u00f3n de la iniciativa \u00abEntorno seguro y desarrollo integral de las mujeres\u00bb.<\/p>\n<p>De acuerdo con una nota de prensa, la ministra Gloria Reyes comunic\u00f3 sobre la jornada realizada en la Escuela de Igualdad Magaly Pineda de la instituci\u00f3n, que se trata del primero de m\u00faltiples talleres que ser\u00e1n realizados, con el objetivo de concientizar a los l\u00edderes comunitarios sobre la problem\u00e1tica, y constituir con ellos una red de prevenci\u00f3n de violencia hacia las mujeres y el acompa\u00f1amiento de las v\u00edctimas.<\/p>\n<p>Reyes expres\u00f3 que los l\u00edderes comunitarios juegan un rol esencial para vigilar la ocurrencia de este tipo de violencia en su sector, para concientizar y de alguna manera desmotivar a muchos agresores para que no contin\u00faen su pr\u00e1ctica, observando a personas empoderadas en contra de ese tema.<\/p>\n<p>La funcionaria indic\u00f3 que es fundamental para enfrentar con eficacia la violencia contra las mujeres, el desconstruir la cultura machista con la realizaci\u00f3n de campa\u00f1as de concientizaci\u00f3n desde las comunidades.<\/p>\n<p>La jornada formativa cont\u00f3 con la participaci\u00f3n como facilitadoras de Graciela Morales Pacheco, del Centro para la Acci\u00f3n Femenina Cipaf, y Silvia Soto Fern\u00e1ndez, del Centro de Investigaciones Pol\u00edticas y Sociales.<\/p>\n<p>ADDP\/<\/p>\n<p>La entrada <a href=\"https:\/\/elnuevodiario.com.do\/ministerio-de-la-mujer-capacita-a-lideres-comunitarios-sobre-violencia-de-genero\/\">Ministerio de la Mujer capacita a l\u00edderes comunitarios sobre violencia de g\u00e9nero<\/a> se public\u00f3 primero en <a href=\"https:\/\/elnuevodiario.com.do\">El Nuevo Diario (Rep\u00fablica Dominicana)<\/a>.<\/p>\n","protected":false},"excerpt":{"rendered":"EL NUEVO DIARIO, SANTO DOMINGO.- El Ministerio de la Mujer inform\u00f3 este&hellip;\n","protected":false},"author":1,"featured_media":67379,"comment_status":"open","ping_status":"open","sticky":false,"template":"","format":"standard","meta":{"footnotes":""},"categories":[1],"tags":[],"class_list":["post-67378","post","type-post","status-publish","format-standard","has-post-thumbnail","category-nacionales"],"_links":{"self":[{"href":"https:\/\/acronoticias.com\/index.php\/wp-json\/wp\/v2\/posts\/67378","targetHints":{"allow":["GET"]}}],"collection":[{"href":"https:\/\/acronoticias.com\/index.php\/wp-json\/wp\/v2\/posts"}],"about":[{"href":"https:\/\/acronoticias.com\/index.php\/wp-json\/wp\/v2\/types\/post"}],"author":[{"embeddable":true,"href":"https:\/\/acronoticias.com\/index.php\/wp-json\/wp\/v2\/users\/1"}],"replies":[{"embeddable":true,"href":"https:\/\/acronoticias.com\/index.php\/wp-json\/wp\/v2\/comments?post=67378"}],"version-history":[{"count":0,"href":"https:\/\/acronoticias.com\/index.php\/wp-json\/wp\/v2\/posts\/67378\/revisions"}],"wp:featuredmedia":[{"embeddable":true,"href":"https:\/\/acronoticias.com\/index.php\/wp-json\/wp\/v2\/media\/67379"}],"wp:attachment":[{"href":"https:\/\/acronoticias.com\/index.php\/wp-json\/wp\/v2\/media?parent=67378"}],"wp:term":[{"taxonomy":"category","embeddable":true,"href":"https:\/\/acronoticias.com\/index.php\/wp-json\/wp\/v2\/categories?post=67378"},{"taxonomy":"post_tag","embeddable":true,"href":"https:\/\/acronoticias.com\/index.php\/wp-json\/wp\/v2\/tags?post=67378"}],"curies":[{"name":"wp","href":"https:\/\/api.w.org\/{rel}","templated":true}]}}