{"id":67370,"date":"2026-09-04T18:38:02","date_gmt":"2026-09-04T18:38:02","guid":{"rendered":"https:\/\/acronoticias.com\/index.php\/2026\/09\/04\/procuradora-yeni-berenice-reynoso-dice-codigo-penal-fortalecera-las-empresas\/"},"modified":"2026-09-04T18:38:02","modified_gmt":"2026-09-04T18:38:02","slug":"procuradora-yeni-berenice-reynoso-dice-codigo-penal-fortalecera-las-empresas","status":"publish","type":"post","link":"https:\/\/acronoticias.com\/index.php\/2026\/09\/04\/procuradora-yeni-berenice-reynoso-dice-codigo-penal-fortalecera-las-empresas\/","title":{"rendered":"Procuradora Yeni Berenice Reynoso dice C\u00f3digo Penal fortalecer\u00e1 las empresas"},"content":{"rendered":"<div>\n<div class=\"c-detail__author full\">\n<div>\n<div class=\"c-detail__author__thumb\">\n<figure>\n                                <picture src=\"https:\/\/imagenes.hoy.com.do\/files\/image_square_xs\/uploads\/2025\/12\/15\/693fcb34938cf.jpeg\" data-size=\"w:40,h:40\">\n                                    <img decoding=\"async\" loading=\"lazy\" alt=\"Ubaldo Guzm\u00e1n Molina\" width=\"40\" height=\"40\" src=\"https:\/\/imagenes.hoy.com.do\/files\/image_square_xs\/uploads\/2025\/12\/15\/693fcb34938cf.jpeg\"\/>\n                                <\/picture>\n                                <\/figure>\n<\/div>\n<\/div>\n<\/div>\n<p>                                                                                            <!-- --><\/p>\n<p class=\"paragraph\">La procuradora general de la Rep\u00fablica, <a href=\"https:\/\/x.com\/PeriodicoHoy\">Yeni Berenice Reynoso<\/a>, consider\u00f3 este viernes que implementar el C\u00f3digo Penal fortalecer\u00e1 al sector empresarial y permitir\u00e1 perseguir la competencia desleal, aunque existe el desaf\u00edo de adecuarse a la nueva normativa.<\/p>\n<p class=\"paragraph\">\u00a0\u00a0<\/p>\n<p class=\"paragraph\">Al pronunciar una conferencia titulada \u201cNuevo C\u00f3digo Penal: aportes al fortalecimiento de la seguridad jur\u00eddica y la competitividad\u201d, en el Encuentro Industrial de la Asociaci\u00f3n de Industrias de la Rep\u00fablica Dominicana (AIRD), Reynoso dijo que los empresarios no tienen que temer a la nueva normativa.<\/p>\n<p class=\"paragraph\">Sin embargo, precis\u00f3 que las empresas responder\u00e1n penalmente por los delitos cometidos por sus equipos si existen fallas en los deberes de direcci\u00f3n, control o supervisi\u00f3n.<\/p>\n<p class=\"paragraph\">Sostuvo que la responsabilidad penal no se detiene en la filial, pues puede alcanzar hasta la casa matriz si hubo tolerancia o negligencia.<\/p>\n<p class=\"paragraph\">Consider\u00f3 que un programa de cumplimiento normativo efectivo puede atenuar las penas o exonerar por completo a la empresa.<\/p>\n<p class=\"paragraph\">Expres\u00f3 que la empresa\u00a0no ser\u00e1 castigada por el delito cometido por un empleado, sino por su propio<\/p>\n<p class=\"paragraph\"><b>Incumplimiento preventivo<\/b><\/p>\n<p class=\"paragraph\">Explic\u00f3 que el acto punible  es el delito cometido por un \u00f3rgano, representante o subordinado en representaci\u00f3n de la empresa.<\/p>\n<p class=\"paragraph\">\u00a0<\/p>\n<p class=\"paragraph\">Sostuvo que la responsabilidad penal para las empresas se deriva de la ausencia de programas de control, la tolerancia ejecutiva y el beneficio corporativo obtenido del delito.<\/p>\n<p class=\"paragraph\">\u00a0 \u00a0<\/p>\n<p class=\"paragraph\">La reducci\u00f3n de las penas se produce cuando las empresas tienen programas parciales de cumplimiento normativo, cooperan tras la comisi\u00f3n del delito y aplican medidas de remediaci\u00f3n, manifest\u00f3 Reynoso.<\/p>\n<p class=\"paragraph\">Resalt\u00f3 que el C\u00f3digo Penal introduce la responsabilidad penal de las personas jur\u00eddicas.<\/p>\n<p class=\"paragraph\"><b>El riesgo corporativo<\/b><\/p>\n<p class=\"paragraph\">La procuradora general de la Rep\u00fablica, Yeni Berenice Reynoso, sostuvo que el riesgo corporativo es inevitable, pero que la responsabilidad penal es opcional mediante el dise\u00f1o de mecanismos de protecci\u00f3n de la empresa.\u00a0<\/p>\n<p class=\"paragraph\">Los pilares del cumplimiento legal son cuatro: cultura y estructura,  prevenci\u00f3n integral,  reacci\u00f3n y mejora, y detecci\u00f3n temprana. El primero incluye un c\u00f3digo de conducta claro.<\/p>\n<div class=\"c-detail__box \">\n<article class=\"c-detail__sumario \">\n<figure class=\"c-detail__sumario__thumb\" style=\"display: block;\">\n            <a href=\"#\" title=\"\">\n                <picture data-size=\"w:140,h:140\" loading=\"lazy\" src=\"https:\/\/imagenes.hoy.com.do\/files\/related_image\/uploads\/2026\/08\/12\/6a7d21145d12a.jpeg\" data-full-src=\"https:\/\/imagenes.hoy.com.do\/uploads\/2026\/08\/12\/6a7d21145d12a.jpeg\">\n                    <img loading=\"lazy\" decoding=\"async\" width=\"140\" height=\"140\" alt=\"La procuradora general de la Rep\u00fablica, Yeni Berenice Reynoso\/ Hoy. Jos\u00e9 de Le\u00f3n\" src=\"https:\/\/imagenes.hoy.com.do\/uploads\/2026\/08\/12\/6a7d21145d12a.jpeg\"\/>\n                <\/picture>\n            <\/a><br \/>\n        <\/figure>\n<\/article>\n<\/div><\/div>\n","protected":false},"excerpt":{"rendered":"La procuradora general de la Rep\u00fablica, Yeni Berenice Reynoso, consider\u00f3 este viernes&hellip;\n","protected":false},"author":1,"featured_media":67371,"comment_status":"open","ping_status":"open","sticky":false,"template":"","format":"standard","meta":{"footnotes":""},"categories":[3],"tags":[],"class_list":["post-67370","post","type-post","status-publish","format-standard","has-post-thumbnail","category-internacionales"],"_links":{"self":[{"href":"https:\/\/acronoticias.com\/index.php\/wp-json\/wp\/v2\/posts\/67370","targetHints":{"allow":["GET"]}}],"collection":[{"href":"https:\/\/acronoticias.com\/index.php\/wp-json\/wp\/v2\/posts"}],"about":[{"href":"https:\/\/acronoticias.com\/index.php\/wp-json\/wp\/v2\/types\/post"}],"author":[{"embeddable":true,"href":"https:\/\/acronoticias.com\/index.php\/wp-json\/wp\/v2\/users\/1"}],"replies":[{"embeddable":true,"href":"https:\/\/acronoticias.com\/index.php\/wp-json\/wp\/v2\/comments?post=67370"}],"version-history":[{"count":0,"href":"https:\/\/acronoticias.com\/index.php\/wp-json\/wp\/v2\/posts\/67370\/revisions"}],"wp:featuredmedia":[{"embeddable":true,"href":"https:\/\/acronoticias.com\/index.php\/wp-json\/wp\/v2\/media\/67371"}],"wp:attachment":[{"href":"https:\/\/acronoticias.com\/index.php\/wp-json\/wp\/v2\/media?parent=67370"}],"wp:term":[{"taxonomy":"category","embeddable":true,"href":"https:\/\/acronoticias.com\/index.php\/wp-json\/wp\/v2\/categories?post=67370"},{"taxonomy":"post_tag","embeddable":true,"href":"https:\/\/acronoticias.com\/index.php\/wp-json\/wp\/v2\/tags?post=67370"}],"curies":[{"name":"wp","href":"https:\/\/api.w.org\/{rel}","templated":true}]}}