{"id":67368,"date":"2026-09-04T18:32:34","date_gmt":"2026-09-04T18:32:34","guid":{"rendered":"https:\/\/acronoticias.com\/index.php\/2026\/09\/04\/propeep-lleva-servicios-sociales-a-residentes-de-katanga-en-sde\/"},"modified":"2026-09-04T18:32:34","modified_gmt":"2026-09-04T18:32:34","slug":"propeep-lleva-servicios-sociales-a-residentes-de-katanga-en-sde","status":"publish","type":"post","link":"https:\/\/acronoticias.com\/index.php\/2026\/09\/04\/propeep-lleva-servicios-sociales-a-residentes-de-katanga-en-sde\/","title":{"rendered":"Propeep lleva servicios sociales a residentes de Katanga en SDE"},"content":{"rendered":"<p><img decoding=\"async\" width=\"355\" height=\"200\" src=\"https:\/\/nuevodiario-assets.s3.us-east-2.amazonaws.com\/wp-content\/uploads\/2026\/09\/Propeep-anuncia-remozamiento-de-19-canchas-deportivas-en-Santo-Domingo-Este-Foto-Direccion-de-Comunicacion-Propeep-6-355x200.jpeg\" class=\"webfeedsFeaturedVisual wp-post-image\" alt=\"\" style=\"display: block;margin-bottom: 5px;clear:both;max-width: 100%\" loading=\"lazy\" \/><\/p>\n<p>EL NUEVO DIARIO, SANTO DOMINGO.\u2013 Residentes del sector Katanga, en Los Mina, Santo Domingo Este, recibieron este viernes servicios de salud, afiliaci\u00f3n a Senasa, orientaci\u00f3n para capacitaci\u00f3n y asistencia social durante una Jornada de Inclusi\u00f3n Social \u201cPrimero T\u00fa\u201d, desarrollada por la Direcci\u00f3n General de Proyectos Estrat\u00e9gicos y Especiales de la Presidencia (Propeep).<\/p>\n<p>La jornada se realiz\u00f3 en la parroquia Padres Misioneros Pa\u00fales y cont\u00f3 con la participaci\u00f3n del director de Propeep, Robert Polanco, quien inform\u00f3 que la instituci\u00f3n desarrolla acciones junto a autoridades locales y organizaciones comunitarias para identificar las necesidades de la poblaci\u00f3n y facilitar el acceso a servicios.<\/p>\n<p>Entre las atenciones ofrecidas estuvieron la afiliaci\u00f3n y entrega de carn\u00e9s de SeNaSa, servicios de odontolog\u00eda y oftalmolog\u00eda, entrega de dispositivos de movilidad para personas con discapacidad, inscripci\u00f3n en cursos de capacitaci\u00f3n del Infotep y canalizaci\u00f3n de pensiones solidarias para adultos mayores.<\/p>\n<figure id=\"attachment_3265402\" aria-describedby=\"caption-attachment-3265402\" style=\"width: 400px\" class=\"wp-caption alignnone\"><img loading=\"lazy\" decoding=\"async\" data-recalc-dims=\"1\" class=\"size-medium wp-image-3265402\" src=\"https:\/\/i0.wp.com\/nuevodiario-assets.s3.us-east-2.amazonaws.com\/wp-content\/uploads\/2026\/09\/Propeep-anuncia-remozamiento-de-19-canchas-deportivas-en-Santo-Domingo-Este-Foto-Direccion-de-Comunicacion-Propeep-1-400x267.jpeg?resize=400%2C267&quality=100&ssl=1\" alt=\"\" width=\"400\" height=\"267\" \/><figcaption id=\"caption-attachment-3265402\" class=\"wp-caption-text\">Propeep anuncia remozamiento de 19 canchas deportivas en Santo Domingo Este (Foto: Direccion de Comunicaci\u00f3n Propeep)<\/figcaption><\/figure>\n<figure id=\"attachment_3265401\" aria-describedby=\"caption-attachment-3265401\" style=\"width: 400px\" class=\"wp-caption alignnone\"><img loading=\"lazy\" decoding=\"async\" data-recalc-dims=\"1\" class=\"size-medium wp-image-3265401\" src=\"https:\/\/i0.wp.com\/nuevodiario-assets.s3.us-east-2.amazonaws.com\/wp-content\/uploads\/2026\/09\/Propeep-anuncia-remozamiento-de-19-canchas-deportivas-en-Santo-Domingo-Este-Foto-Direccion-de-Comunicacion-Propeep-4-400x267.jpeg?resize=400%2C267&quality=100&ssl=1\" alt=\"\" width=\"400\" height=\"267\" \/><figcaption id=\"caption-attachment-3265401\" class=\"wp-caption-text\">Propeep anuncia remozamiento de 19 canchas deportivas en Santo Domingo Este (Foto: Direccion de Comunicaci\u00f3n Propeep)<\/figcaption><\/figure>\n<figure id=\"attachment_3265400\" aria-describedby=\"caption-attachment-3265400\" style=\"width: 400px\" class=\"wp-caption alignnone\"><img decoding=\"async\" data-recalc-dims=\"1\" loading=\"lazy\" class=\"size-medium wp-image-3265400\" src=\"https:\/\/i0.wp.com\/nuevodiario-assets.s3.us-east-2.amazonaws.com\/wp-content\/uploads\/2026\/09\/Propeep-anuncia-remozamiento-de-19-canchas-deportivas-en-Santo-Domingo-Este-Foto-Direccion-de-Comunicacion-Propeep-3-400x267.jpeg?resize=400%2C267&quality=100&ssl=1\" alt=\"\" width=\"400\" height=\"267\" \/><figcaption id=\"caption-attachment-3265400\" class=\"wp-caption-text\">Propeep anuncia remozamiento de 19 canchas deportivas en Santo Domingo Este (Foto: Direccion de Comunicaci\u00f3n Propeep)<\/figcaption><\/figure>\n<p>Polanco se\u00f1al\u00f3 que esta fue la jornada n\u00famero 16 realizada por Propeep en Santo Domingo Este durante 2026. A estas acciones se suman las desarrolladas mediante el programa \u201cCerca de Ti\u201d y otras iniciativas como \u201cRenacer Contigo\u201d, dirigidas a emprendedores y familias en condiciones de vulnerabilidad.<\/p>\n<p><strong>Anuncian intervenci\u00f3n de canchas<\/strong><\/p>\n<p>Durante la actividad, Polanco anunci\u00f3 un plan de remozamiento y pintura de 19 canchas deportivas del municipio, con el objetivo de mejorar las condiciones de estos espacios para la pr\u00e1ctica deportiva y la recreaci\u00f3n.<\/p>\n<figure id=\"attachment_3265405\" aria-describedby=\"caption-attachment-3265405\" style=\"width: 400px\" class=\"wp-caption alignnone\"><img decoding=\"async\" data-recalc-dims=\"1\" loading=\"lazy\" class=\"size-medium wp-image-3265405\" src=\"https:\/\/i0.wp.com\/nuevodiario-assets.s3.us-east-2.amazonaws.com\/wp-content\/uploads\/2026\/09\/Propeep-anuncia-remozamiento-de-19-canchas-deportivas-en-Santo-Domingo-Este-Foto-Direccion-de-Comunicacion-Propeep-5-400x267.jpeg?resize=400%2C267&quality=100&ssl=1\" alt=\"\" width=\"400\" height=\"267\" \/><figcaption id=\"caption-attachment-3265405\" class=\"wp-caption-text\">Propeep anuncia remozamiento de 19 canchas deportivas en Santo Domingo Este (Foto: Direccion de Comunicaci\u00f3n Propeep)<\/figcaption><\/figure>\n<p>El funcionario tambi\u00e9n inform\u00f3 sobre la entrega reciente de una vivienda a un adulto mayor en El Tamarindo y la intervenci\u00f3n de un paseo peatonal para mejorar las condiciones de movilidad de los adultos mayores.<\/p>\n<p>Polanco estuvo acompa\u00f1ado por la gobernadora civil provincial, Lucrecia Santana Leiva; los regidores Juan Calder\u00f3n (Juanchi), Dar\u00edo Batista y Antonio Ram\u00edrez (Nacho), as\u00ed como el presidente de la Junta de Vecinos, Manuel Susa\u00f1a Ovalle, entre otras autoridades y representantes comunitarios.<\/p>\n<p>La entrada <a href=\"https:\/\/elnuevodiario.com.do\/propeep-lleva-servicios-sociales-a-residentes-de-katanga-en-sde\/\">Propeep lleva servicios sociales a residentes de Katanga en SDE<\/a> se public\u00f3 primero en <a href=\"https:\/\/elnuevodiario.com.do\">El Nuevo Diario (Rep\u00fablica Dominicana)<\/a>.<\/p>\n","protected":false},"excerpt":{"rendered":"EL NUEVO DIARIO, SANTO DOMINGO.\u2013 Residentes del sector Katanga, en Los Mina,&hellip;\n","protected":false},"author":1,"featured_media":67369,"comment_status":"open","ping_status":"open","sticky":false,"template":"","format":"standard","meta":{"footnotes":""},"categories":[1],"tags":[],"class_list":["post-67368","post","type-post","status-publish","format-standard","has-post-thumbnail","category-nacionales"],"_links":{"self":[{"href":"https:\/\/acronoticias.com\/index.php\/wp-json\/wp\/v2\/posts\/67368","targetHints":{"allow":["GET"]}}],"collection":[{"href":"https:\/\/acronoticias.com\/index.php\/wp-json\/wp\/v2\/posts"}],"about":[{"href":"https:\/\/acronoticias.com\/index.php\/wp-json\/wp\/v2\/types\/post"}],"author":[{"embeddable":true,"href":"https:\/\/acronoticias.com\/index.php\/wp-json\/wp\/v2\/users\/1"}],"replies":[{"embeddable":true,"href":"https:\/\/acronoticias.com\/index.php\/wp-json\/wp\/v2\/comments?post=67368"}],"version-history":[{"count":0,"href":"https:\/\/acronoticias.com\/index.php\/wp-json\/wp\/v2\/posts\/67368\/revisions"}],"wp:featuredmedia":[{"embeddable":true,"href":"https:\/\/acronoticias.com\/index.php\/wp-json\/wp\/v2\/media\/67369"}],"wp:attachment":[{"href":"https:\/\/acronoticias.com\/index.php\/wp-json\/wp\/v2\/media?parent=67368"}],"wp:term":[{"taxonomy":"category","embeddable":true,"href":"https:\/\/acronoticias.com\/index.php\/wp-json\/wp\/v2\/categories?post=67368"},{"taxonomy":"post_tag","embeddable":true,"href":"https:\/\/acronoticias.com\/index.php\/wp-json\/wp\/v2\/tags?post=67368"}],"curies":[{"name":"wp","href":"https:\/\/api.w.org\/{rel}","templated":true}]}}