{"id":67364,"date":"2026-09-04T18:00:38","date_gmt":"2026-09-04T18:00:38","guid":{"rendered":"https:\/\/acronoticias.com\/index.php\/2026\/09\/04\/oposicion-responsabiliza-al-gobierno-de-frenar-modificacion-a-la-seguridad-social-para-proteger-a-las-afp-y-ars\/"},"modified":"2026-09-04T18:00:38","modified_gmt":"2026-09-04T18:00:38","slug":"oposicion-responsabiliza-al-gobierno-de-frenar-modificacion-a-la-seguridad-social-para-proteger-a-las-afp-y-ars","status":"publish","type":"post","link":"https:\/\/acronoticias.com\/index.php\/2026\/09\/04\/oposicion-responsabiliza-al-gobierno-de-frenar-modificacion-a-la-seguridad-social-para-proteger-a-las-afp-y-ars\/","title":{"rendered":"Oposici\u00f3n responsabiliza al Gobierno de frenar modificaci\u00f3n a la Seguridad Social para proteger a las AFP y ARS"},"content":{"rendered":"<p><img loading=\"lazy\" decoding=\"async\" width=\"355\" height=\"200\" src=\"https:\/\/nuevodiario-assets.s3.us-east-2.amazonaws.com\/wp-content\/uploads\/2026\/07\/Rafael-Castillo-1-355x200.jpeg\" class=\"webfeedsFeaturedVisual wp-post-image\" alt=\"\" style=\"display: block;margin-bottom: 5px;clear:both;max-width: 100%\" \/><\/p>\n<p>EL NUEVO DIARIO, SANTO DOMINGO.- Diputados de partidos de oposici\u00f3n responsabilizaron al Gobierno del presidente Luis Abinader, de frenar la modificaci\u00f3n de la Ley 87-01, que crea el Sistema Dominicano de Seguridad Social, para evitar tocar los intereses econ\u00f3micos de las Administradoras de Fondos de Pensiones (AFP) y las Administradoras de Riesgos de Salud (ARS).<\/p>\n<p>Los legisladores opositores cuestionaron que, pese a los reclamos de distintos sectores y la promesa del mandatario para introducir cambios al sistema, la reforma integral de la legislaci\u00f3n contin\u00fae pendiente y sin una definici\u00f3n clara sobre cu\u00e1ndo ser\u00e1 sometida y retomada su discusi\u00f3n en el Congreso Nacional.<\/p>\n<p>Los diputados subrayaron que el retraso responde a la falta de voluntad pol\u00edtica para modificar aspectos que favorecen a las AFP y las ARS y les permiten manejar importantes recursos econ\u00f3micos provenientes de los trabajadores y afiliados al sistema.<\/p>\n<p>El presidente tanto de la Comisi\u00f3n Permanente de Seguridad Social en la C\u00e1mara de Diputados como la bicameral, Rafael Castillo, reclam\u00f3 al Poder Ejecutivo dar se\u00f1ales sobre la prometida modificaci\u00f3n integral de la Ley 87-01, advirtiendo que han transcurrido alrededor de dos a\u00f1os desde que el presidente Abinader asumi\u00f3 el compromiso de impulsar esa reforma.<\/p>\n<p>El legislador explic\u00f3 que actualmente existen dos espacios de discusi\u00f3n relacionados con el sistema de seguridad social: la comisi\u00f3n permanente que trabaja iniciativas vinculadas al sector, aunque no directamente con la modificaci\u00f3n de la Ley 87-01, y la comisi\u00f3n bicameral creada para estudiar la reforma integral.<\/p>\n<p><a href=\"https:\/\/nuevodiario-assets.s3.us-east-2.amazonaws.com\/wp-content\/uploads\/2026\/09\/Rafael-Castillo-1.mp4\">Rafael Castillo<\/a><\/p>\n<p>Sin embargo, precis\u00f3 que la comisi\u00f3n bicameral lleva aproximadamente seis meses sin reunirse, debido a que muchos de los temas que deber\u00edan ser abordados ya fueron incluidos en el informe elaborado por la comisi\u00f3n bicameral anterior.<\/p>\n<p>Castillo se\u00f1al\u00f3 que esta reforma al sistema de pensiones debe revisar la tasa de reemplazo, actualmente proyectada entre 25 % y 27 % del salario, por considerarla insuficiente para garantizar una vejez digna. El legislador plante\u00f3 discutir aspectos como el monto de las cotizaciones, la inclusi\u00f3n de los trabajadores informales y la edad hasta la que se debe cotizar.<\/p>\n<p>En materia de salud, pidi\u00f3 garantizar la cobertura del seguro m\u00e9dico para los pensionados y cuestion\u00f3 que las ARS mantengan la cobertura mientras el trabajador est\u00e1 activo, pero que enfermedades graves o catastr\u00f3ficas terminen siendo asumidas por el Estado.<\/p>\n<p>Asimismo, plante\u00f3 modificar los requisitos para acceder a una pensi\u00f3n, permitiendo que trabajadores con menos cotizaciones puedan recibir un beneficio, aunque sea inferior a la pensi\u00f3n m\u00ednima.<\/p>\n<p>En tanto, el diputado Alcib\u00edades Tav\u00e1rez, responsabiliz\u00f3 directamente al Gobierno del estancamiento de la no actualizaci\u00f3n de la legislaci\u00f3n vigente, cuestionando que iniciativas como el denominado plan anticrisis hayan sido aprobadas con rapidez, mientras la reforma de la Seguridad Social permanece pendiente pese a la mayor\u00eda que tiene el oficialismo en el Congreso Nacional.<\/p>\n<p>Para Tav\u00e1rez la demora responde a los intereses econ\u00f3micos de las AFP y las ARS, sectores que, seg\u00fan afirm\u00f3, el Gobierno evita afectar.<\/p>\n<p>\u201cEste gobierno es de los popis, que no los toca ni con el p\u00e9talo de una rosa porque este Gobierno pertenece a la casta empresarial\u201d, sostuvo Tav\u00e1rez.<\/p>\n<p><a href=\"https:\/\/nuevodiario-assets.s3.us-east-2.amazonaws.com\/wp-content\/uploads\/2026\/09\/Alcibiades-Tavarez.mp4\">Alcib\u00edades Tav\u00e1rez<\/a><\/p>\n<p>El diputado afirm\u00f3 que la reforma debe producir cambios sustanciales que garanticen mayores beneficios para los trabajadores y cuestion\u00f3 las ganancias obtenidas por las AFP, se\u00f1alando que estas superaron los RD$6,000 millones durante el a\u00f1o pasado.<\/p>\n<p>Desde el oficialista Partido Revolucionario Moderno (PRM) el diputado Ram\u00f3n Bueno, expres\u00f3 preocupaci\u00f3n ante la demora del Gobierno en remitir el proyecto a la sede legislativa.<\/p>\n<p>Bueno explic\u00f3 que se hace necesario que el Poder Ejecutivo env\u00ede su propuesta al Congreso para iniciar formalmente el proceso de an\u00e1lisis y construcci\u00f3n de consensos con trabajadores, empresarios y sindicatos.<\/p>\n<p>En ese sentido, el legislador llam\u00f3 a sus colegas diputados a mantenerse atentos y colaborar para que la reforma pueda ser discutida de manera amplia, al tiempo que destac\u00f3 que existe disposici\u00f3n de los sectores sindicales para alcanzar un acuerdo sobre un proyecto que responda a las necesidades de los trabajadores y sea conocido por toda la sociedad.<\/p>\n<p>\u201cYa se est\u00e1 haciendo preocupante que el Gobierno no mande\u201d el proyecto, sostuvo Bueno, quien insisti\u00f3 en que corresponde al Ejecutivo remitir la iniciativa para que el Congreso pueda comenzar a trabajarla y consensuarla con los distintos sectores involucrados.<\/p>\n<p><a href=\"https:\/\/nuevodiario-assets.s3.us-east-2.amazonaws.com\/wp-content\/uploads\/2026\/09\/Ramon-Bueno.mp4\">Ram\u00f3n Bueno<\/a><\/p>\n<p>El diputado afirm\u00f3 que el objetivo debe ser lograr una reforma que garantice derechos y permita introducir las transformaciones necesarias al sistema de Seguridad Social.<\/p>\n<p>La reforma de la Seguridad Social aunque a\u00fan no ha sido sometida figura entre los temas prioritarios de discusi\u00f3n en el Congreso Nacional, donde legisladores de distintas bancadas han planteado la necesidad de revisar la legislaci\u00f3n vigente para adecuarla a las nuevas necesidades de los trabajadores y garantizar una mayor protecci\u00f3n social.<\/p>\n<p>La entrada <a href=\"https:\/\/elnuevodiario.com.do\/oposicion-responsabiliza-al-gobierno-de-frenar-modificacion-a-la-seguridad-social-para-proteger-a-las-afp-y-ars\/\">Oposici\u00f3n responsabiliza al Gobierno de frenar modificaci\u00f3n a la Seguridad Social para proteger a las AFP y ARS<\/a> se public\u00f3 primero en <a href=\"https:\/\/elnuevodiario.com.do\">El Nuevo Diario (Rep\u00fablica Dominicana)<\/a>.<\/p>\n","protected":false},"excerpt":{"rendered":"EL NUEVO DIARIO, SANTO DOMINGO.- Diputados de partidos de oposici\u00f3n responsabilizaron al&hellip;\n","protected":false},"author":1,"featured_media":67365,"comment_status":"open","ping_status":"open","sticky":false,"template":"","format":"standard","meta":{"footnotes":""},"categories":[1],"tags":[],"class_list":["post-67364","post","type-post","status-publish","format-standard","has-post-thumbnail","category-nacionales"],"_links":{"self":[{"href":"https:\/\/acronoticias.com\/index.php\/wp-json\/wp\/v2\/posts\/67364","targetHints":{"allow":["GET"]}}],"collection":[{"href":"https:\/\/acronoticias.com\/index.php\/wp-json\/wp\/v2\/posts"}],"about":[{"href":"https:\/\/acronoticias.com\/index.php\/wp-json\/wp\/v2\/types\/post"}],"author":[{"embeddable":true,"href":"https:\/\/acronoticias.com\/index.php\/wp-json\/wp\/v2\/users\/1"}],"replies":[{"embeddable":true,"href":"https:\/\/acronoticias.com\/index.php\/wp-json\/wp\/v2\/comments?post=67364"}],"version-history":[{"count":0,"href":"https:\/\/acronoticias.com\/index.php\/wp-json\/wp\/v2\/posts\/67364\/revisions"}],"wp:featuredmedia":[{"embeddable":true,"href":"https:\/\/acronoticias.com\/index.php\/wp-json\/wp\/v2\/media\/67365"}],"wp:attachment":[{"href":"https:\/\/acronoticias.com\/index.php\/wp-json\/wp\/v2\/media?parent=67364"}],"wp:term":[{"taxonomy":"category","embeddable":true,"href":"https:\/\/acronoticias.com\/index.php\/wp-json\/wp\/v2\/categories?post=67364"},{"taxonomy":"post_tag","embeddable":true,"href":"https:\/\/acronoticias.com\/index.php\/wp-json\/wp\/v2\/tags?post=67364"}],"curies":[{"name":"wp","href":"https:\/\/api.w.org\/{rel}","templated":true}]}}