{"id":67362,"date":"2026-09-04T17:44:34","date_gmt":"2026-09-04T17:44:34","guid":{"rendered":"https:\/\/acronoticias.com\/index.php\/2026\/09\/04\/historiadores-destacan-valor-del-libro-despues-de-trujillo-un-lustro-convulso\/"},"modified":"2026-09-04T17:44:34","modified_gmt":"2026-09-04T17:44:34","slug":"historiadores-destacan-valor-del-libro-despues-de-trujillo-un-lustro-convulso","status":"publish","type":"post","link":"https:\/\/acronoticias.com\/index.php\/2026\/09\/04\/historiadores-destacan-valor-del-libro-despues-de-trujillo-un-lustro-convulso\/","title":{"rendered":"Historiadores destacan valor del libro \u00abDespu\u00e9s de Trujillo. Un lustro convulso\u00bb"},"content":{"rendered":"<p><img decoding=\"async\" width=\"355\" height=\"200\" src=\"https:\/\/nuevodiario-assets.s3.us-east-2.amazonaws.com\/wp-content\/uploads\/2026\/09\/Historiadores-destacan-valor-del-libro-Despues-de-Trujillo.-Un-lustro-convulso-3-355x200.jpeg\" class=\"webfeedsFeaturedVisual wp-post-image\" alt=\"\" style=\"display: block;margin-bottom: 5px;clear:both;max-width: 100%\" loading=\"lazy\" \/><\/p>\n<p>EL NUEVO DIARIO, SANTO DOMINGO.- Tres historiadores ponderaron el libro \u201cDespu\u00e9s de Trujillo. Un lustro convulso 1961-1966\u201d, y reconocieron que la forma y estructura de esta obra permite al lector adentrarse con facilidad \u201cen la vor\u00e1gine de esos tiempos dif\u00edciles\u201d.<\/p>\n<p>La obra, escrita por el doctor Antoliano Peralta Romero, actual ministro de Justicia, presentada este jueves, aborda los acontecimientos ocurridos entre el ajusticiamiento del dictador Rafael Le\u00f3nidas Trujillo, el 30 de mayo de 1961, y las elecciones de 1966, per\u00edodo en el que el pa\u00eds experiment\u00f3 profundas transformaciones pol\u00edticas y sociales.<\/p>\n<p>El autor recorre acontecimientos, las causas que pusieron fin a la dictadura de m\u00e1s de tres d\u00e9cadas, la transici\u00f3n pol\u00edtica, el gobierno de Juan Bosch, el golpe de Estado de 1963, el Triunvirato, la Revoluci\u00f3n de Abril de 1965, la intervenci\u00f3n militar estadounidense y las elecciones de 1966, en las que result\u00f3 electo Joaqu\u00edn Balaguer.<\/p>\n<p>En la presentaci\u00f3n intervinieron Juan Daniel Balcacer, pasado presidente de la Academia de la Historia, autor del pr\u00f3logo; el historiador y periodista Miguel Guerrero, quien tuvo a su cargo el discurso de ponderaci\u00f3n; Miguel Reyes S\u00e1nchez, presidente de la Academia, y el director de la Biblioteca Nacional, Rafael Peralta Romero.<\/p>\n<p>De acuerdo a una nota de prensa, Guerrero consider\u00f3 que el autor del libro ha utilizado con mucho acierto la t\u00e9cnica de la cronolog\u00eda, un m\u00e9todo de la narraci\u00f3n hist\u00f3rica que permite asimilar sin grandes esfuerzos el contenido y evitar las confusiones que muchas veces resultan de la abundancia de datos.<\/p>\n<p>En opini\u00f3n de Guerrero, tambi\u00e9n miembro de n\u00famero de la Academia De la Historia, el libro del doctor Peralta ayuda a entender los graves acontecimientos que conmovieron la vida nacional en tan corto lapso y cuya comprensi\u00f3n es fundamental para entender cuanto ha sucedido despu\u00e9s.<\/p>\n<p>El presentador elogi\u00f3 que el libro de Peralta Romero incluye tambi\u00e9n el testimonio amplio de cinco personalidades que jugaron roles importantes en ese lustro convulso al que se refiere el autor. Son ellos: Bonaparte Gautreaux Pi\u00f1eyro, Rafael Chaljub Mej\u00eda, Rafael Gamundi Cordero, Milagros Ortiz Bosch y Rafael (Fafa) Taveras.<\/p>\n<p>El doctor Miguel Reyes S\u00e1nchez salud\u00f3 la publicaci\u00f3n en nombre de la Academia Dominicana de la Historia y manifest\u00f3 que \u201cPor eso saludamos la aparici\u00f3n de esta obra, bien escrita y documentada, que incorpora una nueva mirada de esos episodios claves de nuestra historia\u201d.<\/p>\n<p>De su lado, Juan Daniel Balc\u00e1cer opin\u00f3 de la publicaci\u00f3n que \u201cSe trata de una magn\u00edfica reconstrucci\u00f3n de acontecimientos claves, generalmente preteridos, que pertenecen al g\u00e9nero que el historiador espa\u00f1ol Julio Ar\u00f3stegui denomin\u00f3 historia del tiempo presente, tambi\u00e9n historia vivida o coet\u00e1nea\u201d.<\/p>\n<p>Bas\u00f3 esa opini\u00f3n en que la obra est\u00e1 compuesta por un conjunto de episodios vividos al menos por tres generaciones interconectadas durante los \u00faltimos 80 a\u00f1os de determinado conglomerado social.<\/p>\n<p>Destac\u00f3 que Peralta Romero aporta otra novedad documental y es \u201cel inapreciable testimonio, escasamente conocido, de Victoria Amiama Ti\u00f3\u201d, hermana de Luis Amiama Ti\u00f3, quien fuera uno de los protagonistas de la conjura del 30 de mayo, que termin\u00f3 con la vida de Trujillo.<\/p>\n<p>Juzg\u00f3 importantes las revelaciones de la se\u00f1ora Amiama, que se publican por primera vez, porque en ellas se narran las penurias padecidas por las mujeres y otros familiares de los conjurados \u201cque fueron aherrojados\u201d, primero en las c\u00e1rceles del 9 y de La 40 y despu\u00e9s en una casa campestre en las afueras de la ciudad.<\/p>\n<p>Asimismo, Balc\u00e1cer destac\u00f3 que con el libro de Antoliano Peralta, los investigadores sociales dispondr\u00e1n de una gu\u00eda que les permitir\u00e1 adentrarse en el an\u00e1lisis de los hechos ocurridos en el per\u00edodo llamado con propiedad \u201cun lustro convulso\u201d.<\/p>\n<h3 id=\"sobre-el-autor\">Sobre el autor<\/h3>\n<p>Antoliano Peralta Romero naci\u00f3 en Miches, provincia El Seibo. Es abogado y escritor, con m\u00e1s de cuatro d\u00e9cadas de ejercicio profesional. Entre 2020 y enero de 2026 se desempe\u00f1\u00f3 como consultor jur\u00eddico del Poder Ejecutivo. Actualmente ocupa el cargo de ministro de Justicia de la Rep\u00fablica Dominicana.<\/p>\n<p>Como autor, ha publicado diversas obras de car\u00e1cter jur\u00eddico, entre ellas \u201cReformas a la Constituci\u00f3n Pol\u00edtica Dominicana, 1994-2002-2010-2015-2024\u201d, escrita junto a Rafael Peralta Romero, y \u201cPrecisiones jur\u00eddicas y otros temas\u201d, cuya segunda edici\u00f3n ampliada fue puesta en circulaci\u00f3n en 2024.<\/p>\n<p>Con \u201cDespu\u00e9s de Trujillo: Un lustro convulso, 1961-1966\u201d, Peralta Romero incursiona en el an\u00e1lisis hist\u00f3rico de cinco a\u00f1os decisivos para comprender el proceso de transformaci\u00f3n pol\u00edtica que condujo a la Rep\u00fablica Dominicana hacia un nuevo escenario institucional y democr\u00e1tico.<\/p>\n<p>La entrada <a href=\"https:\/\/elnuevodiario.com.do\/historiadores-destacan-valor-del-libro-despues-de-trujillo-un-lustro-convulso\/\">Historiadores destacan valor del libro \u00abDespu\u00e9s de Trujillo. Un lustro convulso\u00bb<\/a> se public\u00f3 primero en <a href=\"https:\/\/elnuevodiario.com.do\">El Nuevo Diario (Rep\u00fablica Dominicana)<\/a>.<\/p>\n","protected":false},"excerpt":{"rendered":"EL NUEVO DIARIO, SANTO DOMINGO.- Tres historiadores ponderaron el libro \u201cDespu\u00e9s de&hellip;\n","protected":false},"author":1,"featured_media":67363,"comment_status":"open","ping_status":"open","sticky":false,"template":"","format":"standard","meta":{"footnotes":""},"categories":[1],"tags":[],"class_list":["post-67362","post","type-post","status-publish","format-standard","has-post-thumbnail","category-nacionales"],"_links":{"self":[{"href":"https:\/\/acronoticias.com\/index.php\/wp-json\/wp\/v2\/posts\/67362","targetHints":{"allow":["GET"]}}],"collection":[{"href":"https:\/\/acronoticias.com\/index.php\/wp-json\/wp\/v2\/posts"}],"about":[{"href":"https:\/\/acronoticias.com\/index.php\/wp-json\/wp\/v2\/types\/post"}],"author":[{"embeddable":true,"href":"https:\/\/acronoticias.com\/index.php\/wp-json\/wp\/v2\/users\/1"}],"replies":[{"embeddable":true,"href":"https:\/\/acronoticias.com\/index.php\/wp-json\/wp\/v2\/comments?post=67362"}],"version-history":[{"count":0,"href":"https:\/\/acronoticias.com\/index.php\/wp-json\/wp\/v2\/posts\/67362\/revisions"}],"wp:featuredmedia":[{"embeddable":true,"href":"https:\/\/acronoticias.com\/index.php\/wp-json\/wp\/v2\/media\/67363"}],"wp:attachment":[{"href":"https:\/\/acronoticias.com\/index.php\/wp-json\/wp\/v2\/media?parent=67362"}],"wp:term":[{"taxonomy":"category","embeddable":true,"href":"https:\/\/acronoticias.com\/index.php\/wp-json\/wp\/v2\/categories?post=67362"},{"taxonomy":"post_tag","embeddable":true,"href":"https:\/\/acronoticias.com\/index.php\/wp-json\/wp\/v2\/tags?post=67362"}],"curies":[{"name":"wp","href":"https:\/\/api.w.org\/{rel}","templated":true}]}}