{"id":67358,"date":"2026-09-04T17:37:04","date_gmt":"2026-09-04T17:37:04","guid":{"rendered":"https:\/\/acronoticias.com\/index.php\/2026\/09\/04\/devastador-incendio-frente-a-la-uasd-las-desgarradoras-historias-de-quienes-lo-perdieron-todo\/"},"modified":"2026-09-04T17:37:04","modified_gmt":"2026-09-04T17:37:04","slug":"devastador-incendio-frente-a-la-uasd-las-desgarradoras-historias-de-quienes-lo-perdieron-todo","status":"publish","type":"post","link":"https:\/\/acronoticias.com\/index.php\/2026\/09\/04\/devastador-incendio-frente-a-la-uasd-las-desgarradoras-historias-de-quienes-lo-perdieron-todo\/","title":{"rendered":"Devastador incendio frente a la UASD: las desgarradoras historias de quienes lo perdieron todo"},"content":{"rendered":"<div>\n<div class=\"c-detail__author full\">\n<div>\n<div class=\"c-detail__author__thumb\">\n<figure>\n                                <picture src=\"https:\/\/imagenes.hoy.com.do\/files\/image_square_xs\/uploads\/2025\/11\/07\/690dd051d540e.jpeg\" data-size=\"w:40,h:40\">\n                                    <img decoding=\"async\" loading=\"lazy\" alt=\"Merilenny Mueses\" width=\"40\" height=\"40\" src=\"https:\/\/imagenes.hoy.com.do\/files\/image_square_xs\/uploads\/2025\/11\/07\/690dd051d540e.jpeg\"\/>\n                                <\/picture>\n                                <\/figure>\n<\/div>\n<\/div>\n<\/div>\n<p>                                                                                            <!-- --><\/p>\n<p class=\"paragraph\"><b>Con la ropa que ten\u00edan puesta<\/b> tuvieron que salir de sus apartamentos. Algunos ni siquiera tuvieron tiempo de ponerse bien los zapatos; otros solo alcanzaron a escapar mientras el <b>fuego<\/b> consum\u00eda sus pertenencias.<\/p>\n<p class=\"paragraph\">As\u00ed amaneci\u00f3 este viernes el edificio Luis Franco, ubicado en la avenida Correa y Cidr\u00f3n, esquina Am\u00edn Abel Hasb\u00fan, frente a la<b> Universidad Aut\u00f3noma de Santo Domingo (UASD)<\/b>, luego del incendio ocurrido durante la madrugada.<\/p>\n<figure class=\"c-detail__media \"><figcaption class=\"c-detail__media__txt\">\n<p class=\"c-detail__media__subtitle\">\n<p>        <span class=\"c-detail__media__credit \">A un negocio de fotocopias se les quem\u00f3 hasta la caja de facturas<\/span><span class=\"c-detail__media__author \">Arlenis Castillo<\/span><\/p>\n<\/figcaption><\/figure>\n<p class=\"paragraph\">Donde hasta hace unas horas hab\u00eda hogares y negocios, ahora quedan apartamentos y locales comerciales en ruinas. Para varias familias, tambi\u00e9n quedaron atr\u00e1s sus ajuares, documentos y todo aquello que hab\u00edan acumulado durante a\u00f1os.<\/p>\n<p class=\"paragraph\"><b>Wilfredo Caraballo<\/b> vive en el tercer nivel junto a su esposa. Recuerda el momento en que el fuego interrumpi\u00f3 la madrugada y asegura que el susto fue tan grande que tuvo que recibir asistencia m\u00e9dica<\/p>\n<figure class=\"c-detail__media \"><figcaption class=\"c-detail__media__txt\">\n<p class=\"c-detail__media__subtitle\">\n<p>        <span class=\"c-detail__media__credit \">Wilfredo Caraballo solo le qued\u00f3 con la ropa que ten\u00eda puesta<\/span><span class=\"c-detail__media__author \">Arlenis Castillo<\/span><\/p>\n<\/figcaption><\/figure>\n<p class=\"paragraph\">\u201cA m\u00ed me dio un <b>p\u00e1nico<\/b> tan grande que el 911 tuvo que medirme la presi\u00f3n, que eso de las 5:00 de la ma\u00f1ana. Estaba desesperado\u201d, relat\u00f3.<\/p>\n<p class=\"paragraph\">\u201cMe levant\u00e9 a hacer pip\u00ed como a la 1:20, despu\u00e9s o\u00ed que dijeron: <b>fuego, fuego<\/b>\u201d, cont\u00f3 Caraballo.<\/p>\n<p class=\"paragraph\">La desesperaci\u00f3n por salir de las llamas fue tal que, seg\u00fan relat\u00f3, su esposa se puso el pantal\u00f3n al rev\u00e9s mientras intentaba escapar.<\/p>\n<p class=\"paragraph\">Cuando habla de lo que le qued\u00f3 despu\u00e9s del incendio, Caraballo se se\u00f1ala la ropa que lleva puesta.<\/p>\n<figure class=\"c-detail__media \"><figcaption class=\"c-detail__media__txt\">\n<p class=\"c-detail__media__subtitle\">\n<p>        <span class=\"c-detail__media__credit \">La mitad del edificio frente a la UASD qued\u00f3 en ruinas tras devastador incendio<\/span><span class=\"c-detail__media__author \">Arlenis Castillo<\/span><\/p>\n<\/figcaption><\/figure>\n<p class=\"paragraph\">\u201cA m\u00ed personalmente me qued\u00f3 esto\u201d, dijo. \u201cNo me qued\u00f3 nada\u201d, a\u00f1adi\u00f3.<\/p>\n<p class=\"paragraph\"><b>Un edificio de m\u00e1s de cinco d\u00e9cadas<\/b><\/p>\n<p class=\"paragraph\">El edificio tiene una estructura de <b>1973<\/b> y, seg\u00fan explic\u00f3 Guillermo L\u00f3pez, el bloque de la parte afectada albergaba al menos 12 apartamentos y ocho locales comerciales.<\/p>\n<div class=\"c-detail__box \">\n<article class=\"c-detail__sumario \">\n<figure class=\"c-detail__sumario__thumb\" style=\"display: block;\">\n            <a href=\"#\" title=\"\">\n                <picture data-size=\"w:140,h:140\" loading=\"lazy\" src=\"https:\/\/imagenes.hoy.com.do\/files\/related_image\/files\/fp\/uploads\/2026\/09\/04\/6a9abfa8a6e5f.r_d.740-708.jpeg\" data-full-src=\"https:\/\/imagenes.hoy.com.do\/uploads\/2026\/09\/04\/6a9abfa8a6e5f.jpeg\">\n                    <img loading=\"lazy\" decoding=\"async\" width=\"140\" height=\"140\" alt=\"Incendio frente a la UASD\" src=\"https:\/\/imagenes.hoy.com.do\/uploads\/2026\/09\/04\/6a9abfa8a6e5f.jpeg\"\/>\n                <\/picture>\n            <\/a><br \/>\n        <\/figure>\n<\/article>\n<\/div>\n<p class=\"paragraph\">L\u00f3pez tiene 32 a\u00f1os viviendo en el lugar. Durante ese tiempo, cuenta que, seg\u00fan recuerda, el mantenimiento de la estructura se limit\u00f3 principalmente a trabajos de pintura.<\/p>\n<p class=\"paragraph\">Ahora, entre las paredes afectadas por el fuego, tambi\u00e9n se cuentan las p\u00e9rdidas de los negocios que funcionaban all\u00ed.<\/p>\n<figure class=\"c-detail__media \"><figcaption class=\"c-detail__media__txt\">\n<p class=\"c-detail__media__subtitle\">\n<p>        <span class=\"c-detail__media__credit \">Edificio Luis Franco en ruinas<\/span><span class=\"c-detail__media__author \">Arlenis Castillo<\/span><\/p>\n<\/figcaption><\/figure>\n<p class=\"paragraph\">Uno de ellos es la Librer\u00eda El Solazo, donde las p\u00e9rdidas de mercanc\u00eda superar\u00edan los 200 mil pesos.<\/p>\n<p class=\"paragraph\">Tambi\u00e9n resultaron afectados negocios de fotocopias y cafeter\u00edas.<\/p>\n<p class=\"paragraph\">En medio de las ruinas, una camioneta de mudanza estaba instalada en el lugar. Una de las cafeter\u00edas que se quem\u00f3 trasladaba all\u00ed lo poco que hab\u00eda quedado entre las cenizas.<\/p>\n<p class=\"paragraph\"><b>\u201cHay p\u00e9rdidas nada m\u00e1s millonarias\u201d<\/b><\/p>\n<p class=\"paragraph\">Johnny Estrella tiene 18 a\u00f1os en el lugar. Su negocio no result\u00f3 afectado con tantas p\u00e9rdidas, pero este viernes estaba ayudando a sus compa\u00f1eros a sacar lo poco que qued\u00f3 de sus establecimientos.<\/p>\n<div class=\"c-detail__box \">\n<article class=\"c-detail__sumario \">\n<figure class=\"c-detail__sumario__thumb\" style=\"display: block;\">\n            <a href=\"#\" title=\"\">\n                <picture data-size=\"w:140,h:140\" loading=\"lazy\" src=\"https:\/\/imagenes.hoy.com.do\/files\/related_image\/uploads\/2026\/09\/04\/6a9a9ca56be94.jpeg\" data-full-src=\"https:\/\/imagenes.hoy.com.do\/uploads\/2026\/09\/04\/6a9a9ca56be94.jpeg\">\n                    <img loading=\"lazy\" decoding=\"async\" width=\"140\" height=\"140\" alt=\"Incendio consume edificio frente a la UASD y deja a decenas de familias en la calle\" src=\"https:\/\/imagenes.hoy.com.do\/uploads\/2026\/09\/04\/6a9a9ca56be94.jpeg\"\/>\n                <\/picture>\n            <\/a><br \/>\n        <\/figure>\n<\/article>\n<\/div>\n<figure class=\"c-detail__media \"><figcaption class=\"c-detail__media__txt\">\n<p class=\"c-detail__media__subtitle\">\n<p>        <span class=\"c-detail__media__credit \">Cafeter\u00eda qued\u00f3 en ruinas tras devastador incendio frente a la UASD<\/span><span class=\"c-detail__media__author \">Arlenis Castillo<\/span><\/p>\n<\/figcaption><\/figure>\n<p class=\"paragraph\">\u201cGracias a Dios no hay vidas humanas que fallecieron, <b>hay p\u00e9rdidas nada m\u00e1s millonarias\u201d<\/b>, indic\u00f3 Estrella.<\/p>\n<p class=\"paragraph\">Dijo que al menos cinco locales tuvieron p\u00e9rdidas, adem\u00e1s de los inquilinos.<\/p>\n<p class=\"paragraph\">Los afectados que intentan dimensionar lo que perdieron hacen un llamado a las autoridades y piden que se tenga consideraci\u00f3n con los propietarios de los locales que registraron p\u00e9rdidas millonarias y con las personas que perdieron sus ajuares.<\/p>\n<\/p><\/div>\n","protected":false},"excerpt":{"rendered":"Con la ropa que ten\u00edan puesta tuvieron que salir de sus apartamentos.&hellip;\n","protected":false},"author":1,"featured_media":67359,"comment_status":"open","ping_status":"open","sticky":false,"template":"","format":"standard","meta":{"footnotes":""},"categories":[3],"tags":[],"class_list":["post-67358","post","type-post","status-publish","format-standard","has-post-thumbnail","category-internacionales"],"_links":{"self":[{"href":"https:\/\/acronoticias.com\/index.php\/wp-json\/wp\/v2\/posts\/67358","targetHints":{"allow":["GET"]}}],"collection":[{"href":"https:\/\/acronoticias.com\/index.php\/wp-json\/wp\/v2\/posts"}],"about":[{"href":"https:\/\/acronoticias.com\/index.php\/wp-json\/wp\/v2\/types\/post"}],"author":[{"embeddable":true,"href":"https:\/\/acronoticias.com\/index.php\/wp-json\/wp\/v2\/users\/1"}],"replies":[{"embeddable":true,"href":"https:\/\/acronoticias.com\/index.php\/wp-json\/wp\/v2\/comments?post=67358"}],"version-history":[{"count":0,"href":"https:\/\/acronoticias.com\/index.php\/wp-json\/wp\/v2\/posts\/67358\/revisions"}],"wp:featuredmedia":[{"embeddable":true,"href":"https:\/\/acronoticias.com\/index.php\/wp-json\/wp\/v2\/media\/67359"}],"wp:attachment":[{"href":"https:\/\/acronoticias.com\/index.php\/wp-json\/wp\/v2\/media?parent=67358"}],"wp:term":[{"taxonomy":"category","embeddable":true,"href":"https:\/\/acronoticias.com\/index.php\/wp-json\/wp\/v2\/categories?post=67358"},{"taxonomy":"post_tag","embeddable":true,"href":"https:\/\/acronoticias.com\/index.php\/wp-json\/wp\/v2\/tags?post=67358"}],"curies":[{"name":"wp","href":"https:\/\/api.w.org\/{rel}","templated":true}]}}